{"id":34,"date":"2023-12-21T16:13:19","date_gmt":"2023-12-21T16:13:19","guid":{"rendered":"https:\/\/cestysemtam.cz\/?p=34"},"modified":"2025-07-19T13:39:17","modified_gmt":"2025-07-19T12:39:17","slug":"nevsedni-praha-kulturni-zazitky-od-strahovskeho-klastera-po-armadni-muzeum","status":"publish","type":"post","link":"https:\/\/cestysemtam.cz\/en\/cesko\/nevsedni-praha-kulturni-zazitky-od-strahovskeho-klastera-po-armadni-muzeum\/","title":{"rendered":"Unusual Prague: cultural experiences from Strahov Monastery to the Army Museum"},"content":{"rendered":"<p>Are you planning to visit Prague while also relaxing and discovering something new? Then dive into the tips below, which will reveal both traditional and hidden gems of Prague.<\/p>\n<p>&nbsp;<\/p>\n<h4>Strahov Monastery<\/h4>\n<p>One of Prague's famous treasures is undoubtedly <a href=\"https:\/\/www.strahovskyklaster.cz\/en\" target=\"_blank\" rel=\"noopener\">Strahov Monastery<\/a>. This unique complex, founded in the 12th century, is one of the oldest still-existing Premonstratensian monasteries in the world. We visited it during the winter season to avoid the largest crowds of tourists that come here every year.<\/p>\n<p>Address: Strahovsk\u00e9 n\u00e1dvo\u0159\u00ed 132\/1, Prague<\/p>\n\n\t\t<style type=\"text\/css\">\n\t\t\t#gallery-1 {\n\t\t\t\tmargin: auto;\n\t\t\t}\n\t\t\t#gallery-1 .gallery-item {\n\t\t\t\tfloat: left;\n\t\t\t\tmargin-top: 10px;\n\t\t\t\ttext-align: center;\n\t\t\t\twidth: 50%;\n\t\t\t}\n\t\t\t#gallery-1 img {\n\t\t\t\tborder: 2px solid #cfcfcf;\n\t\t\t}\n\t\t\t#gallery-1 .gallery-caption {\n\t\t\t\tmargin-left: 0;\n\t\t\t}\n\t\t\t\/* see gallery_shortcode() in wp-includes\/media.php *\/\n\t\t<\/style>\n\t\t<div id='gallery-1' class='gallery galleryid-34 gallery-columns-2 gallery-size-large'><dl class='gallery-item'>\n\t\t\t<dt class='gallery-icon landscape'>\n\t\t\t\t<a href='https:\/\/cestysemtam.cz\/wp-content\/uploads\/2023\/12\/01_Strahovsky_klaster_cely_PB.jpg'><img loading=\"lazy\" decoding=\"async\" width=\"1024\" height=\"720\" src=\"https:\/\/cestysemtam.cz\/wp-content\/uploads\/2023\/12\/01_Strahovsky_klaster_cely_PB-1024x720.jpg\" class=\"attachment-large size-large\" alt=\"\" aria-describedby=\"gallery-1-6230\" srcset=\"https:\/\/cestysemtam.cz\/wp-content\/uploads\/2023\/12\/01_Strahovsky_klaster_cely_PB-980x689.jpg 980w, https:\/\/cestysemtam.cz\/wp-content\/uploads\/2023\/12\/01_Strahovsky_klaster_cely_PB-480x337.jpg 480w\" sizes=\"(min-width: 0px) and (max-width: 480px) 480px, (min-width: 481px) and (max-width: 980px) 980px, (min-width: 981px) 1024px, 100vw\" \/><\/a>\n\t\t\t<\/dt>\n\t\t\t\t<dd class='wp-caption-text gallery-caption' id='gallery-1-6230'>\n\t\t\t\tStrahov Monastery\n\t\t\t\t<\/dd><\/dl><dl class='gallery-item'>\n\t\t\t<dt class='gallery-icon landscape'>\n\t\t\t\t<a href='https:\/\/cestysemtam.cz\/wp-content\/uploads\/2023\/12\/02_Kostel_svateho_Rocha.jpg'><img loading=\"lazy\" decoding=\"async\" width=\"1024\" height=\"720\" src=\"https:\/\/cestysemtam.cz\/wp-content\/uploads\/2023\/12\/02_Kostel_svateho_Rocha-1024x720.jpg\" class=\"attachment-large size-large\" alt=\"\" aria-describedby=\"gallery-1-6231\" srcset=\"https:\/\/cestysemtam.cz\/wp-content\/uploads\/2023\/12\/02_Kostel_svateho_Rocha-980x689.jpg 980w, https:\/\/cestysemtam.cz\/wp-content\/uploads\/2023\/12\/02_Kostel_svateho_Rocha-480x338.jpg 480w\" sizes=\"(min-width: 0px) and (max-width: 480px) 480px, (min-width: 481px) and (max-width: 980px) 980px, (min-width: 981px) 1024px, 100vw\" \/><\/a>\n\t\t\t<\/dt>\n\t\t\t\t<dd class='wp-caption-text gallery-caption' id='gallery-1-6231'>\n\t\t\t\tChurch of St. Roch\n\t\t\t\t<\/dd><\/dl><br style=\"clear: both\" \/>\n\t\t<\/div>\n\n<p>&nbsp;<\/p>\n<h5>Our tip:<\/h5>\n<p>At the newly opened ticket office in the Church of Saint Roch, we bought a <strong>combined ticket<\/strong> that includes not only the monastery library but also the convent building with an art gallery, featuring a selection from an impressive collection of the finest works from the Middle Ages to the present day.<\/p>\n\n\t\t<style type=\"text\/css\">\n\t\t\t#gallery-2 {\n\t\t\t\tmargin: auto;\n\t\t\t}\n\t\t\t#gallery-2 .gallery-item {\n\t\t\t\tfloat: left;\n\t\t\t\tmargin-top: 10px;\n\t\t\t\ttext-align: center;\n\t\t\t\twidth: 100%;\n\t\t\t}\n\t\t\t#gallery-2 img {\n\t\t\t\tborder: 2px solid #cfcfcf;\n\t\t\t}\n\t\t\t#gallery-2 .gallery-caption {\n\t\t\t\tmargin-left: 0;\n\t\t\t}\n\t\t\t\/* see gallery_shortcode() in wp-includes\/media.php *\/\n\t\t<\/style>\n\t\t<div id='gallery-2' class='gallery galleryid-34 gallery-columns-1 gallery-size-large'><dl class='gallery-item'>\n\t\t\t<dt class='gallery-icon landscape'>\n\t\t\t\t<a href='https:\/\/cestysemtam.cz\/wp-content\/uploads\/2023\/12\/03_Mapka_Strahov_NET.jpg'><img loading=\"lazy\" decoding=\"async\" width=\"1024\" height=\"474\" src=\"https:\/\/cestysemtam.cz\/wp-content\/uploads\/2023\/12\/03_Mapka_Strahov_NET-1024x474.jpg\" class=\"attachment-large size-large\" alt=\"\" aria-describedby=\"gallery-2-6233\" srcset=\"https:\/\/cestysemtam.cz\/wp-content\/uploads\/2023\/12\/03_Mapka_Strahov_NET-980x454.jpg 980w, https:\/\/cestysemtam.cz\/wp-content\/uploads\/2023\/12\/03_Mapka_Strahov_NET-480x222.jpg 480w\" sizes=\"(min-width: 0px) and (max-width: 480px) 480px, (min-width: 481px) and (max-width: 980px) 980px, (min-width: 981px) 1024px, 100vw\" \/><\/a>\n\t\t\t<\/dt>\n\t\t\t\t<dd class='wp-caption-text gallery-caption' id='gallery-2-6233'>\n\t\t\t\tMap of the Strahov Monastery\n\t\t\t\t<\/dd><\/dl><br style=\"clear: both\" \/>\n\t\t<\/div>\n\n<p>The most famous spaces are located in the <strong>Strahov Library<\/strong>, where you can admire the magnificently constructed Theological Hall and Philosophical Hall. The library is 800 years old and ranks among the finest in Bohemia, partly because it escaped the dissolution of monasteries in the 18th century. And how was that possible? At that time, it was deliberately converted into a research institute, whose exhibits you can still see today as part of the Cabinet of Curiosities exhibition.<\/p>\n<p>The Baroque-style <strong>Theological Hall<\/strong> was built in the 17th century, but in the 18th century, on the occasion of the 100th anniversary of the transfer of Saint Norbert\u2019s relics to the Strahov Monastery, it was extended by several meters. The author of the exquisite frescoes was Strahov Premonstratensian monk and painter Siard Nosecky, who depicted true wisdom gained through piety and fear of God in his paintings. Another significant work is the Gothic wooden statue of Saint John the Evangelist, holding a book in a so-called <strong>sack binding<\/strong>, which was once used for travel bindings.<\/p>\n<p>Another interesting feature is the <strong>compilation wheel<\/strong>, which was made specifically for the library and used for assembling texts. The scribe would simply place the sources he was drawing from on the wheel\u2019s shelves, and as needed, he would rotate the wheel\u2014along with the shelves, which remained at the same angle\u2014thus preventing any unwanted slipping of books.<\/p>\n\n\t\t<style type=\"text\/css\">\n\t\t\t#gallery-3 {\n\t\t\t\tmargin: auto;\n\t\t\t}\n\t\t\t#gallery-3 .gallery-item {\n\t\t\t\tfloat: left;\n\t\t\t\tmargin-top: 10px;\n\t\t\t\ttext-align: center;\n\t\t\t\twidth: 50%;\n\t\t\t}\n\t\t\t#gallery-3 img {\n\t\t\t\tborder: 2px solid #cfcfcf;\n\t\t\t}\n\t\t\t#gallery-3 .gallery-caption {\n\t\t\t\tmargin-left: 0;\n\t\t\t}\n\t\t\t\/* see gallery_shortcode() in wp-includes\/media.php *\/\n\t\t<\/style>\n\t\t<div id='gallery-3' class='gallery galleryid-34 gallery-columns-2 gallery-size-large'><dl class='gallery-item'>\n\t\t\t<dt class='gallery-icon landscape'>\n\t\t\t\t<a href='https:\/\/cestysemtam.cz\/wp-content\/uploads\/2023\/12\/04_Teologicky_sal.jpg'><img loading=\"lazy\" decoding=\"async\" width=\"1024\" height=\"720\" src=\"https:\/\/cestysemtam.cz\/wp-content\/uploads\/2023\/12\/04_Teologicky_sal-1024x720.jpg\" class=\"attachment-large size-large\" alt=\"\" aria-describedby=\"gallery-3-6234\" srcset=\"https:\/\/cestysemtam.cz\/wp-content\/uploads\/2023\/12\/04_Teologicky_sal-980x689.jpg 980w, https:\/\/cestysemtam.cz\/wp-content\/uploads\/2023\/12\/04_Teologicky_sal-480x338.jpg 480w\" sizes=\"(min-width: 0px) and (max-width: 480px) 480px, (min-width: 481px) and (max-width: 980px) 980px, (min-width: 981px) 1024px, 100vw\" \/><\/a>\n\t\t\t<\/dt>\n\t\t\t\t<dd class='wp-caption-text gallery-caption' id='gallery-3-6234'>\n\t\t\t\tTheological Hall\n\t\t\t\t<\/dd><\/dl><dl class='gallery-item'>\n\t\t\t<dt class='gallery-icon landscape'>\n\t\t\t\t<a href='https:\/\/cestysemtam.cz\/wp-content\/uploads\/2023\/12\/05_Teologicky_sal.jpg'><img loading=\"lazy\" decoding=\"async\" width=\"1024\" height=\"720\" src=\"https:\/\/cestysemtam.cz\/wp-content\/uploads\/2023\/12\/05_Teologicky_sal-1024x720.jpg\" class=\"attachment-large size-large\" alt=\"\" aria-describedby=\"gallery-3-6235\" srcset=\"https:\/\/cestysemtam.cz\/wp-content\/uploads\/2023\/12\/05_Teologicky_sal-980x689.jpg 980w, https:\/\/cestysemtam.cz\/wp-content\/uploads\/2023\/12\/05_Teologicky_sal-480x338.jpg 480w\" sizes=\"(min-width: 0px) and (max-width: 480px) 480px, (min-width: 481px) and (max-width: 980px) 980px, (min-width: 981px) 1024px, 100vw\" \/><\/a>\n\t\t\t<\/dt>\n\t\t\t\t<dd class='wp-caption-text gallery-caption' id='gallery-3-6235'>\n\t\t\t\tCompilation wheel and statue of St. John the Evangelist\n\t\t\t\t<\/dd><\/dl><br style=\"clear: both\" \/>\n\t\t<\/div>\n\n<p>The grandeur of the 18th-century <strong>Philosophical Hall<\/strong> in the library is enhanced by the ceiling painting created by Viennese painter Anton Maulbertsch. The painting, titled The Spiritual Development of Humanity, depicts the mutual influence of science and religion throughout the ages. It is also worth noting that the highest rows of books are accessible only from the gallery, reached by hidden spiral staircases disguised as false book spines.<\/p>\n<p>&nbsp;<\/p>\n<h5>Our tip:<\/h5>\n<p>Ask your guide if you could exceptionally go up to the gallery \u2013 the view from there is breathtaking! Normally, access upstairs is forbidden, so this is a <strong>unique opportunity<\/strong>.<\/p>\n\n\t\t<style type=\"text\/css\">\n\t\t\t#gallery-4 {\n\t\t\t\tmargin: auto;\n\t\t\t}\n\t\t\t#gallery-4 .gallery-item {\n\t\t\t\tfloat: left;\n\t\t\t\tmargin-top: 10px;\n\t\t\t\ttext-align: center;\n\t\t\t\twidth: 50%;\n\t\t\t}\n\t\t\t#gallery-4 img {\n\t\t\t\tborder: 2px solid #cfcfcf;\n\t\t\t}\n\t\t\t#gallery-4 .gallery-caption {\n\t\t\t\tmargin-left: 0;\n\t\t\t}\n\t\t\t\/* see gallery_shortcode() in wp-includes\/media.php *\/\n\t\t<\/style>\n\t\t<div id='gallery-4' class='gallery galleryid-34 gallery-columns-2 gallery-size-large'><dl class='gallery-item'>\n\t\t\t<dt class='gallery-icon landscape'>\n\t\t\t\t<a href='https:\/\/cestysemtam.cz\/wp-content\/uploads\/2023\/12\/06_Filosoficky_sal.jpg'><img loading=\"lazy\" decoding=\"async\" width=\"1024\" height=\"720\" src=\"https:\/\/cestysemtam.cz\/wp-content\/uploads\/2023\/12\/06_Filosoficky_sal-1024x720.jpg\" class=\"attachment-large size-large\" alt=\"\" aria-describedby=\"gallery-4-6236\" srcset=\"https:\/\/cestysemtam.cz\/wp-content\/uploads\/2023\/12\/06_Filosoficky_sal-980x689.jpg 980w, https:\/\/cestysemtam.cz\/wp-content\/uploads\/2023\/12\/06_Filosoficky_sal-480x338.jpg 480w\" sizes=\"(min-width: 0px) and (max-width: 480px) 480px, (min-width: 481px) and (max-width: 980px) 980px, (min-width: 981px) 1024px, 100vw\" \/><\/a>\n\t\t\t<\/dt>\n\t\t\t\t<dd class='wp-caption-text gallery-caption' id='gallery-4-6236'>\n\t\t\t\tPhilosophical Hall\n\t\t\t\t<\/dd><\/dl><dl class='gallery-item'>\n\t\t\t<dt class='gallery-icon landscape'>\n\t\t\t\t<a href='https:\/\/cestysemtam.cz\/wp-content\/uploads\/2023\/12\/07_Filosoficky_sal-1.jpg'><img loading=\"lazy\" decoding=\"async\" width=\"1024\" height=\"720\" src=\"https:\/\/cestysemtam.cz\/wp-content\/uploads\/2023\/12\/07_Filosoficky_sal-1-1024x720.jpg\" class=\"attachment-large size-large\" alt=\"\" aria-describedby=\"gallery-4-6238\" srcset=\"https:\/\/cestysemtam.cz\/wp-content\/uploads\/2023\/12\/07_Filosoficky_sal-1-980x689.jpg 980w, https:\/\/cestysemtam.cz\/wp-content\/uploads\/2023\/12\/07_Filosoficky_sal-1-480x338.jpg 480w\" sizes=\"(min-width: 0px) and (max-width: 480px) 480px, (min-width: 481px) and (max-width: 980px) 980px, (min-width: 981px) 1024px, 100vw\" \/><\/a>\n\t\t\t<\/dt>\n\t\t\t\t<dd class='wp-caption-text gallery-caption' id='gallery-4-6238'>\n\t\t\t\tView from the gallery of the Philosophical Hall\n\t\t\t\t<\/dd><\/dl><br style=\"clear: both\" \/>\n\t\t<\/div>\n\n<p>The Baroque <strong>Church of the Assumption of the Virgin Mary<\/strong>, located right next to the library, was elevated to the status of a minor basilica by Pope John Paul II in 1991. This is a special honorary title that generally enhances the significance of the church. Moreover, the Austrian composer Wolfgang Amadeus Mozart played the local organ here in 1787.<\/p>\n\n\t\t<style type=\"text\/css\">\n\t\t\t#gallery-5 {\n\t\t\t\tmargin: auto;\n\t\t\t}\n\t\t\t#gallery-5 .gallery-item {\n\t\t\t\tfloat: left;\n\t\t\t\tmargin-top: 10px;\n\t\t\t\ttext-align: center;\n\t\t\t\twidth: 50%;\n\t\t\t}\n\t\t\t#gallery-5 img {\n\t\t\t\tborder: 2px solid #cfcfcf;\n\t\t\t}\n\t\t\t#gallery-5 .gallery-caption {\n\t\t\t\tmargin-left: 0;\n\t\t\t}\n\t\t\t\/* see gallery_shortcode() in wp-includes\/media.php *\/\n\t\t<\/style>\n\t\t<div id='gallery-5' class='gallery galleryid-34 gallery-columns-2 gallery-size-large'><dl class='gallery-item'>\n\t\t\t<dt class='gallery-icon portrait'>\n\t\t\t\t<a href='https:\/\/cestysemtam.cz\/wp-content\/uploads\/2023\/12\/08_Bazilika_Panny_Marie.jpg'><img loading=\"lazy\" decoding=\"async\" width=\"809\" height=\"1024\" src=\"https:\/\/cestysemtam.cz\/wp-content\/uploads\/2023\/12\/08_Bazilika_Panny_Marie-809x1024.jpg\" class=\"attachment-large size-large\" alt=\"\" aria-describedby=\"gallery-5-6239\" srcset=\"https:\/\/cestysemtam.cz\/wp-content\/uploads\/2023\/12\/08_Bazilika_Panny_Marie-809x1024.jpg 809w, https:\/\/cestysemtam.cz\/wp-content\/uploads\/2023\/12\/08_Bazilika_Panny_Marie-480x608.jpg 480w\" sizes=\"(min-width: 0px) and (max-width: 480px) 480px, (min-width: 481px) 809px, 100vw\" \/><\/a>\n\t\t\t<\/dt>\n\t\t\t\t<dd class='wp-caption-text gallery-caption' id='gallery-5-6239'>\n\t\t\t\tBasilica of the Assumption of the Virgin Mary\n\t\t\t\t<\/dd><\/dl><dl class='gallery-item'>\n\t\t\t<dt class='gallery-icon portrait'>\n\t\t\t\t<a href='https:\/\/cestysemtam.cz\/wp-content\/uploads\/2023\/12\/09_Bazilika_Panny_Marie.jpg'><img loading=\"lazy\" decoding=\"async\" width=\"809\" height=\"1024\" src=\"https:\/\/cestysemtam.cz\/wp-content\/uploads\/2023\/12\/09_Bazilika_Panny_Marie-809x1024.jpg\" class=\"attachment-large size-large\" alt=\"\" aria-describedby=\"gallery-5-6240\" srcset=\"https:\/\/cestysemtam.cz\/wp-content\/uploads\/2023\/12\/09_Bazilika_Panny_Marie-809x1024.jpg 809w, https:\/\/cestysemtam.cz\/wp-content\/uploads\/2023\/12\/09_Bazilika_Panny_Marie-480x608.jpg 480w\" sizes=\"(min-width: 0px) and (max-width: 480px) 480px, (min-width: 481px) 809px, 100vw\" \/><\/a>\n\t\t\t<\/dt>\n\t\t\t\t<dd class='wp-caption-text gallery-caption' id='gallery-5-6240'>\n\t\t\t\tBasilica of the Assumption of the Virgin Mary\n\t\t\t\t<\/dd><\/dl><br style=\"clear: both\" \/>\n\t\t<\/div>\n\n<p>The charm of the convent building lies primarily in its original <strong>Romanesque cloister<\/strong>, whose walls are adorned with preserved 18th-century frescoes depicting scenes from the life of Saint Norbert, painted by Siard Noseck\u00fd.<\/p>\n\n\t\t<style type=\"text\/css\">\n\t\t\t#gallery-6 {\n\t\t\t\tmargin: auto;\n\t\t\t}\n\t\t\t#gallery-6 .gallery-item {\n\t\t\t\tfloat: left;\n\t\t\t\tmargin-top: 10px;\n\t\t\t\ttext-align: center;\n\t\t\t\twidth: 50%;\n\t\t\t}\n\t\t\t#gallery-6 img {\n\t\t\t\tborder: 2px solid #cfcfcf;\n\t\t\t}\n\t\t\t#gallery-6 .gallery-caption {\n\t\t\t\tmargin-left: 0;\n\t\t\t}\n\t\t\t\/* see gallery_shortcode() in wp-includes\/media.php *\/\n\t\t<\/style>\n\t\t<div id='gallery-6' class='gallery galleryid-34 gallery-columns-2 gallery-size-large'><dl class='gallery-item'>\n\t\t\t<dt class='gallery-icon portrait'>\n\t\t\t\t<a href='https:\/\/cestysemtam.cz\/wp-content\/uploads\/2023\/12\/10_Krizova_chodba_Strahovsky_klaster.jpg'><img loading=\"lazy\" decoding=\"async\" width=\"809\" height=\"1024\" src=\"https:\/\/cestysemtam.cz\/wp-content\/uploads\/2023\/12\/10_Krizova_chodba_Strahovsky_klaster-809x1024.jpg\" class=\"attachment-large size-large\" alt=\"\" aria-describedby=\"gallery-6-6325\" srcset=\"https:\/\/cestysemtam.cz\/wp-content\/uploads\/2023\/12\/10_Krizova_chodba_Strahovsky_klaster-809x1024.jpg 809w, https:\/\/cestysemtam.cz\/wp-content\/uploads\/2023\/12\/10_Krizova_chodba_Strahovsky_klaster-480x608.jpg 480w\" sizes=\"(min-width: 0px) and (max-width: 480px) 480px, (min-width: 481px) 809px, 100vw\" \/><\/a>\n\t\t\t<\/dt>\n\t\t\t\t<dd class='wp-caption-text gallery-caption' id='gallery-6-6325'>\n\t\t\t\tCloister in the monastery\n\t\t\t\t<\/dd><\/dl><dl class='gallery-item'>\n\t\t\t<dt class='gallery-icon portrait'>\n\t\t\t\t<a href='https:\/\/cestysemtam.cz\/wp-content\/uploads\/2023\/12\/11_Chodba_freska_Strahovsky_klaster.jpg'><img loading=\"lazy\" decoding=\"async\" width=\"807\" height=\"1021\" src=\"https:\/\/cestysemtam.cz\/wp-content\/uploads\/2023\/12\/11_Chodba_freska_Strahovsky_klaster.jpg\" class=\"attachment-large size-large\" alt=\"\" aria-describedby=\"gallery-6-6326\" srcset=\"https:\/\/cestysemtam.cz\/wp-content\/uploads\/2023\/12\/11_Chodba_freska_Strahovsky_klaster.jpg 807w, https:\/\/cestysemtam.cz\/wp-content\/uploads\/2023\/12\/11_Chodba_freska_Strahovsky_klaster-480x607.jpg 480w\" sizes=\"(min-width: 0px) and (max-width: 480px) 480px, (min-width: 481px) 807px, 100vw\" \/><\/a>\n\t\t\t<\/dt>\n\t\t\t\t<dd class='wp-caption-text gallery-caption' id='gallery-6-6326'>\n\t\t\t\tFresco from the life of St. Norbert \n\t\t\t\t<\/dd><\/dl><br style=\"clear: both\" \/>\n\t\t<\/div>\n\n<p>The cloister then surrounds a unique <strong>paradise garden<\/strong>, whose pool is supplied with water from the historic monastery pipeline.<\/p>\n\n<p>The Strahov Monastery has served as a center of education and culture for centuries. Thanks to this fact, the <strong>Strahov Picture Gallery<\/strong> now houses more than 1,500 works of art. The most valuable part of the collection is displayed in the corridors of the cloister on the first floor of the convent building. The unique paintings and brilliant sculptures transported us to the period from the 14th to the 19th century, bringing us closer to the forgotten atmosphere of bygone times.<\/p>\n\n\t\t<style type=\"text\/css\">\n\t\t\t#gallery-8 {\n\t\t\t\tmargin: auto;\n\t\t\t}\n\t\t\t#gallery-8 .gallery-item {\n\t\t\t\tfloat: left;\n\t\t\t\tmargin-top: 10px;\n\t\t\t\ttext-align: center;\n\t\t\t\twidth: 50%;\n\t\t\t}\n\t\t\t#gallery-8 img {\n\t\t\t\tborder: 2px solid #cfcfcf;\n\t\t\t}\n\t\t\t#gallery-8 .gallery-caption {\n\t\t\t\tmargin-left: 0;\n\t\t\t}\n\t\t\t\/* see gallery_shortcode() in wp-includes\/media.php *\/\n\t\t<\/style>\n\t\t<div id='gallery-8' class='gallery galleryid-34 gallery-columns-2 gallery-size-large'><dl class='gallery-item'>\n\t\t\t<dt class='gallery-icon landscape'>\n\t\t\t\t<a href='https:\/\/cestysemtam.cz\/wp-content\/uploads\/2023\/12\/14_Obrazarna_Strahov.jpg'><img loading=\"lazy\" decoding=\"async\" width=\"1024\" height=\"720\" src=\"https:\/\/cestysemtam.cz\/wp-content\/uploads\/2023\/12\/14_Obrazarna_Strahov-1024x720.jpg\" class=\"attachment-large size-large\" alt=\"\" aria-describedby=\"gallery-8-6243\" srcset=\"https:\/\/cestysemtam.cz\/wp-content\/uploads\/2023\/12\/14_Obrazarna_Strahov-980x689.jpg 980w, https:\/\/cestysemtam.cz\/wp-content\/uploads\/2023\/12\/14_Obrazarna_Strahov-480x338.jpg 480w\" sizes=\"(min-width: 0px) and (max-width: 480px) 480px, (min-width: 481px) and (max-width: 980px) 980px, (min-width: 981px) 1024px, 100vw\" \/><\/a>\n\t\t\t<\/dt>\n\t\t\t\t<dd class='wp-caption-text gallery-caption' id='gallery-8-6243'>\n\t\t\t\tPainting of St. Barbara \n\t\t\t\t<\/dd><\/dl><dl class='gallery-item'>\n\t\t\t<dt class='gallery-icon landscape'>\n\t\t\t\t<a href='https:\/\/cestysemtam.cz\/wp-content\/uploads\/2023\/12\/15_Obrazarna_Strahov.jpg'><img loading=\"lazy\" decoding=\"async\" width=\"1024\" height=\"720\" src=\"https:\/\/cestysemtam.cz\/wp-content\/uploads\/2023\/12\/15_Obrazarna_Strahov-1024x720.jpg\" class=\"attachment-large size-large\" alt=\"\" aria-describedby=\"gallery-8-6244\" srcset=\"https:\/\/cestysemtam.cz\/wp-content\/uploads\/2023\/12\/15_Obrazarna_Strahov-980x689.jpg 980w, https:\/\/cestysemtam.cz\/wp-content\/uploads\/2023\/12\/15_Obrazarna_Strahov-480x338.jpg 480w\" sizes=\"(min-width: 0px) and (max-width: 480px) 480px, (min-width: 481px) and (max-width: 980px) 980px, (min-width: 981px) 1024px, 100vw\" \/><\/a>\n\t\t\t<\/dt>\n\t\t\t\t<dd class='wp-caption-text gallery-caption' id='gallery-8-6244'>\n\t\t\t\tAltar featuring St. Wenceslas, the Virgin Mary and St. Vitus\n\t\t\t\t<\/dd><\/dl><br style=\"clear: both\" \/>\n\t\t<\/div>\n\n<p>&nbsp;<\/p>\n<h4>Army Museum \u017di\u017ekov<\/h4>\n<p>We experienced an unconventional exhibition at the\u00a0<a href=\"https:\/\/www.vhu.cz\/en\/the-army-museum-zizkov\/\" target=\"_blank\" rel=\"noopener\">Army Museum \u017di\u017ekov<\/a>, which has undergone a comprehensive reconstruction. The museum reopened at the end of 2022, and its audiovisual and interactive exhibits drew us grippingly into the military history of the Czech lands from the earliest times to the present day. It\u2019s also worth mentioning that admission to the museum is completely <strong>free of charge<\/strong>.<\/p>\n<p>For relaxation, we were then tempted by the aroma of <strong>Caf\u00e9 Kupka<\/strong>, located on the top floor, whose outdoor terrace offers a <strong>stunning<\/strong> <strong>view<\/strong> of much of Prague's historic centre and Prague Castle.<\/p>\n<p>Address: U Pam\u00e1tn\u00edku 2, Prague<\/p>\n<p>&nbsp;<\/p>\n<h5>Our tip for great accommodation:<\/h5>\n<p>We fell in love with<strong> <a href=\"https:\/\/lindnerhotels.com\/en\/hotels\/lindner-hotel-prague-castle\" target=\"_blank\" rel=\"noopener\">Lindner Hotel Prague Castle<\/a><\/strong>. The property is located near Strahov Monastery, tucked away in a quiet area behind the castle walls, yet just a short distance from the vibrant city life and its landmarks. Plus, every morning, we enjoyed a delicious breakfast buffet with a wide selection.<\/p>\n<p>After a winter walk through the city, we warmed up in the sauna, which is available 24\/7. Since we stayed during the off-season and most hotel guests didn\u2019t use the sauna, we basically had private sauna sessions whenever we wanted.<\/p>\n<p>You can also book a room at a very favourable price, especially in February when there are fewer tourists.<\/p>\n<p>Address: Strahovsk\u00e1 128, Prague<\/p>\n\n\t\t<style type=\"text\/css\">\n\t\t\t#gallery-9 {\n\t\t\t\tmargin: auto;\n\t\t\t}\n\t\t\t#gallery-9 .gallery-item {\n\t\t\t\tfloat: left;\n\t\t\t\tmargin-top: 10px;\n\t\t\t\ttext-align: center;\n\t\t\t\twidth: 50%;\n\t\t\t}\n\t\t\t#gallery-9 img {\n\t\t\t\tborder: 2px solid #cfcfcf;\n\t\t\t}\n\t\t\t#gallery-9 .gallery-caption {\n\t\t\t\tmargin-left: 0;\n\t\t\t}\n\t\t\t\/* see gallery_shortcode() in wp-includes\/media.php *\/\n\t\t<\/style>\n\t\t<div id='gallery-9' class='gallery galleryid-34 gallery-columns-2 gallery-size-large'><dl class='gallery-item'>\n\t\t\t<dt class='gallery-icon landscape'>\n\t\t\t\t<a href='https:\/\/cestysemtam.cz\/wp-content\/uploads\/2023\/12\/16_Hotel_Lindner-1.jpg'><img loading=\"lazy\" decoding=\"async\" width=\"1024\" height=\"720\" src=\"https:\/\/cestysemtam.cz\/wp-content\/uploads\/2023\/12\/16_Hotel_Lindner-1-1024x720.jpg\" class=\"attachment-large size-large\" alt=\"\" aria-describedby=\"gallery-9-6330\" srcset=\"https:\/\/cestysemtam.cz\/wp-content\/uploads\/2023\/12\/16_Hotel_Lindner-1-980x689.jpg 980w, https:\/\/cestysemtam.cz\/wp-content\/uploads\/2023\/12\/16_Hotel_Lindner-1-480x338.jpg 480w\" sizes=\"(min-width: 0px) and (max-width: 480px) 480px, (min-width: 481px) and (max-width: 980px) 980px, (min-width: 981px) 1024px, 100vw\" \/><\/a>\n\t\t\t<\/dt>\n\t\t\t\t<dd class='wp-caption-text gallery-caption' id='gallery-9-6330'>\n\t\t\t\tLindner Hotel\n\t\t\t\t<\/dd><\/dl><dl class='gallery-item'>\n\t\t\t<dt class='gallery-icon landscape'>\n\t\t\t\t<a href='https:\/\/cestysemtam.cz\/wp-content\/uploads\/2023\/12\/17_Hotel_Lindner_pokoj.jpg'><img loading=\"lazy\" decoding=\"async\" width=\"1024\" height=\"720\" src=\"https:\/\/cestysemtam.cz\/wp-content\/uploads\/2023\/12\/17_Hotel_Lindner_pokoj-1024x720.jpg\" class=\"attachment-large size-large\" alt=\"\" aria-describedby=\"gallery-9-6246\" srcset=\"https:\/\/cestysemtam.cz\/wp-content\/uploads\/2023\/12\/17_Hotel_Lindner_pokoj-980x689.jpg 980w, https:\/\/cestysemtam.cz\/wp-content\/uploads\/2023\/12\/17_Hotel_Lindner_pokoj-480x338.jpg 480w\" sizes=\"(min-width: 0px) and (max-width: 480px) 480px, (min-width: 481px) and (max-width: 980px) 980px, (min-width: 981px) 1024px, 100vw\" \/><\/a>\n\t\t\t<\/dt>\n\t\t\t\t<dd class='wp-caption-text gallery-caption' id='gallery-9-6246'>\n\t\t\t\tOur cozy hotel room\n\t\t\t\t<\/dd><\/dl><br style=\"clear: both\" \/>\n\t\t<\/div>\n\n<p>&nbsp;<\/p>\n<h5>Where\u2019s a good place to eat?<\/h5>\n<p>We enjoyed dinner at our favourite <strong><a href=\"https:\/\/www.ulabuti.com\/\" target=\"_blank\" rel=\"noopener\">restaurant U Labut\u00ed<\/a><\/strong>. The friendly staff also recommended delicious beer and wine from their wide selection.<\/p>\n<p>Address: Hrad\u010dansk\u00e9 n\u00e1m\u011bst\u00ed 11, Prague<\/p>\n<p>&nbsp;<br \/>\nOn the way back to the hotel, we stopped at the <strong>viewpoint in front of Prague Castle<\/strong> and were enchanted by the sight of illuminated Prague at night.<\/p>\n<p>&nbsp;<\/p>\n<h5>Our secret tip to conclude:<\/h5>\n<p>While walking under the <strong>Charles Bridge<\/strong>, we discovered a romantic piece of art on one of the adjacent walls, hidden under the bridge arch near Sask\u00e1 Street.<\/p>\n\n\t\t<style type=\"text\/css\">\n\t\t\t#gallery-10 {\n\t\t\t\tmargin: auto;\n\t\t\t}\n\t\t\t#gallery-10 .gallery-item {\n\t\t\t\tfloat: left;\n\t\t\t\tmargin-top: 10px;\n\t\t\t\ttext-align: center;\n\t\t\t\twidth: 50%;\n\t\t\t}\n\t\t\t#gallery-10 img {\n\t\t\t\tborder: 2px solid #cfcfcf;\n\t\t\t}\n\t\t\t#gallery-10 .gallery-caption {\n\t\t\t\tmargin-left: 0;\n\t\t\t}\n\t\t\t\/* see gallery_shortcode() in wp-includes\/media.php *\/\n\t\t<\/style>\n\t\t<div id='gallery-10' class='gallery galleryid-34 gallery-columns-2 gallery-size-large'><dl class='gallery-item'>\n\t\t\t<dt class='gallery-icon portrait'>\n\t\t\t\t<a href='https:\/\/cestysemtam.cz\/wp-content\/uploads\/2023\/12\/18_Karluv_most_PB.jpg'><img loading=\"lazy\" decoding=\"async\" width=\"809\" height=\"1024\" src=\"https:\/\/cestysemtam.cz\/wp-content\/uploads\/2023\/12\/18_Karluv_most_PB-809x1024.jpg\" class=\"attachment-large size-large\" alt=\"\" aria-describedby=\"gallery-10-6247\" srcset=\"https:\/\/cestysemtam.cz\/wp-content\/uploads\/2023\/12\/18_Karluv_most_PB-809x1024.jpg 809w, https:\/\/cestysemtam.cz\/wp-content\/uploads\/2023\/12\/18_Karluv_most_PB-480x608.jpg 480w\" sizes=\"(min-width: 0px) and (max-width: 480px) 480px, (min-width: 481px) 809px, 100vw\" \/><\/a>\n\t\t\t<\/dt>\n\t\t\t\t<dd class='wp-caption-text gallery-caption' id='gallery-10-6247'>\n\t\t\t\tCharles Bridge\n\t\t\t\t<\/dd><\/dl><dl class='gallery-item'>\n\t\t\t<dt class='gallery-icon portrait'>\n\t\t\t\t<a href='https:\/\/cestysemtam.cz\/wp-content\/uploads\/2023\/12\/19_Pod_Karlovym_mostem.jpg'><img loading=\"lazy\" decoding=\"async\" width=\"809\" height=\"1024\" src=\"https:\/\/cestysemtam.cz\/wp-content\/uploads\/2023\/12\/19_Pod_Karlovym_mostem-809x1024.jpg\" class=\"attachment-large size-large\" alt=\"\" aria-describedby=\"gallery-10-6248\" srcset=\"https:\/\/cestysemtam.cz\/wp-content\/uploads\/2023\/12\/19_Pod_Karlovym_mostem-809x1024.jpg 809w, https:\/\/cestysemtam.cz\/wp-content\/uploads\/2023\/12\/19_Pod_Karlovym_mostem-480x608.jpg 480w\" sizes=\"(min-width: 0px) and (max-width: 480px) 480px, (min-width: 481px) 809px, 100vw\" \/><\/a>\n\t\t\t<\/dt>\n\t\t\t\t<dd class='wp-caption-text gallery-caption' id='gallery-10-6248'>\n\t\t\t\tPainting under the Charles Bridge\n\t\t\t\t<\/dd><\/dl><br style=\"clear: both\" \/>\n\t\t<\/div>","protected":false},"excerpt":{"rendered":"<p>Pl\u00e1nujete nav\u0161t\u00edvit Prahu a z\u00e1rove\u0148 si odpo\u010dinout a objevit n\u011bco nov\u00e9ho? Tak se za\u010dt\u011bte do tip\u016f n\u00ed\u017ee, kter\u00e9 V\u00e1m poodhal\u00ed tradi\u010dn\u00ed i skryt\u00e1 z\u00e1kout\u00ed Prahy. &nbsp; Strahovsk\u00fd kl\u00e1\u0161ter Jedn\u00edm ze slavn\u00fdch skvost\u016f Prahy je bezesporu Strahovsk\u00fd kl\u00e1\u0161ter. Tento unik\u00e1tn\u00ed komplex, zalo\u017een\u00fd ve 12. stolet\u00ed, pat\u0159\u00ed mezi nejstar\u0161\u00ed doposud existuj\u00edc\u00ed kl\u00e1\u0161tery premonstr\u00e1tsk\u00e9ho \u0159\u00e1du na sv\u011bt\u011b. My [&hellip;]<\/p>\n","protected":false},"author":1,"featured_media":6229,"comment_status":"open","ping_status":"open","sticky":false,"template":"","format":"standard","meta":{"_et_pb_use_builder":"off","_et_pb_old_content":"","_et_gb_content_width":"","footnotes":""},"categories":[14],"tags":[9,31],"class_list":["post-34","post","type-post","status-publish","format-standard","has-post-thumbnail","hentry","category-cesko","tag-klastery","tag-muzea"],"yoast_head":"<!-- This site is optimized with the Yoast SEO plugin v27.1.1 - https:\/\/yoast.com\/product\/yoast-seo-wordpress\/ -->\n<title>Nev\u0161edn\u00ed Praha: kulturn\u00ed z\u00e1\u017eitky od Strahovsk\u00e9ho kl\u00e1\u0161tera po Arm\u00e1dn\u00ed muzeum - Cesty Sem Tam<\/title>\n<meta name=\"robots\" content=\"index, follow, max-snippet:-1, max-image-preview:large, max-video-preview:-1\" \/>\n<link rel=\"canonical\" href=\"https:\/\/cestysemtam.cz\/en\/moje\/zimni-praha-kulturni-vyziti-i-hrejivy-odpocinek\/\" \/>\n<meta property=\"og:locale\" content=\"en_GB\" \/>\n<meta property=\"og:type\" content=\"article\" \/>\n<meta property=\"og:title\" content=\"Nev\u0161edn\u00ed Praha: kulturn\u00ed z\u00e1\u017eitky od Strahovsk\u00e9ho kl\u00e1\u0161tera po Arm\u00e1dn\u00ed muzeum - Cesty Sem Tam\" \/>\n<meta property=\"og:description\" content=\"Pl\u00e1nujete nav\u0161t\u00edvit Prahu a z\u00e1rove\u0148 si odpo\u010dinout a objevit n\u011bco nov\u00e9ho? Tak se za\u010dt\u011bte do tip\u016f n\u00ed\u017ee, kter\u00e9 V\u00e1m poodhal\u00ed tradi\u010dn\u00ed i skryt\u00e1 z\u00e1kout\u00ed Prahy. &nbsp; Strahovsk\u00fd kl\u00e1\u0161ter Jedn\u00edm ze slavn\u00fdch skvost\u016f Prahy je bezesporu Strahovsk\u00fd kl\u00e1\u0161ter. Tento unik\u00e1tn\u00ed komplex, zalo\u017een\u00fd ve 12. stolet\u00ed, pat\u0159\u00ed mezi nejstar\u0161\u00ed doposud existuj\u00edc\u00ed kl\u00e1\u0161tery premonstr\u00e1tsk\u00e9ho \u0159\u00e1du na sv\u011bt\u011b. My [&hellip;]\" \/>\n<meta property=\"og:url\" content=\"https:\/\/cestysemtam.cz\/en\/moje\/zimni-praha-kulturni-vyziti-i-hrejivy-odpocinek\/\" \/>\n<meta property=\"og:site_name\" content=\"Cesty Sem Tam\" \/>\n<meta property=\"article:publisher\" content=\"https:\/\/www.facebook.com\/profile.php?id=61572455318171\" \/>\n<meta property=\"article:published_time\" content=\"2023-12-21T16:13:19+00:00\" \/>\n<meta property=\"article:modified_time\" content=\"2025-07-19T12:39:17+00:00\" \/>\n<meta property=\"og:image\" content=\"https:\/\/cestysemtam.cz\/wp-content\/uploads\/2023\/12\/Obrazarna_1.jpg\" \/>\n\t<meta property=\"og:image:width\" content=\"1920\" \/>\n\t<meta property=\"og:image:height\" content=\"1350\" \/>\n\t<meta property=\"og:image:type\" content=\"image\/jpeg\" \/>\n<meta name=\"author\" content=\"admin\" \/>\n<meta name=\"twitter:card\" content=\"summary_large_image\" \/>\n<meta name=\"twitter:creator\" content=\"@Cestysemtam\" \/>\n<meta name=\"twitter:site\" content=\"@Cestysemtam\" \/>\n<meta name=\"twitter:label1\" content=\"Written by\" \/>\n\t<meta name=\"twitter:data1\" content=\"admin\" \/>\n\t<meta name=\"twitter:label2\" content=\"Estimated reading time\" \/>\n\t<meta name=\"twitter:data2\" content=\"1 minute\" \/>\n<script type=\"application\/ld+json\" class=\"yoast-schema-graph\">{\"@context\":\"https:\/\/schema.org\",\"@graph\":[{\"@type\":\"Article\",\"@id\":\"https:\/\/cestysemtam.cz\/moje\/zimni-praha-kulturni-vyziti-i-hrejivy-odpocinek\/#article\",\"isPartOf\":{\"@id\":\"https:\/\/cestysemtam.cz\/moje\/zimni-praha-kulturni-vyziti-i-hrejivy-odpocinek\/\"},\"author\":{\"name\":\"admin\",\"@id\":\"https:\/\/cestysemtam.cz\/#\/schema\/person\/9eaaea7108e5f857f9f70c82e2c3aaf5\"},\"headline\":\"Nev\u0161edn\u00ed Praha: kulturn\u00ed z\u00e1\u017eitky od Strahovsk\u00e9ho kl\u00e1\u0161tera po Arm\u00e1dn\u00ed muzeum\",\"datePublished\":\"2023-12-21T16:13:19+00:00\",\"dateModified\":\"2025-07-19T12:39:17+00:00\",\"mainEntityOfPage\":{\"@id\":\"https:\/\/cestysemtam.cz\/moje\/zimni-praha-kulturni-vyziti-i-hrejivy-odpocinek\/\"},\"wordCount\":1218,\"commentCount\":0,\"publisher\":{\"@id\":\"https:\/\/cestysemtam.cz\/#organization\"},\"image\":{\"@id\":\"https:\/\/cestysemtam.cz\/moje\/zimni-praha-kulturni-vyziti-i-hrejivy-odpocinek\/#primaryimage\"},\"thumbnailUrl\":\"https:\/\/cestysemtam.cz\/wp-content\/uploads\/2023\/12\/00_UVODNI__Strahov_klaster_PB.jpg\",\"keywords\":[\"Kl\u00e1\u0161tery\",\"Muzea\"],\"articleSection\":[\"\u010cesko\"],\"inLanguage\":\"en-GB\",\"potentialAction\":[{\"@type\":\"CommentAction\",\"name\":\"Comment\",\"target\":[\"https:\/\/cestysemtam.cz\/moje\/zimni-praha-kulturni-vyziti-i-hrejivy-odpocinek\/#respond\"]}]},{\"@type\":\"WebPage\",\"@id\":\"https:\/\/cestysemtam.cz\/moje\/zimni-praha-kulturni-vyziti-i-hrejivy-odpocinek\/\",\"url\":\"https:\/\/cestysemtam.cz\/moje\/zimni-praha-kulturni-vyziti-i-hrejivy-odpocinek\/\",\"name\":\"Nev\u0161edn\u00ed Praha: kulturn\u00ed z\u00e1\u017eitky od Strahovsk\u00e9ho kl\u00e1\u0161tera po Arm\u00e1dn\u00ed muzeum - Cesty Sem Tam\",\"isPartOf\":{\"@id\":\"https:\/\/cestysemtam.cz\/#website\"},\"primaryImageOfPage\":{\"@id\":\"https:\/\/cestysemtam.cz\/moje\/zimni-praha-kulturni-vyziti-i-hrejivy-odpocinek\/#primaryimage\"},\"image\":{\"@id\":\"https:\/\/cestysemtam.cz\/moje\/zimni-praha-kulturni-vyziti-i-hrejivy-odpocinek\/#primaryimage\"},\"thumbnailUrl\":\"https:\/\/cestysemtam.cz\/wp-content\/uploads\/2023\/12\/00_UVODNI__Strahov_klaster_PB.jpg\",\"datePublished\":\"2023-12-21T16:13:19+00:00\",\"dateModified\":\"2025-07-19T12:39:17+00:00\",\"breadcrumb\":{\"@id\":\"https:\/\/cestysemtam.cz\/moje\/zimni-praha-kulturni-vyziti-i-hrejivy-odpocinek\/#breadcrumb\"},\"inLanguage\":\"en-GB\",\"potentialAction\":[{\"@type\":\"ReadAction\",\"target\":[\"https:\/\/cestysemtam.cz\/moje\/zimni-praha-kulturni-vyziti-i-hrejivy-odpocinek\/\"]}]},{\"@type\":\"ImageObject\",\"inLanguage\":\"en-GB\",\"@id\":\"https:\/\/cestysemtam.cz\/moje\/zimni-praha-kulturni-vyziti-i-hrejivy-odpocinek\/#primaryimage\",\"url\":\"https:\/\/cestysemtam.cz\/wp-content\/uploads\/2023\/12\/00_UVODNI__Strahov_klaster_PB.jpg\",\"contentUrl\":\"https:\/\/cestysemtam.cz\/wp-content\/uploads\/2023\/12\/00_UVODNI__Strahov_klaster_PB.jpg\",\"width\":1221,\"height\":814},{\"@type\":\"BreadcrumbList\",\"@id\":\"https:\/\/cestysemtam.cz\/moje\/zimni-praha-kulturni-vyziti-i-hrejivy-odpocinek\/#breadcrumb\",\"itemListElement\":[{\"@type\":\"ListItem\",\"position\":1,\"name\":\"Dom\u016f\",\"item\":\"https:\/\/cestysemtam.cz\/\"},{\"@type\":\"ListItem\",\"position\":2,\"name\":\"ZIMN\u00cd PRAHA: KULTURN\u00cd VY\u017dIT\u00cd I H\u0158EJIV\u00dd ODPO\u010cINEK\"}]},{\"@type\":\"WebSite\",\"@id\":\"https:\/\/cestysemtam.cz\/#website\",\"url\":\"https:\/\/cestysemtam.cz\/\",\"name\":\"Cesty Sem Tam\",\"description\":\"Cestovatelsk\u00fd blog\",\"publisher\":{\"@id\":\"https:\/\/cestysemtam.cz\/#organization\"},\"potentialAction\":[{\"@type\":\"SearchAction\",\"target\":{\"@type\":\"EntryPoint\",\"urlTemplate\":\"https:\/\/cestysemtam.cz\/?s={search_term_string}\"},\"query-input\":{\"@type\":\"PropertyValueSpecification\",\"valueRequired\":true,\"valueName\":\"search_term_string\"}}],\"inLanguage\":\"en-GB\"},{\"@type\":\"Organization\",\"@id\":\"https:\/\/cestysemtam.cz\/#organization\",\"name\":\"Cesty Sem Tam\",\"url\":\"https:\/\/cestysemtam.cz\/\",\"logo\":{\"@type\":\"ImageObject\",\"inLanguage\":\"en-GB\",\"@id\":\"https:\/\/cestysemtam.cz\/#\/schema\/logo\/image\/\",\"url\":\"https:\/\/cestysemtam.cz\/wp-content\/uploads\/2023\/12\/logo-Cesty-Sem-Tam-1000px.png\",\"contentUrl\":\"https:\/\/cestysemtam.cz\/wp-content\/uploads\/2023\/12\/logo-Cesty-Sem-Tam-1000px.png\",\"width\":1000,\"height\":249,\"caption\":\"Cesty Sem Tam\"},\"image\":{\"@id\":\"https:\/\/cestysemtam.cz\/#\/schema\/logo\/image\/\"},\"sameAs\":[\"https:\/\/www.facebook.com\/profile.php?id=61572455318171\",\"https:\/\/x.com\/Cestysemtam\",\"https:\/\/www.instagram.com\/cestysemtam\/\",\"https:\/\/cz.pinterest.com\/katka1430\/_created\/\"]},{\"@type\":\"Person\",\"@id\":\"https:\/\/cestysemtam.cz\/#\/schema\/person\/9eaaea7108e5f857f9f70c82e2c3aaf5\",\"name\":\"admin\",\"sameAs\":[\"https:\/\/cestysemtam.cz\"],\"url\":\"https:\/\/cestysemtam.cz\/en\/author\/admin\/\"}]}<\/script>\n<!-- \/ Yoast SEO plugin. -->","yoast_head_json":{"title":"Nev\u0161edn\u00ed Praha: kulturn\u00ed z\u00e1\u017eitky od Strahovsk\u00e9ho kl\u00e1\u0161tera po Arm\u00e1dn\u00ed muzeum - Cesty Sem Tam","robots":{"index":"index","follow":"follow","max-snippet":"max-snippet:-1","max-image-preview":"max-image-preview:large","max-video-preview":"max-video-preview:-1"},"canonical":"https:\/\/cestysemtam.cz\/en\/moje\/zimni-praha-kulturni-vyziti-i-hrejivy-odpocinek\/","og_locale":"en_GB","og_type":"article","og_title":"Nev\u0161edn\u00ed Praha: kulturn\u00ed z\u00e1\u017eitky od Strahovsk\u00e9ho kl\u00e1\u0161tera po Arm\u00e1dn\u00ed muzeum - Cesty Sem Tam","og_description":"Pl\u00e1nujete nav\u0161t\u00edvit Prahu a z\u00e1rove\u0148 si odpo\u010dinout a objevit n\u011bco nov\u00e9ho? Tak se za\u010dt\u011bte do tip\u016f n\u00ed\u017ee, kter\u00e9 V\u00e1m poodhal\u00ed tradi\u010dn\u00ed i skryt\u00e1 z\u00e1kout\u00ed Prahy. &nbsp; Strahovsk\u00fd kl\u00e1\u0161ter Jedn\u00edm ze slavn\u00fdch skvost\u016f Prahy je bezesporu Strahovsk\u00fd kl\u00e1\u0161ter. Tento unik\u00e1tn\u00ed komplex, zalo\u017een\u00fd ve 12. stolet\u00ed, pat\u0159\u00ed mezi nejstar\u0161\u00ed doposud existuj\u00edc\u00ed kl\u00e1\u0161tery premonstr\u00e1tsk\u00e9ho \u0159\u00e1du na sv\u011bt\u011b. My [&hellip;]","og_url":"https:\/\/cestysemtam.cz\/en\/moje\/zimni-praha-kulturni-vyziti-i-hrejivy-odpocinek\/","og_site_name":"Cesty Sem Tam","article_publisher":"https:\/\/www.facebook.com\/profile.php?id=61572455318171","article_published_time":"2023-12-21T16:13:19+00:00","article_modified_time":"2025-07-19T12:39:17+00:00","og_image":[{"width":1920,"height":1350,"url":"https:\/\/cestysemtam.cz\/wp-content\/uploads\/2023\/12\/Obrazarna_1.jpg","type":"image\/jpeg"}],"author":"admin","twitter_card":"summary_large_image","twitter_creator":"@Cestysemtam","twitter_site":"@Cestysemtam","twitter_misc":{"Written by":"admin","Estimated reading time":"1 minute"},"schema":{"@context":"https:\/\/schema.org","@graph":[{"@type":"Article","@id":"https:\/\/cestysemtam.cz\/moje\/zimni-praha-kulturni-vyziti-i-hrejivy-odpocinek\/#article","isPartOf":{"@id":"https:\/\/cestysemtam.cz\/moje\/zimni-praha-kulturni-vyziti-i-hrejivy-odpocinek\/"},"author":{"name":"admin","@id":"https:\/\/cestysemtam.cz\/#\/schema\/person\/9eaaea7108e5f857f9f70c82e2c3aaf5"},"headline":"Nev\u0161edn\u00ed Praha: kulturn\u00ed z\u00e1\u017eitky od Strahovsk\u00e9ho kl\u00e1\u0161tera po Arm\u00e1dn\u00ed muzeum","datePublished":"2023-12-21T16:13:19+00:00","dateModified":"2025-07-19T12:39:17+00:00","mainEntityOfPage":{"@id":"https:\/\/cestysemtam.cz\/moje\/zimni-praha-kulturni-vyziti-i-hrejivy-odpocinek\/"},"wordCount":1218,"commentCount":0,"publisher":{"@id":"https:\/\/cestysemtam.cz\/#organization"},"image":{"@id":"https:\/\/cestysemtam.cz\/moje\/zimni-praha-kulturni-vyziti-i-hrejivy-odpocinek\/#primaryimage"},"thumbnailUrl":"https:\/\/cestysemtam.cz\/wp-content\/uploads\/2023\/12\/00_UVODNI__Strahov_klaster_PB.jpg","keywords":["Kl\u00e1\u0161tery","Muzea"],"articleSection":["\u010cesko"],"inLanguage":"en-GB","potentialAction":[{"@type":"CommentAction","name":"Comment","target":["https:\/\/cestysemtam.cz\/moje\/zimni-praha-kulturni-vyziti-i-hrejivy-odpocinek\/#respond"]}]},{"@type":"WebPage","@id":"https:\/\/cestysemtam.cz\/moje\/zimni-praha-kulturni-vyziti-i-hrejivy-odpocinek\/","url":"https:\/\/cestysemtam.cz\/moje\/zimni-praha-kulturni-vyziti-i-hrejivy-odpocinek\/","name":"Nev\u0161edn\u00ed Praha: kulturn\u00ed z\u00e1\u017eitky od Strahovsk\u00e9ho kl\u00e1\u0161tera po Arm\u00e1dn\u00ed muzeum - Cesty Sem Tam","isPartOf":{"@id":"https:\/\/cestysemtam.cz\/#website"},"primaryImageOfPage":{"@id":"https:\/\/cestysemtam.cz\/moje\/zimni-praha-kulturni-vyziti-i-hrejivy-odpocinek\/#primaryimage"},"image":{"@id":"https:\/\/cestysemtam.cz\/moje\/zimni-praha-kulturni-vyziti-i-hrejivy-odpocinek\/#primaryimage"},"thumbnailUrl":"https:\/\/cestysemtam.cz\/wp-content\/uploads\/2023\/12\/00_UVODNI__Strahov_klaster_PB.jpg","datePublished":"2023-12-21T16:13:19+00:00","dateModified":"2025-07-19T12:39:17+00:00","breadcrumb":{"@id":"https:\/\/cestysemtam.cz\/moje\/zimni-praha-kulturni-vyziti-i-hrejivy-odpocinek\/#breadcrumb"},"inLanguage":"en-GB","potentialAction":[{"@type":"ReadAction","target":["https:\/\/cestysemtam.cz\/moje\/zimni-praha-kulturni-vyziti-i-hrejivy-odpocinek\/"]}]},{"@type":"ImageObject","inLanguage":"en-GB","@id":"https:\/\/cestysemtam.cz\/moje\/zimni-praha-kulturni-vyziti-i-hrejivy-odpocinek\/#primaryimage","url":"https:\/\/cestysemtam.cz\/wp-content\/uploads\/2023\/12\/00_UVODNI__Strahov_klaster_PB.jpg","contentUrl":"https:\/\/cestysemtam.cz\/wp-content\/uploads\/2023\/12\/00_UVODNI__Strahov_klaster_PB.jpg","width":1221,"height":814},{"@type":"BreadcrumbList","@id":"https:\/\/cestysemtam.cz\/moje\/zimni-praha-kulturni-vyziti-i-hrejivy-odpocinek\/#breadcrumb","itemListElement":[{"@type":"ListItem","position":1,"name":"Dom\u016f","item":"https:\/\/cestysemtam.cz\/"},{"@type":"ListItem","position":2,"name":"ZIMN\u00cd PRAHA: KULTURN\u00cd VY\u017dIT\u00cd I H\u0158EJIV\u00dd ODPO\u010cINEK"}]},{"@type":"WebSite","@id":"https:\/\/cestysemtam.cz\/#website","url":"https:\/\/cestysemtam.cz\/","name":"Cesty Sem Tam","description":"Cestovatelsk\u00fd blog","publisher":{"@id":"https:\/\/cestysemtam.cz\/#organization"},"potentialAction":[{"@type":"SearchAction","target":{"@type":"EntryPoint","urlTemplate":"https:\/\/cestysemtam.cz\/?s={search_term_string}"},"query-input":{"@type":"PropertyValueSpecification","valueRequired":true,"valueName":"search_term_string"}}],"inLanguage":"en-GB"},{"@type":"Organization","@id":"https:\/\/cestysemtam.cz\/#organization","name":"Cesty Sem Tam","url":"https:\/\/cestysemtam.cz\/","logo":{"@type":"ImageObject","inLanguage":"en-GB","@id":"https:\/\/cestysemtam.cz\/#\/schema\/logo\/image\/","url":"https:\/\/cestysemtam.cz\/wp-content\/uploads\/2023\/12\/logo-Cesty-Sem-Tam-1000px.png","contentUrl":"https:\/\/cestysemtam.cz\/wp-content\/uploads\/2023\/12\/logo-Cesty-Sem-Tam-1000px.png","width":1000,"height":249,"caption":"Cesty Sem Tam"},"image":{"@id":"https:\/\/cestysemtam.cz\/#\/schema\/logo\/image\/"},"sameAs":["https:\/\/www.facebook.com\/profile.php?id=61572455318171","https:\/\/x.com\/Cestysemtam","https:\/\/www.instagram.com\/cestysemtam\/","https:\/\/cz.pinterest.com\/katka1430\/_created\/"]},{"@type":"Person","@id":"https:\/\/cestysemtam.cz\/#\/schema\/person\/9eaaea7108e5f857f9f70c82e2c3aaf5","name":"admin","sameAs":["https:\/\/cestysemtam.cz"],"url":"https:\/\/cestysemtam.cz\/en\/author\/admin\/"}]}},"_links":{"self":[{"href":"https:\/\/cestysemtam.cz\/en\/wp-json\/wp\/v2\/posts\/34","targetHints":{"allow":["GET"]}}],"collection":[{"href":"https:\/\/cestysemtam.cz\/en\/wp-json\/wp\/v2\/posts"}],"about":[{"href":"https:\/\/cestysemtam.cz\/en\/wp-json\/wp\/v2\/types\/post"}],"author":[{"embeddable":true,"href":"https:\/\/cestysemtam.cz\/en\/wp-json\/wp\/v2\/users\/1"}],"replies":[{"embeddable":true,"href":"https:\/\/cestysemtam.cz\/en\/wp-json\/wp\/v2\/comments?post=34"}],"version-history":[{"count":119,"href":"https:\/\/cestysemtam.cz\/en\/wp-json\/wp\/v2\/posts\/34\/revisions"}],"predecessor-version":[{"id":7146,"href":"https:\/\/cestysemtam.cz\/en\/wp-json\/wp\/v2\/posts\/34\/revisions\/7146"}],"wp:featuredmedia":[{"embeddable":true,"href":"https:\/\/cestysemtam.cz\/en\/wp-json\/wp\/v2\/media\/6229"}],"wp:attachment":[{"href":"https:\/\/cestysemtam.cz\/en\/wp-json\/wp\/v2\/media?parent=34"}],"wp:term":[{"taxonomy":"category","embeddable":true,"href":"https:\/\/cestysemtam.cz\/en\/wp-json\/wp\/v2\/categories?post=34"},{"taxonomy":"post_tag","embeddable":true,"href":"https:\/\/cestysemtam.cz\/en\/wp-json\/wp\/v2\/tags?post=34"}],"curies":[{"name":"wp","href":"https:\/\/api.w.org\/{rel}","templated":true}]}}