{"id":4717,"date":"2024-02-21T22:33:50","date_gmt":"2024-02-21T21:33:50","guid":{"rendered":"https:\/\/cestysemtam.cz\/?p=4717"},"modified":"2025-07-02T11:27:12","modified_gmt":"2025-07-02T10:27:12","slug":"hum-nejmensi-mesto-sveta","status":"publish","type":"post","link":"https:\/\/cestysemtam.cz\/en\/chorvatsko\/hum-nejmensi-mesto-sveta\/","title":{"rendered":"Hum: the smallest town in the world"},"content":{"rendered":"<p>When visiting Istria, we must not miss the picturesque little town of Hum, which proudly holds the title of the smallest town in the world, as recorded in the Guinness Book of World Records. According to legend, it was built by giants who had some stones left over after founding several other towns on the surrounding hills.<\/p>\n<p>We are leaving earlier to arrive around 9:30, making it easier to find a parking spot and, most importantly, <strong>to avoid the crowds of tourists<\/strong>. You can park right at the edge of town, near the cemetery.<\/p>\n<p>The ancient town is protected by 100-meter-long town walls built by the Venetians. Our first steps lead to\u00a0<strong>the entrance gate <\/strong>(Brama), aptly decorated with the inscription, \"If you come with good intentions, you are welcome here.\" This architectural gem from the 16th century is adorned with twelve medallions symbolizing the months of the year and their typical agricultural work.<\/p>\n\n\t\t<style type=\"text\/css\">\n\t\t\t#gallery-1 {\n\t\t\t\tmargin: auto;\n\t\t\t}\n\t\t\t#gallery-1 .gallery-item {\n\t\t\t\tfloat: left;\n\t\t\t\tmargin-top: 10px;\n\t\t\t\ttext-align: center;\n\t\t\t\twidth: 50%;\n\t\t\t}\n\t\t\t#gallery-1 img {\n\t\t\t\tborder: 2px solid #cfcfcf;\n\t\t\t}\n\t\t\t#gallery-1 .gallery-caption {\n\t\t\t\tmargin-left: 0;\n\t\t\t}\n\t\t\t\/* see gallery_shortcode() in wp-includes\/media.php *\/\n\t\t<\/style>\n\t\t<div id='gallery-1' class='gallery galleryid-4717 gallery-columns-2 gallery-size-large'><dl class='gallery-item'>\n\t\t\t<dt class='gallery-icon portrait'>\n\t\t\t\t<a href='https:\/\/cestysemtam.cz\/wp-content\/uploads\/2024\/02\/01_Hum-1.jpg'><img loading=\"lazy\" decoding=\"async\" width=\"809\" height=\"1024\" src=\"https:\/\/cestysemtam.cz\/wp-content\/uploads\/2024\/02\/01_Hum-1-809x1024.jpg\" class=\"attachment-large size-large\" alt=\"\" aria-describedby=\"gallery-1-6860\" srcset=\"https:\/\/cestysemtam.cz\/wp-content\/uploads\/2024\/02\/01_Hum-1-809x1024.jpg 809w, https:\/\/cestysemtam.cz\/wp-content\/uploads\/2024\/02\/01_Hum-1-480x608.jpg 480w\" sizes=\"(min-width: 0px) and (max-width: 480px) 480px, (min-width: 481px) 809px, 100vw\" \/><\/a>\n\t\t\t<\/dt>\n\t\t\t\t<dd class='wp-caption-text gallery-caption' id='gallery-1-6860'>\n\t\t\t\tEntrance gate and bell tower\n\t\t\t\t<\/dd><\/dl><dl class='gallery-item'>\n\t\t\t<dt class='gallery-icon portrait'>\n\t\t\t\t<a href='https:\/\/cestysemtam.cz\/wp-content\/uploads\/2024\/02\/02_Hum-1.jpg'><img loading=\"lazy\" decoding=\"async\" width=\"809\" height=\"1024\" src=\"https:\/\/cestysemtam.cz\/wp-content\/uploads\/2024\/02\/02_Hum-1-809x1024.jpg\" class=\"attachment-large size-large\" alt=\"\" aria-describedby=\"gallery-1-6861\" srcset=\"https:\/\/cestysemtam.cz\/wp-content\/uploads\/2024\/02\/02_Hum-1-809x1024.jpg 809w, https:\/\/cestysemtam.cz\/wp-content\/uploads\/2024\/02\/02_Hum-1-480x608.jpg 480w\" sizes=\"(min-width: 0px) and (max-width: 480px) 480px, (min-width: 481px) 809px, 100vw\" \/><\/a>\n\t\t\t<\/dt>\n\t\t\t\t<dd class='wp-caption-text gallery-caption' id='gallery-1-6861'>\n\t\t\t\tEntrance gate\n\t\t\t\t<\/dd><\/dl><br style=\"clear: both\" \/>\n\t\t<\/div>\n\n<p>Beyond the gate, we are greeted by a perfect scenery of stone houses and narrow alleyways. We are also visiting <strong>the Church of the Assumption of the Virgin Mary <\/strong>(Crkva Uznesenja Marijina), built in the 19th century, which proudly stands in a small square. Next to it rises a separate <strong>bell tower<\/strong> from the 16th century, which once served as a defensive tower.<\/p>\n\n\t\t<style type=\"text\/css\">\n\t\t\t#gallery-2 {\n\t\t\t\tmargin: auto;\n\t\t\t}\n\t\t\t#gallery-2 .gallery-item {\n\t\t\t\tfloat: left;\n\t\t\t\tmargin-top: 10px;\n\t\t\t\ttext-align: center;\n\t\t\t\twidth: 50%;\n\t\t\t}\n\t\t\t#gallery-2 img {\n\t\t\t\tborder: 2px solid #cfcfcf;\n\t\t\t}\n\t\t\t#gallery-2 .gallery-caption {\n\t\t\t\tmargin-left: 0;\n\t\t\t}\n\t\t\t\/* see gallery_shortcode() in wp-includes\/media.php *\/\n\t\t<\/style>\n\t\t<div id='gallery-2' class='gallery galleryid-4717 gallery-columns-2 gallery-size-large'><dl class='gallery-item'>\n\t\t\t<dt class='gallery-icon portrait'>\n\t\t\t\t<a href='https:\/\/cestysemtam.cz\/wp-content\/uploads\/2024\/02\/03_Hum.jpg'><img loading=\"lazy\" decoding=\"async\" width=\"806\" height=\"1019\" src=\"https:\/\/cestysemtam.cz\/wp-content\/uploads\/2024\/02\/03_Hum.jpg\" class=\"attachment-large size-large\" alt=\"\" aria-describedby=\"gallery-2-6849\" srcset=\"https:\/\/cestysemtam.cz\/wp-content\/uploads\/2024\/02\/03_Hum.jpg 806w, https:\/\/cestysemtam.cz\/wp-content\/uploads\/2024\/02\/03_Hum-480x607.jpg 480w\" sizes=\"(min-width: 0px) and (max-width: 480px) 480px, (min-width: 481px) 806px, 100vw\" \/><\/a>\n\t\t\t<\/dt>\n\t\t\t\t<dd class='wp-caption-text gallery-caption' id='gallery-2-6849'>\n\t\t\t\tThe Church of the Assumption of the Virgin Mary\n\t\t\t\t<\/dd><\/dl><dl class='gallery-item'>\n\t\t\t<dt class='gallery-icon portrait'>\n\t\t\t\t<a href='https:\/\/cestysemtam.cz\/wp-content\/uploads\/2024\/02\/04_Hum.jpg'><img loading=\"lazy\" decoding=\"async\" width=\"809\" height=\"1024\" src=\"https:\/\/cestysemtam.cz\/wp-content\/uploads\/2024\/02\/04_Hum-809x1024.jpg\" class=\"attachment-large size-large\" alt=\"\" aria-describedby=\"gallery-2-6850\" srcset=\"https:\/\/cestysemtam.cz\/wp-content\/uploads\/2024\/02\/04_Hum-809x1024.jpg 809w, https:\/\/cestysemtam.cz\/wp-content\/uploads\/2024\/02\/04_Hum-480x608.jpg 480w\" sizes=\"(min-width: 0px) and (max-width: 480px) 480px, (min-width: 481px) 809px, 100vw\" \/><\/a>\n\t\t\t<\/dt>\n\t\t\t\t<dd class='wp-caption-text gallery-caption' id='gallery-2-6850'>\n\t\t\t\tHum\n\t\t\t\t<\/dd><\/dl><br style=\"clear: both\" \/>\n\t\t<\/div>\n\n<p>Now we are heading through medieval alleyways to explore this tiny town. It is impossible to get lost here, as the houses, which wind along the edges of the twisting paths, stand in just three rows.<\/p>\n\n\t\t<style type=\"text\/css\">\n\t\t\t#gallery-3 {\n\t\t\t\tmargin: auto;\n\t\t\t}\n\t\t\t#gallery-3 .gallery-item {\n\t\t\t\tfloat: left;\n\t\t\t\tmargin-top: 10px;\n\t\t\t\ttext-align: center;\n\t\t\t\twidth: 50%;\n\t\t\t}\n\t\t\t#gallery-3 img {\n\t\t\t\tborder: 2px solid #cfcfcf;\n\t\t\t}\n\t\t\t#gallery-3 .gallery-caption {\n\t\t\t\tmargin-left: 0;\n\t\t\t}\n\t\t\t\/* see gallery_shortcode() in wp-includes\/media.php *\/\n\t\t<\/style>\n\t\t<div id='gallery-3' class='gallery galleryid-4717 gallery-columns-2 gallery-size-large'><dl class='gallery-item'>\n\t\t\t<dt class='gallery-icon portrait'>\n\t\t\t\t<a href='https:\/\/cestysemtam.cz\/wp-content\/uploads\/2024\/02\/05_Hum.jpg'><img loading=\"lazy\" decoding=\"async\" width=\"798\" height=\"1010\" src=\"https:\/\/cestysemtam.cz\/wp-content\/uploads\/2024\/02\/05_Hum.jpg\" class=\"attachment-large size-large\" alt=\"\" aria-describedby=\"gallery-3-6851\" srcset=\"https:\/\/cestysemtam.cz\/wp-content\/uploads\/2024\/02\/05_Hum.jpg 798w, https:\/\/cestysemtam.cz\/wp-content\/uploads\/2024\/02\/05_Hum-480x608.jpg 480w\" sizes=\"(min-width: 0px) and (max-width: 480px) 480px, (min-width: 481px) 798px, 100vw\" \/><\/a>\n\t\t\t<\/dt>\n\t\t\t\t<dd class='wp-caption-text gallery-caption' id='gallery-3-6851'>\n\t\t\t\tHum\n\t\t\t\t<\/dd><\/dl><dl class='gallery-item'>\n\t\t\t<dt class='gallery-icon portrait'>\n\t\t\t\t<a href='https:\/\/cestysemtam.cz\/wp-content\/uploads\/2024\/02\/06_Hum.jpg'><img loading=\"lazy\" decoding=\"async\" width=\"809\" height=\"1024\" src=\"https:\/\/cestysemtam.cz\/wp-content\/uploads\/2024\/02\/06_Hum-809x1024.jpg\" class=\"attachment-large size-large\" alt=\"\" aria-describedby=\"gallery-3-6852\" srcset=\"https:\/\/cestysemtam.cz\/wp-content\/uploads\/2024\/02\/06_Hum-809x1024.jpg 809w, https:\/\/cestysemtam.cz\/wp-content\/uploads\/2024\/02\/06_Hum-480x608.jpg 480w\" sizes=\"(min-width: 0px) and (max-width: 480px) 480px, (min-width: 481px) 809px, 100vw\" \/><\/a>\n\t\t\t<\/dt>\n\t\t\t\t<dd class='wp-caption-text gallery-caption' id='gallery-3-6852'>\n\t\t\t\tHum\n\t\t\t\t<\/dd><\/dl><br style=\"clear: both\" \/>\n\t\t<\/div>\n\n<p>We stop at the souvenir shop and caf\u00e9 <strong>Suvenira Biska<\/strong>. Then, we walk through the shop to the other side of the town to enjoy, at least for a moment, the enchanting view of the Mirna River valley.<\/p>\n\n\t\t<style type=\"text\/css\">\n\t\t\t#gallery-4 {\n\t\t\t\tmargin: auto;\n\t\t\t}\n\t\t\t#gallery-4 .gallery-item {\n\t\t\t\tfloat: left;\n\t\t\t\tmargin-top: 10px;\n\t\t\t\ttext-align: center;\n\t\t\t\twidth: 50%;\n\t\t\t}\n\t\t\t#gallery-4 img {\n\t\t\t\tborder: 2px solid #cfcfcf;\n\t\t\t}\n\t\t\t#gallery-4 .gallery-caption {\n\t\t\t\tmargin-left: 0;\n\t\t\t}\n\t\t\t\/* see gallery_shortcode() in wp-includes\/media.php *\/\n\t\t<\/style>\n\t\t<div id='gallery-4' class='gallery galleryid-4717 gallery-columns-2 gallery-size-large'><dl class='gallery-item'>\n\t\t\t<dt class='gallery-icon portrait'>\n\t\t\t\t<a href='https:\/\/cestysemtam.cz\/wp-content\/uploads\/2024\/02\/07_Hum.jpg'><img loading=\"lazy\" decoding=\"async\" width=\"809\" height=\"1024\" src=\"https:\/\/cestysemtam.cz\/wp-content\/uploads\/2024\/02\/07_Hum-809x1024.jpg\" class=\"attachment-large size-large\" alt=\"\" aria-describedby=\"gallery-4-6853\" srcset=\"https:\/\/cestysemtam.cz\/wp-content\/uploads\/2024\/02\/07_Hum-809x1024.jpg 809w, https:\/\/cestysemtam.cz\/wp-content\/uploads\/2024\/02\/07_Hum-480x608.jpg 480w\" sizes=\"(min-width: 0px) and (max-width: 480px) 480px, (min-width: 481px) 809px, 100vw\" \/><\/a>\n\t\t\t<\/dt>\n\t\t\t\t<dd class='wp-caption-text gallery-caption' id='gallery-4-6853'>\n\t\t\t\tCaf\u00e9 Suvenira Biska\n\t\t\t\t<\/dd><\/dl><dl class='gallery-item'>\n\t\t\t<dt class='gallery-icon portrait'>\n\t\t\t\t<a href='https:\/\/cestysemtam.cz\/wp-content\/uploads\/2024\/02\/08_Hum.jpg'><img loading=\"lazy\" decoding=\"async\" width=\"809\" height=\"1024\" src=\"https:\/\/cestysemtam.cz\/wp-content\/uploads\/2024\/02\/08_Hum-809x1024.jpg\" class=\"attachment-large size-large\" alt=\"\" aria-describedby=\"gallery-4-6854\" srcset=\"https:\/\/cestysemtam.cz\/wp-content\/uploads\/2024\/02\/08_Hum-809x1024.jpg 809w, https:\/\/cestysemtam.cz\/wp-content\/uploads\/2024\/02\/08_Hum-480x608.jpg 480w\" sizes=\"(min-width: 0px) and (max-width: 480px) 480px, (min-width: 481px) 809px, 100vw\" \/><\/a>\n\t\t\t<\/dt>\n\t\t\t\t<dd class='wp-caption-text gallery-caption' id='gallery-4-6854'>\n\t\t\t\tHum\n\t\t\t\t<\/dd><\/dl><br style=\"clear: both\" \/>\n\t\t<\/div>\n\n<p>We are heading back via the Suvenira Biska caf\u00e9 and entering the traditional <strong>family-owned<\/strong> <strong>distillery shop <a href=\"https:\/\/www.aura.hr\/en\/\" target=\"_blank\" rel=\"noopener\">Aura<\/a><\/strong>, which offers an endless variety of alcoholic beverages\u2014from brandies to liqueurs\u2014so both men and women will find something to their liking.<\/p>\n<p>Free tastings are, of course, available, so we are setting out to discover new flavours and aromas. The traditional drink here is rakija with mistletoe, known as <strong>Biska<\/strong>, but we are also sampling honey and cherry varieties, among others. Biska, once used as a medicine, is based on an ancient Celtic recipe. The shop also offers other regional specialties, such as marmalades, truffle products and olive oil.<\/p>\n<p>If you are a fan of spirits, make sure to visit Hum on the last Sunday of October, when the town traditionally hosts <strong>the Brandy Festival<\/strong>.<\/p>\n<p>Address: Hum 8<\/p>\n\n\t\t<style type=\"text\/css\">\n\t\t\t#gallery-5 {\n\t\t\t\tmargin: auto;\n\t\t\t}\n\t\t\t#gallery-5 .gallery-item {\n\t\t\t\tfloat: left;\n\t\t\t\tmargin-top: 10px;\n\t\t\t\ttext-align: center;\n\t\t\t\twidth: 50%;\n\t\t\t}\n\t\t\t#gallery-5 img {\n\t\t\t\tborder: 2px solid #cfcfcf;\n\t\t\t}\n\t\t\t#gallery-5 .gallery-caption {\n\t\t\t\tmargin-left: 0;\n\t\t\t}\n\t\t\t\/* see gallery_shortcode() in wp-includes\/media.php *\/\n\t\t<\/style>\n\t\t<div id='gallery-5' class='gallery galleryid-4717 gallery-columns-2 gallery-size-large'><dl class='gallery-item'>\n\t\t\t<dt class='gallery-icon landscape'>\n\t\t\t\t<a href='https:\/\/cestysemtam.cz\/wp-content\/uploads\/2024\/02\/09_Hum.jpg'><img loading=\"lazy\" decoding=\"async\" width=\"1024\" height=\"720\" src=\"https:\/\/cestysemtam.cz\/wp-content\/uploads\/2024\/02\/09_Hum-1024x720.jpg\" class=\"attachment-large size-large\" alt=\"\" aria-describedby=\"gallery-5-6855\" srcset=\"https:\/\/cestysemtam.cz\/wp-content\/uploads\/2024\/02\/09_Hum-980x689.jpg 980w, https:\/\/cestysemtam.cz\/wp-content\/uploads\/2024\/02\/09_Hum-480x338.jpg 480w\" sizes=\"(min-width: 0px) and (max-width: 480px) 480px, (min-width: 481px) and (max-width: 980px) 980px, (min-width: 981px) 1024px, 100vw\" \/><\/a>\n\t\t\t<\/dt>\n\t\t\t\t<dd class='wp-caption-text gallery-caption' id='gallery-5-6855'>\n\t\t\t\tHum\n\t\t\t\t<\/dd><\/dl><dl class='gallery-item'>\n\t\t\t<dt class='gallery-icon landscape'>\n\t\t\t\t<a href='https:\/\/cestysemtam.cz\/wp-content\/uploads\/2024\/02\/10_Hum.jpg'><img loading=\"lazy\" decoding=\"async\" width=\"1024\" height=\"720\" src=\"https:\/\/cestysemtam.cz\/wp-content\/uploads\/2024\/02\/10_Hum-1024x720.jpg\" class=\"attachment-large size-large\" alt=\"\" aria-describedby=\"gallery-5-6856\" srcset=\"https:\/\/cestysemtam.cz\/wp-content\/uploads\/2024\/02\/10_Hum-980x689.jpg 980w, https:\/\/cestysemtam.cz\/wp-content\/uploads\/2024\/02\/10_Hum-480x338.jpg 480w\" sizes=\"(min-width: 0px) and (max-width: 480px) 480px, (min-width: 481px) and (max-width: 980px) 980px, (min-width: 981px) 1024px, 100vw\" \/><\/a>\n\t\t\t<\/dt>\n\t\t\t\t<dd class='wp-caption-text gallery-caption' id='gallery-5-6856'>\n\t\t\t\tView of the surroundings\n\t\t\t\t<\/dd><\/dl><br style=\"clear: both\" \/>\n\t\t<\/div>\n\n<p>Strengthened by a wonderful tasting, we are heading to the most valuable local landmark\u2014the Romanesque <strong>Church of Saint Jerome<\/strong> (Crkva sv. Jeronima), located in the town cemetery. The interior of this sacred building is adorned with precious Byzantine frescoes from the 12th century. The unique atmosphere created by the interior is truly worth it.<\/p>\n<p>&nbsp;<\/p>\n<h5>Our tip:<\/h5>\n<p>However, the parish church is not usually open to the public, and that is where our secret tip comes in. The one and only key to the church can be borrowed at the Suvenira Biska shop.<\/p>\n<p>&nbsp;<br \/>\n\n\t\t<style type=\"text\/css\">\n\t\t\t#gallery-6 {\n\t\t\t\tmargin: auto;\n\t\t\t}\n\t\t\t#gallery-6 .gallery-item {\n\t\t\t\tfloat: left;\n\t\t\t\tmargin-top: 10px;\n\t\t\t\ttext-align: center;\n\t\t\t\twidth: 50%;\n\t\t\t}\n\t\t\t#gallery-6 img {\n\t\t\t\tborder: 2px solid #cfcfcf;\n\t\t\t}\n\t\t\t#gallery-6 .gallery-caption {\n\t\t\t\tmargin-left: 0;\n\t\t\t}\n\t\t\t\/* see gallery_shortcode() in wp-includes\/media.php *\/\n\t\t<\/style>\n\t\t<div id='gallery-6' class='gallery galleryid-4717 gallery-columns-2 gallery-size-large'><dl class='gallery-item'>\n\t\t\t<dt class='gallery-icon landscape'>\n\t\t\t\t<a href='https:\/\/cestysemtam.cz\/wp-content\/uploads\/2024\/02\/11_Hum.jpg'><img loading=\"lazy\" decoding=\"async\" width=\"1024\" height=\"720\" src=\"https:\/\/cestysemtam.cz\/wp-content\/uploads\/2024\/02\/11_Hum-1024x720.jpg\" class=\"attachment-large size-large\" alt=\"\" aria-describedby=\"gallery-6-6857\" srcset=\"https:\/\/cestysemtam.cz\/wp-content\/uploads\/2024\/02\/11_Hum-980x689.jpg 980w, https:\/\/cestysemtam.cz\/wp-content\/uploads\/2024\/02\/11_Hum-480x338.jpg 480w\" sizes=\"(min-width: 0px) and (max-width: 480px) 480px, (min-width: 481px) and (max-width: 980px) 980px, (min-width: 981px) 1024px, 100vw\" \/><\/a>\n\t\t\t<\/dt>\n\t\t\t\t<dd class='wp-caption-text gallery-caption' id='gallery-6-6857'>\n\t\t\t\tChurch of St. Jerome\n\t\t\t\t<\/dd><\/dl><dl class='gallery-item'>\n\t\t\t<dt class='gallery-icon landscape'>\n\t\t\t\t<a href='https:\/\/cestysemtam.cz\/wp-content\/uploads\/2024\/02\/12_Hum.jpg'><img loading=\"lazy\" decoding=\"async\" width=\"1024\" height=\"720\" src=\"https:\/\/cestysemtam.cz\/wp-content\/uploads\/2024\/02\/12_Hum-1024x720.jpg\" class=\"attachment-large size-large\" alt=\"\" aria-describedby=\"gallery-6-6858\" srcset=\"https:\/\/cestysemtam.cz\/wp-content\/uploads\/2024\/02\/12_Hum-980x689.jpg 980w, https:\/\/cestysemtam.cz\/wp-content\/uploads\/2024\/02\/12_Hum-480x338.jpg 480w\" sizes=\"(min-width: 0px) and (max-width: 480px) 480px, (min-width: 481px) and (max-width: 980px) 980px, (min-width: 981px) 1024px, 100vw\" \/><\/a>\n\t\t\t<\/dt>\n\t\t\t\t<dd class='wp-caption-text gallery-caption' id='gallery-6-6858'>\n\t\t\t\tChurch of St. Jerome\n\t\t\t\t<\/dd><\/dl><br style=\"clear: both\" \/>\n\t\t<\/div>\n<\/p>\n<p>&nbsp;<\/p>\n<h5>And where to satisfy your hunger in style?<\/h5>\n<p>If you want to enjoy not only traditional Istrian specialties but also a stunning view of the surrounding landscape, head to the local <strong><a href=\"http:\/\/humskakonoba.hum.hr\/\" target=\"_blank\" rel=\"noopener\">restaurant Humska Konoba<\/a><\/strong>.<\/p>\n<p>Address: Hum 2<\/p>\n<p>&nbsp;<\/p>","protected":false},"excerpt":{"rendered":"<p>P\u0159i n\u00e1v\u0161t\u011bv\u011b Istrie nesm\u00edme vynechat ani malebn\u00e9 m\u011bste\u010dko Hum, kter\u00e9 se py\u0161n\u00ed titulem nejmen\u0161\u00edho m\u011bsta na sv\u011bt\u011b zapsan\u00e9ho v\u00a0Guinessov\u011b knize rekord\u016f. Podle pov\u011bsti bylo postaveno obry, kter\u00fdm zbylo trochu kamen\u00ed po zalo\u017een\u00ed n\u011bkolika dal\u0161\u00edch m\u011bst na okoln\u00edch kopc\u00edch. My odj\u00ed\u017ed\u00edme do m\u011bsta \u010dasn\u011bji, abychom tam byli okolo p\u016fl des\u00e1t\u00e9, a lehce na\u0161li parkovac\u00ed m\u00edsto, a [&hellip;]<\/p>\n","protected":false},"author":3,"featured_media":6845,"comment_status":"closed","ping_status":"closed","sticky":false,"template":"","format":"standard","meta":{"_et_pb_use_builder":"","_et_pb_old_content":"","_et_gb_content_width":"","footnotes":""},"categories":[18],"tags":[43],"class_list":["post-4717","post","type-post","status-publish","format-standard","has-post-thumbnail","hentry","category-chorvatsko","tag-kostely"],"yoast_head":"<!-- This site is optimized with the Yoast SEO plugin v27.1.1 - https:\/\/yoast.com\/product\/yoast-seo-wordpress\/ -->\n<title>Hum: nejmen\u0161\u00ed m\u011bsto sv\u011bta - Cesty Sem Tam<\/title>\n<meta name=\"robots\" content=\"index, follow, max-snippet:-1, max-image-preview:large, max-video-preview:-1\" \/>\n<link rel=\"canonical\" href=\"https:\/\/cestysemtam.cz\/en\/chorvatsko\/hum-nejmensi-mesto-sveta\/\" \/>\n<meta property=\"og:locale\" content=\"en_GB\" \/>\n<meta property=\"og:type\" content=\"article\" \/>\n<meta property=\"og:title\" content=\"Hum: nejmen\u0161\u00ed m\u011bsto sv\u011bta - Cesty Sem Tam\" \/>\n<meta property=\"og:description\" content=\"P\u0159i n\u00e1v\u0161t\u011bv\u011b Istrie nesm\u00edme vynechat ani malebn\u00e9 m\u011bste\u010dko Hum, kter\u00e9 se py\u0161n\u00ed titulem nejmen\u0161\u00edho m\u011bsta na sv\u011bt\u011b zapsan\u00e9ho v\u00a0Guinessov\u011b knize rekord\u016f. Podle pov\u011bsti bylo postaveno obry, kter\u00fdm zbylo trochu kamen\u00ed po zalo\u017een\u00ed n\u011bkolika dal\u0161\u00edch m\u011bst na okoln\u00edch kopc\u00edch. My odj\u00ed\u017ed\u00edme do m\u011bsta \u010dasn\u011bji, abychom tam byli okolo p\u016fl des\u00e1t\u00e9, a lehce na\u0161li parkovac\u00ed m\u00edsto, a [&hellip;]\" \/>\n<meta property=\"og:url\" content=\"https:\/\/cestysemtam.cz\/en\/chorvatsko\/hum-nejmensi-mesto-sveta\/\" \/>\n<meta property=\"og:site_name\" content=\"Cesty Sem Tam\" \/>\n<meta property=\"article:publisher\" content=\"https:\/\/www.facebook.com\/profile.php?id=61572455318171\" \/>\n<meta property=\"article:published_time\" content=\"2024-02-21T21:33:50+00:00\" \/>\n<meta property=\"article:modified_time\" content=\"2025-07-02T10:27:12+00:00\" \/>\n<meta property=\"og:image\" content=\"https:\/\/cestysemtam.cz\/wp-content\/uploads\/2024\/02\/00_UVODNI_Hum.jpg\" \/>\n\t<meta property=\"og:image:width\" content=\"1300\" \/>\n\t<meta property=\"og:image:height\" content=\"867\" \/>\n\t<meta property=\"og:image:type\" content=\"image\/jpeg\" \/>\n<meta name=\"author\" content=\"kata\" \/>\n<meta name=\"twitter:card\" content=\"summary_large_image\" \/>\n<meta name=\"twitter:creator\" content=\"@Cestysemtam\" \/>\n<meta name=\"twitter:site\" content=\"@Cestysemtam\" \/>\n<meta name=\"twitter:label1\" content=\"Written by\" \/>\n\t<meta name=\"twitter:data1\" content=\"kata\" \/>\n\t<meta name=\"twitter:label2\" content=\"Estimated reading time\" \/>\n\t<meta name=\"twitter:data2\" content=\"3 minutes\" \/>\n<script type=\"application\/ld+json\" class=\"yoast-schema-graph\">{\"@context\":\"https:\/\/schema.org\",\"@graph\":[{\"@type\":\"Article\",\"@id\":\"https:\/\/cestysemtam.cz\/chorvatsko\/hum-nejmensi-mesto-sveta\/#article\",\"isPartOf\":{\"@id\":\"https:\/\/cestysemtam.cz\/chorvatsko\/hum-nejmensi-mesto-sveta\/\"},\"author\":{\"name\":\"kata\",\"@id\":\"https:\/\/cestysemtam.cz\/#\/schema\/person\/2fcc6bbe4d0fc0052a39d9e68b43ea56\"},\"headline\":\"Hum: nejmen\u0161\u00ed m\u011bsto sv\u011bta\",\"datePublished\":\"2024-02-21T21:33:50+00:00\",\"dateModified\":\"2025-07-02T10:27:12+00:00\",\"mainEntityOfPage\":{\"@id\":\"https:\/\/cestysemtam.cz\/chorvatsko\/hum-nejmensi-mesto-sveta\/\"},\"wordCount\":678,\"publisher\":{\"@id\":\"https:\/\/cestysemtam.cz\/#organization\"},\"image\":{\"@id\":\"https:\/\/cestysemtam.cz\/chorvatsko\/hum-nejmensi-mesto-sveta\/#primaryimage\"},\"thumbnailUrl\":\"https:\/\/cestysemtam.cz\/wp-content\/uploads\/2024\/02\/00_UVODNI_Hum.jpg\",\"keywords\":[\"Kostely\"],\"articleSection\":[\"Chorvatsko\"],\"inLanguage\":\"en-GB\"},{\"@type\":\"WebPage\",\"@id\":\"https:\/\/cestysemtam.cz\/chorvatsko\/hum-nejmensi-mesto-sveta\/\",\"url\":\"https:\/\/cestysemtam.cz\/chorvatsko\/hum-nejmensi-mesto-sveta\/\",\"name\":\"Hum: nejmen\u0161\u00ed m\u011bsto sv\u011bta - Cesty Sem Tam\",\"isPartOf\":{\"@id\":\"https:\/\/cestysemtam.cz\/#website\"},\"primaryImageOfPage\":{\"@id\":\"https:\/\/cestysemtam.cz\/chorvatsko\/hum-nejmensi-mesto-sveta\/#primaryimage\"},\"image\":{\"@id\":\"https:\/\/cestysemtam.cz\/chorvatsko\/hum-nejmensi-mesto-sveta\/#primaryimage\"},\"thumbnailUrl\":\"https:\/\/cestysemtam.cz\/wp-content\/uploads\/2024\/02\/00_UVODNI_Hum.jpg\",\"datePublished\":\"2024-02-21T21:33:50+00:00\",\"dateModified\":\"2025-07-02T10:27:12+00:00\",\"breadcrumb\":{\"@id\":\"https:\/\/cestysemtam.cz\/chorvatsko\/hum-nejmensi-mesto-sveta\/#breadcrumb\"},\"inLanguage\":\"en-GB\",\"potentialAction\":[{\"@type\":\"ReadAction\",\"target\":[\"https:\/\/cestysemtam.cz\/chorvatsko\/hum-nejmensi-mesto-sveta\/\"]}]},{\"@type\":\"ImageObject\",\"inLanguage\":\"en-GB\",\"@id\":\"https:\/\/cestysemtam.cz\/chorvatsko\/hum-nejmensi-mesto-sveta\/#primaryimage\",\"url\":\"https:\/\/cestysemtam.cz\/wp-content\/uploads\/2024\/02\/00_UVODNI_Hum.jpg\",\"contentUrl\":\"https:\/\/cestysemtam.cz\/wp-content\/uploads\/2024\/02\/00_UVODNI_Hum.jpg\",\"width\":1300,\"height\":867},{\"@type\":\"BreadcrumbList\",\"@id\":\"https:\/\/cestysemtam.cz\/chorvatsko\/hum-nejmensi-mesto-sveta\/#breadcrumb\",\"itemListElement\":[{\"@type\":\"ListItem\",\"position\":1,\"name\":\"Dom\u016f\",\"item\":\"https:\/\/cestysemtam.cz\/\"},{\"@type\":\"ListItem\",\"position\":2,\"name\":\"Hum: nejmen\u0161\u00ed m\u011bsto sv\u011bta\"}]},{\"@type\":\"WebSite\",\"@id\":\"https:\/\/cestysemtam.cz\/#website\",\"url\":\"https:\/\/cestysemtam.cz\/\",\"name\":\"Cesty Sem Tam\",\"description\":\"Cestovatelsk\u00fd blog\",\"publisher\":{\"@id\":\"https:\/\/cestysemtam.cz\/#organization\"},\"potentialAction\":[{\"@type\":\"SearchAction\",\"target\":{\"@type\":\"EntryPoint\",\"urlTemplate\":\"https:\/\/cestysemtam.cz\/?s={search_term_string}\"},\"query-input\":{\"@type\":\"PropertyValueSpecification\",\"valueRequired\":true,\"valueName\":\"search_term_string\"}}],\"inLanguage\":\"en-GB\"},{\"@type\":\"Organization\",\"@id\":\"https:\/\/cestysemtam.cz\/#organization\",\"name\":\"Cesty Sem Tam\",\"url\":\"https:\/\/cestysemtam.cz\/\",\"logo\":{\"@type\":\"ImageObject\",\"inLanguage\":\"en-GB\",\"@id\":\"https:\/\/cestysemtam.cz\/#\/schema\/logo\/image\/\",\"url\":\"https:\/\/cestysemtam.cz\/wp-content\/uploads\/2023\/12\/logo-Cesty-Sem-Tam-1000px.png\",\"contentUrl\":\"https:\/\/cestysemtam.cz\/wp-content\/uploads\/2023\/12\/logo-Cesty-Sem-Tam-1000px.png\",\"width\":1000,\"height\":249,\"caption\":\"Cesty Sem Tam\"},\"image\":{\"@id\":\"https:\/\/cestysemtam.cz\/#\/schema\/logo\/image\/\"},\"sameAs\":[\"https:\/\/www.facebook.com\/profile.php?id=61572455318171\",\"https:\/\/x.com\/Cestysemtam\",\"https:\/\/www.instagram.com\/cestysemtam\/\",\"https:\/\/cz.pinterest.com\/katka1430\/_created\/\"]},{\"@type\":\"Person\",\"@id\":\"https:\/\/cestysemtam.cz\/#\/schema\/person\/2fcc6bbe4d0fc0052a39d9e68b43ea56\",\"name\":\"kata\",\"url\":\"https:\/\/cestysemtam.cz\/en\/author\/kata\/\"}]}<\/script>\n<!-- \/ Yoast SEO plugin. -->","yoast_head_json":{"title":"Hum: nejmen\u0161\u00ed m\u011bsto sv\u011bta - Cesty Sem Tam","robots":{"index":"index","follow":"follow","max-snippet":"max-snippet:-1","max-image-preview":"max-image-preview:large","max-video-preview":"max-video-preview:-1"},"canonical":"https:\/\/cestysemtam.cz\/en\/chorvatsko\/hum-nejmensi-mesto-sveta\/","og_locale":"en_GB","og_type":"article","og_title":"Hum: nejmen\u0161\u00ed m\u011bsto sv\u011bta - Cesty Sem Tam","og_description":"P\u0159i n\u00e1v\u0161t\u011bv\u011b Istrie nesm\u00edme vynechat ani malebn\u00e9 m\u011bste\u010dko Hum, kter\u00e9 se py\u0161n\u00ed titulem nejmen\u0161\u00edho m\u011bsta na sv\u011bt\u011b zapsan\u00e9ho v\u00a0Guinessov\u011b knize rekord\u016f. Podle pov\u011bsti bylo postaveno obry, kter\u00fdm zbylo trochu kamen\u00ed po zalo\u017een\u00ed n\u011bkolika dal\u0161\u00edch m\u011bst na okoln\u00edch kopc\u00edch. My odj\u00ed\u017ed\u00edme do m\u011bsta \u010dasn\u011bji, abychom tam byli okolo p\u016fl des\u00e1t\u00e9, a lehce na\u0161li parkovac\u00ed m\u00edsto, a [&hellip;]","og_url":"https:\/\/cestysemtam.cz\/en\/chorvatsko\/hum-nejmensi-mesto-sveta\/","og_site_name":"Cesty Sem Tam","article_publisher":"https:\/\/www.facebook.com\/profile.php?id=61572455318171","article_published_time":"2024-02-21T21:33:50+00:00","article_modified_time":"2025-07-02T10:27:12+00:00","og_image":[{"width":1300,"height":867,"url":"https:\/\/cestysemtam.cz\/wp-content\/uploads\/2024\/02\/00_UVODNI_Hum.jpg","type":"image\/jpeg"}],"author":"kata","twitter_card":"summary_large_image","twitter_creator":"@Cestysemtam","twitter_site":"@Cestysemtam","twitter_misc":{"Written by":"kata","Estimated reading time":"3 minutes"},"schema":{"@context":"https:\/\/schema.org","@graph":[{"@type":"Article","@id":"https:\/\/cestysemtam.cz\/chorvatsko\/hum-nejmensi-mesto-sveta\/#article","isPartOf":{"@id":"https:\/\/cestysemtam.cz\/chorvatsko\/hum-nejmensi-mesto-sveta\/"},"author":{"name":"kata","@id":"https:\/\/cestysemtam.cz\/#\/schema\/person\/2fcc6bbe4d0fc0052a39d9e68b43ea56"},"headline":"Hum: nejmen\u0161\u00ed m\u011bsto sv\u011bta","datePublished":"2024-02-21T21:33:50+00:00","dateModified":"2025-07-02T10:27:12+00:00","mainEntityOfPage":{"@id":"https:\/\/cestysemtam.cz\/chorvatsko\/hum-nejmensi-mesto-sveta\/"},"wordCount":678,"publisher":{"@id":"https:\/\/cestysemtam.cz\/#organization"},"image":{"@id":"https:\/\/cestysemtam.cz\/chorvatsko\/hum-nejmensi-mesto-sveta\/#primaryimage"},"thumbnailUrl":"https:\/\/cestysemtam.cz\/wp-content\/uploads\/2024\/02\/00_UVODNI_Hum.jpg","keywords":["Kostely"],"articleSection":["Chorvatsko"],"inLanguage":"en-GB"},{"@type":"WebPage","@id":"https:\/\/cestysemtam.cz\/chorvatsko\/hum-nejmensi-mesto-sveta\/","url":"https:\/\/cestysemtam.cz\/chorvatsko\/hum-nejmensi-mesto-sveta\/","name":"Hum: nejmen\u0161\u00ed m\u011bsto sv\u011bta - Cesty Sem Tam","isPartOf":{"@id":"https:\/\/cestysemtam.cz\/#website"},"primaryImageOfPage":{"@id":"https:\/\/cestysemtam.cz\/chorvatsko\/hum-nejmensi-mesto-sveta\/#primaryimage"},"image":{"@id":"https:\/\/cestysemtam.cz\/chorvatsko\/hum-nejmensi-mesto-sveta\/#primaryimage"},"thumbnailUrl":"https:\/\/cestysemtam.cz\/wp-content\/uploads\/2024\/02\/00_UVODNI_Hum.jpg","datePublished":"2024-02-21T21:33:50+00:00","dateModified":"2025-07-02T10:27:12+00:00","breadcrumb":{"@id":"https:\/\/cestysemtam.cz\/chorvatsko\/hum-nejmensi-mesto-sveta\/#breadcrumb"},"inLanguage":"en-GB","potentialAction":[{"@type":"ReadAction","target":["https:\/\/cestysemtam.cz\/chorvatsko\/hum-nejmensi-mesto-sveta\/"]}]},{"@type":"ImageObject","inLanguage":"en-GB","@id":"https:\/\/cestysemtam.cz\/chorvatsko\/hum-nejmensi-mesto-sveta\/#primaryimage","url":"https:\/\/cestysemtam.cz\/wp-content\/uploads\/2024\/02\/00_UVODNI_Hum.jpg","contentUrl":"https:\/\/cestysemtam.cz\/wp-content\/uploads\/2024\/02\/00_UVODNI_Hum.jpg","width":1300,"height":867},{"@type":"BreadcrumbList","@id":"https:\/\/cestysemtam.cz\/chorvatsko\/hum-nejmensi-mesto-sveta\/#breadcrumb","itemListElement":[{"@type":"ListItem","position":1,"name":"Dom\u016f","item":"https:\/\/cestysemtam.cz\/"},{"@type":"ListItem","position":2,"name":"Hum: nejmen\u0161\u00ed m\u011bsto sv\u011bta"}]},{"@type":"WebSite","@id":"https:\/\/cestysemtam.cz\/#website","url":"https:\/\/cestysemtam.cz\/","name":"Cesty Sem Tam","description":"Cestovatelsk\u00fd blog","publisher":{"@id":"https:\/\/cestysemtam.cz\/#organization"},"potentialAction":[{"@type":"SearchAction","target":{"@type":"EntryPoint","urlTemplate":"https:\/\/cestysemtam.cz\/?s={search_term_string}"},"query-input":{"@type":"PropertyValueSpecification","valueRequired":true,"valueName":"search_term_string"}}],"inLanguage":"en-GB"},{"@type":"Organization","@id":"https:\/\/cestysemtam.cz\/#organization","name":"Cesty Sem Tam","url":"https:\/\/cestysemtam.cz\/","logo":{"@type":"ImageObject","inLanguage":"en-GB","@id":"https:\/\/cestysemtam.cz\/#\/schema\/logo\/image\/","url":"https:\/\/cestysemtam.cz\/wp-content\/uploads\/2023\/12\/logo-Cesty-Sem-Tam-1000px.png","contentUrl":"https:\/\/cestysemtam.cz\/wp-content\/uploads\/2023\/12\/logo-Cesty-Sem-Tam-1000px.png","width":1000,"height":249,"caption":"Cesty Sem Tam"},"image":{"@id":"https:\/\/cestysemtam.cz\/#\/schema\/logo\/image\/"},"sameAs":["https:\/\/www.facebook.com\/profile.php?id=61572455318171","https:\/\/x.com\/Cestysemtam","https:\/\/www.instagram.com\/cestysemtam\/","https:\/\/cz.pinterest.com\/katka1430\/_created\/"]},{"@type":"Person","@id":"https:\/\/cestysemtam.cz\/#\/schema\/person\/2fcc6bbe4d0fc0052a39d9e68b43ea56","name":"kata","url":"https:\/\/cestysemtam.cz\/en\/author\/kata\/"}]}},"_links":{"self":[{"href":"https:\/\/cestysemtam.cz\/en\/wp-json\/wp\/v2\/posts\/4717","targetHints":{"allow":["GET"]}}],"collection":[{"href":"https:\/\/cestysemtam.cz\/en\/wp-json\/wp\/v2\/posts"}],"about":[{"href":"https:\/\/cestysemtam.cz\/en\/wp-json\/wp\/v2\/types\/post"}],"author":[{"embeddable":true,"href":"https:\/\/cestysemtam.cz\/en\/wp-json\/wp\/v2\/users\/3"}],"replies":[{"embeddable":true,"href":"https:\/\/cestysemtam.cz\/en\/wp-json\/wp\/v2\/comments?post=4717"}],"version-history":[{"count":18,"href":"https:\/\/cestysemtam.cz\/en\/wp-json\/wp\/v2\/posts\/4717\/revisions"}],"predecessor-version":[{"id":6918,"href":"https:\/\/cestysemtam.cz\/en\/wp-json\/wp\/v2\/posts\/4717\/revisions\/6918"}],"wp:featuredmedia":[{"embeddable":true,"href":"https:\/\/cestysemtam.cz\/en\/wp-json\/wp\/v2\/media\/6845"}],"wp:attachment":[{"href":"https:\/\/cestysemtam.cz\/en\/wp-json\/wp\/v2\/media?parent=4717"}],"wp:term":[{"taxonomy":"category","embeddable":true,"href":"https:\/\/cestysemtam.cz\/en\/wp-json\/wp\/v2\/categories?post=4717"},{"taxonomy":"post_tag","embeddable":true,"href":"https:\/\/cestysemtam.cz\/en\/wp-json\/wp\/v2\/tags?post=4717"}],"curies":[{"name":"wp","href":"https:\/\/api.w.org\/{rel}","templated":true}]}}