{"id":5891,"date":"2025-01-12T13:06:34","date_gmt":"2025-01-12T12:06:34","guid":{"rendered":"https:\/\/cestysemtam.cz\/?p=5891"},"modified":"2025-07-08T10:45:51","modified_gmt":"2025-07-08T09:45:51","slug":"lutych-mesto-kontrastu-kultury-a-krimi","status":"publish","type":"post","link":"https:\/\/cestysemtam.cz\/en\/belgie\/lutych-mesto-kontrastu-kultury-a-krimi\/","title":{"rendered":"Li\u00e8ge: a city of contrasts, culture and crime"},"content":{"rendered":"<p>Head to the heart of Wallonia, to a city that will enchant you with its rich history, vibrant culture and unique charm. Li\u00e8ge is not just the name of a city\u2014it\u2019s a story that began in Roman times. Today, it\u2019s a place where French elegance blends with Belgian ease. And what\u2019s more, it\u2019s the birthplace of one of Belgium\u2019s most famous writers of all time, Georges Simenon, the creator of the Inspector Maigret detective novels.<\/p>\n<p>&nbsp;<\/p>\n<h4>La Boverie Museum and Park<\/h4>\n<p>Imagine finding an oasis of calm in the middle of the city. Parc de la Boverie is exactly that kind of place. Stroll among blooming roses, admire the futuristic Nicolas Sch\u00f6ffer Tower, and don\u2019t forget to take in the view of the museum\u2019s elegant building. And if you get hungry? Just spread out a blanket and enjoy <strong>a picnic<\/strong>.<\/p>\n<p>Now for the best part\u2014 <a href=\"https:\/\/en.laboverie.com\/\" target=\"_blank\" rel=\"noopener\">the La Boverie Museum<\/a>. Inside, you\u2019ll find masterpieces ranging from the Renaissance to contemporary art. Gauguin, Chagall, Picasso, Magritte\u2014these are just a few of the artists whose works you can admire here. And if you start feeling lost in all that art, stop by <strong>the little boutique<\/strong> and take home a piece of inspiration.<\/p>\n<p>Address: Parc de la Boverie 3, Li\u00e8ge<\/p>\n\n\t\t<style type=\"text\/css\">\n\t\t\t#gallery-1 {\n\t\t\t\tmargin: auto;\n\t\t\t}\n\t\t\t#gallery-1 .gallery-item {\n\t\t\t\tfloat: left;\n\t\t\t\tmargin-top: 10px;\n\t\t\t\ttext-align: center;\n\t\t\t\twidth: 50%;\n\t\t\t}\n\t\t\t#gallery-1 img {\n\t\t\t\tborder: 2px solid #cfcfcf;\n\t\t\t}\n\t\t\t#gallery-1 .gallery-caption {\n\t\t\t\tmargin-left: 0;\n\t\t\t}\n\t\t\t\/* see gallery_shortcode() in wp-includes\/media.php *\/\n\t\t<\/style>\n\t\t<div id='gallery-1' class='gallery galleryid-5891 gallery-columns-2 gallery-size-large'><dl class='gallery-item'>\n\t\t\t<dt class='gallery-icon landscape'>\n\t\t\t\t<a href='https:\/\/cestysemtam.cz\/wp-content\/uploads\/2025\/01\/01_Liege.jpg'><img loading=\"lazy\" decoding=\"async\" width=\"1024\" height=\"720\" src=\"https:\/\/cestysemtam.cz\/wp-content\/uploads\/2025\/01\/01_Liege-1024x720.jpg\" class=\"attachment-large size-large\" alt=\"\" aria-describedby=\"gallery-1-7004\" srcset=\"https:\/\/cestysemtam.cz\/wp-content\/uploads\/2025\/01\/01_Liege-980x689.jpg 980w, https:\/\/cestysemtam.cz\/wp-content\/uploads\/2025\/01\/01_Liege-480x337.jpg 480w\" sizes=\"(min-width: 0px) and (max-width: 480px) 480px, (min-width: 481px) and (max-width: 980px) 980px, (min-width: 981px) 1024px, 100vw\" \/><\/a>\n\t\t\t<\/dt>\n\t\t\t\t<dd class='wp-caption-text gallery-caption' id='gallery-1-7004'>\n\t\t\t\tLa Boverie \u2013 Magritte\n\t\t\t\t<\/dd><\/dl><dl class='gallery-item'>\n\t\t\t<dt class='gallery-icon landscape'>\n\t\t\t\t<a href='https:\/\/cestysemtam.cz\/wp-content\/uploads\/2025\/01\/02_Liege.jpg'><img loading=\"lazy\" decoding=\"async\" width=\"1024\" height=\"720\" src=\"https:\/\/cestysemtam.cz\/wp-content\/uploads\/2025\/01\/02_Liege-1024x720.jpg\" class=\"attachment-large size-large\" alt=\"\" aria-describedby=\"gallery-1-7005\" srcset=\"https:\/\/cestysemtam.cz\/wp-content\/uploads\/2025\/01\/02_Liege-980x689.jpg 980w, https:\/\/cestysemtam.cz\/wp-content\/uploads\/2025\/01\/02_Liege-480x337.jpg 480w\" sizes=\"(min-width: 0px) and (max-width: 480px) 480px, (min-width: 481px) and (max-width: 980px) 980px, (min-width: 981px) 1024px, 100vw\" \/><\/a>\n\t\t\t<\/dt>\n\t\t\t\t<dd class='wp-caption-text gallery-caption' id='gallery-1-7005'>\n\t\t\t\tLa Boverie \u2013 Signac\n\t\t\t\t<\/dd><\/dl><br style=\"clear: both\" \/>\n\t\t<\/div>\n\n<p>After visiting the museum, take a stroll across the \"Passerelle La Belle Li\u00e9geoise\" bridge and admire the views of Li\u00e8ge's modern architecture.<\/p>\n<p>&nbsp;<\/p>\n<h4>Paradis Tower (Tour Paradis)<\/h4>\n<p>This elegant structure, also known as the Financial Tower, rises to a height of 118 meters and serves as the headquarters for the city's financial institutions. Not only is its height impressive, but so is the speed of its construction\u2014the entire project was completed in less than three years.<\/p>\n<p>And why \"Paradis\"? The name might surprise you at first, but it\u2019s no coincidence. The tower stands on the site of a 19th-century chapel called Paradiso. While it may seem a bit unusual, the name \"Paradise\" was not uncommon in the past. So, when you walk by the foot of the tower today, you can remember that this place has deep historical roots.<\/p>\n<p>Address: Rue de Fragn\u00e9e 2, Li\u00e8ge<\/p>\n<p>&nbsp;<\/p>\n<h4>Railway Station (Gare Li\u00e8ge-Guillemins)<\/h4>\n<p>Founded in 1863, this station has undergone a turbulent evolution. It has undergone several reconstructions, including one after the 1905 World\u2019s Fair. But what we see today is the work of world-renowned architect Santiago Calatrava. His futuristic building, with its arched roof of metal and glass, resembles a spaceship ready for takeoff.<\/p>\n<p>Address: Place des Guillemins 2, Li\u00e8ge<\/p>\n\n\t\t<style type=\"text\/css\">\n\t\t\t#gallery-2 {\n\t\t\t\tmargin: auto;\n\t\t\t}\n\t\t\t#gallery-2 .gallery-item {\n\t\t\t\tfloat: left;\n\t\t\t\tmargin-top: 10px;\n\t\t\t\ttext-align: center;\n\t\t\t\twidth: 50%;\n\t\t\t}\n\t\t\t#gallery-2 img {\n\t\t\t\tborder: 2px solid #cfcfcf;\n\t\t\t}\n\t\t\t#gallery-2 .gallery-caption {\n\t\t\t\tmargin-left: 0;\n\t\t\t}\n\t\t\t\/* see gallery_shortcode() in wp-includes\/media.php *\/\n\t\t<\/style>\n\t\t<div id='gallery-2' class='gallery galleryid-5891 gallery-columns-2 gallery-size-large'><dl class='gallery-item'>\n\t\t\t<dt class='gallery-icon landscape'>\n\t\t\t\t<a href='https:\/\/cestysemtam.cz\/wp-content\/uploads\/2025\/01\/03_Liege.jpg'><img loading=\"lazy\" decoding=\"async\" width=\"1024\" height=\"720\" src=\"https:\/\/cestysemtam.cz\/wp-content\/uploads\/2025\/01\/03_Liege-1024x720.jpg\" class=\"attachment-large size-large\" alt=\"\" aria-describedby=\"gallery-2-7007\" srcset=\"https:\/\/cestysemtam.cz\/wp-content\/uploads\/2025\/01\/03_Liege-980x689.jpg 980w, https:\/\/cestysemtam.cz\/wp-content\/uploads\/2025\/01\/03_Liege-480x338.jpg 480w\" sizes=\"(min-width: 0px) and (max-width: 480px) 480px, (min-width: 481px) and (max-width: 980px) 980px, (min-width: 981px) 1024px, 100vw\" \/><\/a>\n\t\t\t<\/dt>\n\t\t\t\t<dd class='wp-caption-text gallery-caption' id='gallery-2-7007'>\n\t\t\t\tRailway Station\n\t\t\t\t<\/dd><\/dl><dl class='gallery-item'>\n\t\t\t<dt class='gallery-icon landscape'>\n\t\t\t\t<a href='https:\/\/cestysemtam.cz\/wp-content\/uploads\/2025\/01\/04_Liege_PB.jpg'><img loading=\"lazy\" decoding=\"async\" width=\"1024\" height=\"720\" src=\"https:\/\/cestysemtam.cz\/wp-content\/uploads\/2025\/01\/04_Liege_PB-1024x720.jpg\" class=\"attachment-large size-large\" alt=\"\" aria-describedby=\"gallery-2-7008\" srcset=\"https:\/\/cestysemtam.cz\/wp-content\/uploads\/2025\/01\/04_Liege_PB-980x689.jpg 980w, https:\/\/cestysemtam.cz\/wp-content\/uploads\/2025\/01\/04_Liege_PB-480x338.jpg 480w\" sizes=\"(min-width: 0px) and (max-width: 480px) 480px, (min-width: 481px) and (max-width: 980px) 980px, (min-width: 981px) 1024px, 100vw\" \/><\/a>\n\t\t\t<\/dt>\n\t\t\t\t<dd class='wp-caption-text gallery-caption' id='gallery-2-7008'>\n\t\t\t\tRailway Station\n\t\t\t\t<\/dd><\/dl><br style=\"clear: both\" \/>\n\t\t<\/div>\n\n<p>&nbsp;<\/p>\n<h5>Our tip:<\/h5>\n<p>After visiting the train station, head down the elegant street<strong> Rue Dartois <\/strong>and let yourself be captivated by architectural masterpieces. The houses here, as if taken straight from an art history textbook, will transport you to the 19th century. Neoclassical facades alternate with whimsical Art Nouveau elements.<\/p>\n<p>&nbsp;<\/p>\n<h4>Church of Saint James (\u00c9glise Saint-Jacques de Li\u00e8ge)<\/h4>\n<p>Imagine standing before an imposing structure with over a thousand years of history. That\u2019s exactly what the Church of Saint James is like. Its foundations date back to 1015, when an abbey was first established here. Today, only this magnificent Gothic masterpiece remains, but it\u2019s precisely this blend of old and new that gives it its unique atmosphere.<\/p>\n<p>When you step inside, you\u2019ll feel like you\u2019re in a fairy tale. Your eyes will wander in every direction. The 16th-century stained-glass windows tell stories of ancient times; the monks\u2019 choir stalls will take you back to the Middle Ages and the Baroque statues by the famous Jean Del Cour will speak to you of art and religion.<\/p>\n<p>And what about <strong>the double spiral staircase<\/strong>? That\u2019s simply something you have to see with your own eyes! Not only is it an architectural rarity, but it\u2019s also a great opportunity to feel like you\u2019re in some mysterious monastery.<\/p>\n<p>The Church of Saint James isn\u2019t just a place for prayer\u2014it\u2019s also a prestigious cultural centre. Concerts and performances are regularly held here, so if you\u2019re lucky, you might just experience a unique artistic moment.<\/p>\n<p>Address: Place Saint Jacques 8, Li\u00e8ge<\/p>\n\n\t\t<style type=\"text\/css\">\n\t\t\t#gallery-3 {\n\t\t\t\tmargin: auto;\n\t\t\t}\n\t\t\t#gallery-3 .gallery-item {\n\t\t\t\tfloat: left;\n\t\t\t\tmargin-top: 10px;\n\t\t\t\ttext-align: center;\n\t\t\t\twidth: 50%;\n\t\t\t}\n\t\t\t#gallery-3 img {\n\t\t\t\tborder: 2px solid #cfcfcf;\n\t\t\t}\n\t\t\t#gallery-3 .gallery-caption {\n\t\t\t\tmargin-left: 0;\n\t\t\t}\n\t\t\t\/* see gallery_shortcode() in wp-includes\/media.php *\/\n\t\t<\/style>\n\t\t<div id='gallery-3' class='gallery galleryid-5891 gallery-columns-2 gallery-size-large'><dl class='gallery-item'>\n\t\t\t<dt class='gallery-icon portrait'>\n\t\t\t\t<a href='https:\/\/cestysemtam.cz\/wp-content\/uploads\/2025\/01\/05_Liege.jpg'><img loading=\"lazy\" decoding=\"async\" width=\"802\" height=\"1015\" src=\"https:\/\/cestysemtam.cz\/wp-content\/uploads\/2025\/01\/05_Liege.jpg\" class=\"attachment-large size-large\" alt=\"\" aria-describedby=\"gallery-3-7009\" srcset=\"https:\/\/cestysemtam.cz\/wp-content\/uploads\/2025\/01\/05_Liege.jpg 802w, https:\/\/cestysemtam.cz\/wp-content\/uploads\/2025\/01\/05_Liege-480x607.jpg 480w\" sizes=\"(min-width: 0px) and (max-width: 480px) 480px, (min-width: 481px) 802px, 100vw\" \/><\/a>\n\t\t\t<\/dt>\n\t\t\t\t<dd class='wp-caption-text gallery-caption' id='gallery-3-7009'>\n\t\t\t\tChurch of St. James\n\t\t\t\t<\/dd><\/dl><dl class='gallery-item'>\n\t\t\t<dt class='gallery-icon portrait'>\n\t\t\t\t<a href='https:\/\/cestysemtam.cz\/wp-content\/uploads\/2025\/01\/06_Liege.jpg'><img loading=\"lazy\" decoding=\"async\" width=\"785\" height=\"995\" src=\"https:\/\/cestysemtam.cz\/wp-content\/uploads\/2025\/01\/06_Liege.jpg\" class=\"attachment-large size-large\" alt=\"\" aria-describedby=\"gallery-3-7010\" srcset=\"https:\/\/cestysemtam.cz\/wp-content\/uploads\/2025\/01\/06_Liege.jpg 785w, https:\/\/cestysemtam.cz\/wp-content\/uploads\/2025\/01\/06_Liege-480x608.jpg 480w\" sizes=\"(min-width: 0px) and (max-width: 480px) 480px, (min-width: 481px) 785px, 100vw\" \/><\/a>\n\t\t\t<\/dt>\n\t\t\t\t<dd class='wp-caption-text gallery-caption' id='gallery-3-7010'>\n\t\t\t\tChurch of St. James\n\t\t\t\t<\/dd><\/dl><br style=\"clear: both\" \/>\n\t\t<\/div>\n\n<p>&nbsp;<\/p>\n<h4>Saint Paul's Cathedral (Cath\u00e9drale Saint-Paul de Li\u00e8ge)<\/h4>\n<p>This Gothic masterpiece, whose construction spanned nearly 200 years, holds countless fascinating stories within its walls. Did you know that the famous Czech chronicler Cosmas of Prague once studied here? Or that its tower resonates with the sound of up to 49 bells?<\/p>\n<p>Hidden in the <a href=\"http:\/\/www.cathedraledeliege.be\/\" target=\"_blank\" rel=\"noopener\">cathedral\u2019s<\/a> cloister is a true treasure\u2014 <strong>the Cathedral Treasury <\/strong>(Tr\u00e9sor de Li\u00e8ge). Here, priceless artifacts are gathered, each telling the rich history of the Prince-Bishopric of Li\u00e8ge. If you love history and art, a visit to the treasury is an absolute must.<\/p>\n<p>Address: Place de la Cath\u00e9drale, Li\u00e8ge<\/p>\n\n\t\t<style type=\"text\/css\">\n\t\t\t#gallery-4 {\n\t\t\t\tmargin: auto;\n\t\t\t}\n\t\t\t#gallery-4 .gallery-item {\n\t\t\t\tfloat: left;\n\t\t\t\tmargin-top: 10px;\n\t\t\t\ttext-align: center;\n\t\t\t\twidth: 50%;\n\t\t\t}\n\t\t\t#gallery-4 img {\n\t\t\t\tborder: 2px solid #cfcfcf;\n\t\t\t}\n\t\t\t#gallery-4 .gallery-caption {\n\t\t\t\tmargin-left: 0;\n\t\t\t}\n\t\t\t\/* see gallery_shortcode() in wp-includes\/media.php *\/\n\t\t<\/style>\n\t\t<div id='gallery-4' class='gallery galleryid-5891 gallery-columns-2 gallery-size-large'><dl class='gallery-item'>\n\t\t\t<dt class='gallery-icon portrait'>\n\t\t\t\t<a href='https:\/\/cestysemtam.cz\/wp-content\/uploads\/2025\/01\/07_Liege.jpg'><img loading=\"lazy\" decoding=\"async\" width=\"809\" height=\"1024\" src=\"https:\/\/cestysemtam.cz\/wp-content\/uploads\/2025\/01\/07_Liege-809x1024.jpg\" class=\"attachment-large size-large\" alt=\"\" aria-describedby=\"gallery-4-7012\" srcset=\"https:\/\/cestysemtam.cz\/wp-content\/uploads\/2025\/01\/07_Liege-809x1024.jpg 809w, https:\/\/cestysemtam.cz\/wp-content\/uploads\/2025\/01\/07_Liege-480x608.jpg 480w\" sizes=\"(min-width: 0px) and (max-width: 480px) 480px, (min-width: 481px) 809px, 100vw\" \/><\/a>\n\t\t\t<\/dt>\n\t\t\t\t<dd class='wp-caption-text gallery-caption' id='gallery-4-7012'>\n\t\t\t\tSt. Paul's Cathedral\n\t\t\t\t<\/dd><\/dl><dl class='gallery-item'>\n\t\t\t<dt class='gallery-icon portrait'>\n\t\t\t\t<a href='https:\/\/cestysemtam.cz\/wp-content\/uploads\/2025\/01\/08_Liege_PB.jpg'><img loading=\"lazy\" decoding=\"async\" width=\"801\" height=\"1014\" src=\"https:\/\/cestysemtam.cz\/wp-content\/uploads\/2025\/01\/08_Liege_PB.jpg\" class=\"attachment-large size-large\" alt=\"\" aria-describedby=\"gallery-4-7013\" srcset=\"https:\/\/cestysemtam.cz\/wp-content\/uploads\/2025\/01\/08_Liege_PB.jpg 801w, https:\/\/cestysemtam.cz\/wp-content\/uploads\/2025\/01\/08_Liege_PB-480x608.jpg 480w\" sizes=\"(min-width: 0px) and (max-width: 480px) 480px, (min-width: 481px) 801px, 100vw\" \/><\/a>\n\t\t\t<\/dt>\n\t\t\t\t<dd class='wp-caption-text gallery-caption' id='gallery-4-7013'>\n\t\t\t\tSt. Paul's Cathedral\n\t\t\t\t<\/dd><\/dl><br style=\"clear: both\" \/>\n\t\t<\/div>\n\n<p>After admiring Li\u00e8ge\u2019s treasures, take a stroll through its picturesque streets. Stop by Place Saint-Lambert and Place du March\u00e9, where you\u2019ll be charmed by the Prince-Bishops' Palace and the Le Perron monument.<\/p>\n<p>&nbsp;<\/p>\n<h4>Saint Lambert Square (Place Saint-Lambert)<\/h4>\n<p>This square holds one of the most fascinating chapters in the city\u2019s history. It was here that the imposing Saint Lambert\u2019s Cathedral once stood. Unfortunately, in 1794, it was destroyed in a devastating revolutionary storm. Only its foundations remain, which you can explore in the underground <a href=\"https:\/\/www.archeoforumdeliege.be\/fr\/\" target=\"_blank\" rel=\"noopener\"><strong>Arch\u00e9oforum<\/strong><\/a>. It\u2019s like stepping into the past and touching the remnants of its former glory.<\/p>\n<p>And how about visiting the very seat of power? Towering over the square is the majestic <strong>Prince-Bishops' Palace<\/strong> (Palais des Princes-\u00c9v\u00eaques). This was the centre of political and spiritual life in the city. The prince-bishops ruled with an iron fist, deciding the fate of the city and its people. Today, it houses the courthouse and the provincial government building. You could think of it as a small-scale Versailles in the heart of Wallonia.<\/p>\n<p>&nbsp;<\/p>\n<h4>Market Square (Place du March\u00e9)<\/h4>\n<p>As the name suggests, Market Square has always been the bustling heart of the city. At first glance, you\u2019ll notice its main attractions: <strong>Le Perron<\/strong> and the Town Hall <strong>La Violette<\/strong> (Violet).<\/p>\n<p>Le Perron, a slender and elegant monument, is a symbol of the city\u2019s freedom. Its story reads like something out of a novel. Once, Charles the Bold, the Duke of Burgundy, had it taken to Bruges to crush the rebellious city of Li\u00e8ge. Fortunately, Le Perron was returned and now stands as a proud testament to the resilience of the locals. Today, it is adorned with the Three Graces, supporting a pinecone with a cross\u2014a symbol of Christianity. The Town Hall La Violette, with its purple fa\u00e7ade, is a reminder of the city\u2019s former power.<\/p>\n<p>The entire square feels like a living painting. The ancient houses\u2014some with flat roofs that survived the war\u2014give the place its unique character.<\/p>\n<p>From the square, embark on an adventure and climb the Montagne de Bueren stairs. It\u2019s a bit of a challenge for the untrained, but the view from the top is worth it. You\u2019ll see the entire city spread out before you and feel like a conqueror.<\/p>\n<p>&nbsp;<\/p>\n<h4>Bueren Mountain (Montagne de Bueren)<\/h4>\n<p>Imagine standing at the foot of a stone giant towering into the sky. No, this isn\u2019t a fantasy novel\u2014it\u2019s reality. This long stone staircase, with an incredible 374 steps, leads up Bueren Hill. And believe it or not, every single step has its own story.<\/p>\n<p>This unique 19th-century creation was built as a tribute to 600 brave Belgian soldiers who fell in the fight for the country\u2019s independence. It takes its name from Vincent de Bueren, a nobleman who left an indelible mark on Li\u00e8ge\u2019s history. When Charles the Bold, Duke of Burgundy, attacked the town in 1468, de Bueren led a desperate yet heroic defence.<\/p>\n<p>But that\u2019s not the whole story. In reality, the staircase was primarily a strategic feature\u2014designed to allow soldiers to move quickly from the citadel to the city centre in case of danger. But times changed, and the citadel lost its importance, leaving today\u2019s staircase as a silent witness to long-past events.<\/p>\n<p>As you climb the steps, you\u2019ll feel like the hero of a historical novel. With each step, you get a little closer to the past. At the top, you\u2019ll not only find an amazing view of the city but also <strong>a monumental<\/strong> <strong>obelisk<\/strong> dedicated to the 14th Line Regiment of the Belgian Army (Monument au 14\u00e8me R\u00e9giment de Ligne), which fought in World War I.<\/p>\n<p>Address: Boulevard du 14\u00e8me de Ligne, Li\u00e8ge<\/p>\n\n\t\t<style type=\"text\/css\">\n\t\t\t#gallery-5 {\n\t\t\t\tmargin: auto;\n\t\t\t}\n\t\t\t#gallery-5 .gallery-item {\n\t\t\t\tfloat: left;\n\t\t\t\tmargin-top: 10px;\n\t\t\t\ttext-align: center;\n\t\t\t\twidth: 50%;\n\t\t\t}\n\t\t\t#gallery-5 img {\n\t\t\t\tborder: 2px solid #cfcfcf;\n\t\t\t}\n\t\t\t#gallery-5 .gallery-caption {\n\t\t\t\tmargin-left: 0;\n\t\t\t}\n\t\t\t\/* see gallery_shortcode() in wp-includes\/media.php *\/\n\t\t<\/style>\n\t\t<div id='gallery-5' class='gallery galleryid-5891 gallery-columns-2 gallery-size-large'><dl class='gallery-item'>\n\t\t\t<dt class='gallery-icon portrait'>\n\t\t\t\t<a href='https:\/\/cestysemtam.cz\/wp-content\/uploads\/2025\/01\/09_Liege.jpg'><img loading=\"lazy\" decoding=\"async\" width=\"809\" height=\"1024\" src=\"https:\/\/cestysemtam.cz\/wp-content\/uploads\/2025\/01\/09_Liege-809x1024.jpg\" class=\"attachment-large size-large\" alt=\"\" aria-describedby=\"gallery-5-7014\" srcset=\"https:\/\/cestysemtam.cz\/wp-content\/uploads\/2025\/01\/09_Liege-809x1024.jpg 809w, https:\/\/cestysemtam.cz\/wp-content\/uploads\/2025\/01\/09_Liege-480x608.jpg 480w\" sizes=\"(min-width: 0px) and (max-width: 480px) 480px, (min-width: 481px) 809px, 100vw\" \/><\/a>\n\t\t\t<\/dt>\n\t\t\t\t<dd class='wp-caption-text gallery-caption' id='gallery-5-7014'>\n\t\t\t\tSt. Paul's Cathedral\n\t\t\t\t<\/dd><\/dl><dl class='gallery-item'>\n\t\t\t<dt class='gallery-icon portrait'>\n\t\t\t\t<a href='https:\/\/cestysemtam.cz\/wp-content\/uploads\/2025\/01\/10_Liege.jpg'><img loading=\"lazy\" decoding=\"async\" width=\"791\" height=\"1002\" src=\"https:\/\/cestysemtam.cz\/wp-content\/uploads\/2025\/01\/10_Liege.jpg\" class=\"attachment-large size-large\" alt=\"\" aria-describedby=\"gallery-5-7015\" srcset=\"https:\/\/cestysemtam.cz\/wp-content\/uploads\/2025\/01\/10_Liege.jpg 791w, https:\/\/cestysemtam.cz\/wp-content\/uploads\/2025\/01\/10_Liege-480x608.jpg 480w\" sizes=\"(min-width: 0px) and (max-width: 480px) 480px, (min-width: 481px) 791px, 100vw\" \/><\/a>\n\t\t\t<\/dt>\n\t\t\t\t<dd class='wp-caption-text gallery-caption' id='gallery-5-7015'>\n\t\t\t\tBueren Mountain\n\t\t\t\t<\/dd><\/dl><br style=\"clear: both\" \/>\n\t\t<\/div>\n\n<p>Once you\u2019ve enjoyed the view, descend the stairs and head to the Le Grand Curtius Museum.<\/p>\n<p>&nbsp;<\/p>\n<h4>Le Grand Curtius Museum<\/h4>\n<p>This <a href=\"https:\/\/www.grandcurtius.be\/en\" target=\"_blank\" rel=\"noopener\">architectural gem<\/a>, born from the fusion of ancient and modern buildings, will transport you to distant times. Wander through exhibitions that bring the city\u2019s rich history to life. And don\u2019t worry\u2014even lovers of Czech art won\u2019t be disappointed, as the collections here include exquisite pieces of Czech porcelain. It\u2019s like flipping through a picture book full of stories.<\/p>\n<p>Address: F\u00e9ronstr\u00e9e 136, Li\u00e8ge<\/p>\n\n\t\t<style type=\"text\/css\">\n\t\t\t#gallery-6 {\n\t\t\t\tmargin: auto;\n\t\t\t}\n\t\t\t#gallery-6 .gallery-item {\n\t\t\t\tfloat: left;\n\t\t\t\tmargin-top: 10px;\n\t\t\t\ttext-align: center;\n\t\t\t\twidth: 50%;\n\t\t\t}\n\t\t\t#gallery-6 img {\n\t\t\t\tborder: 2px solid #cfcfcf;\n\t\t\t}\n\t\t\t#gallery-6 .gallery-caption {\n\t\t\t\tmargin-left: 0;\n\t\t\t}\n\t\t\t\/* see gallery_shortcode() in wp-includes\/media.php *\/\n\t\t<\/style>\n\t\t<div id='gallery-6' class='gallery galleryid-5891 gallery-columns-2 gallery-size-large'><dl class='gallery-item'>\n\t\t\t<dt class='gallery-icon portrait'>\n\t\t\t\t<a href='https:\/\/cestysemtam.cz\/wp-content\/uploads\/2025\/01\/11_Liege.jpg'><img loading=\"lazy\" decoding=\"async\" width=\"809\" height=\"1024\" src=\"https:\/\/cestysemtam.cz\/wp-content\/uploads\/2025\/01\/11_Liege-809x1024.jpg\" class=\"attachment-large size-large\" alt=\"\" aria-describedby=\"gallery-6-7016\" srcset=\"https:\/\/cestysemtam.cz\/wp-content\/uploads\/2025\/01\/11_Liege-809x1024.jpg 809w, https:\/\/cestysemtam.cz\/wp-content\/uploads\/2025\/01\/11_Liege-480x608.jpg 480w\" sizes=\"(min-width: 0px) and (max-width: 480px) 480px, (min-width: 481px) 809px, 100vw\" \/><\/a>\n\t\t\t<\/dt>\n\t\t\t\t<dd class='wp-caption-text gallery-caption' id='gallery-6-7016'>\n\t\t\t\tLe Grand Curtius Museum\n\t\t\t\t<\/dd><\/dl><dl class='gallery-item'>\n\t\t\t<dt class='gallery-icon portrait'>\n\t\t\t\t<a href='https:\/\/cestysemtam.cz\/wp-content\/uploads\/2025\/01\/12_Liege.jpg'><img loading=\"lazy\" decoding=\"async\" width=\"809\" height=\"1024\" src=\"https:\/\/cestysemtam.cz\/wp-content\/uploads\/2025\/01\/12_Liege-809x1024.jpg\" class=\"attachment-large size-large\" alt=\"\" aria-describedby=\"gallery-6-7017\" srcset=\"https:\/\/cestysemtam.cz\/wp-content\/uploads\/2025\/01\/12_Liege-809x1024.jpg 809w, https:\/\/cestysemtam.cz\/wp-content\/uploads\/2025\/01\/12_Liege-480x608.jpg 480w\" sizes=\"(min-width: 0px) and (max-width: 480px) 480px, (min-width: 481px) 809px, 100vw\" \/><\/a>\n\t\t\t<\/dt>\n\t\t\t\t<dd class='wp-caption-text gallery-caption' id='gallery-6-7017'>\n\t\t\t\tLe Grand Curtius Museum\n\t\t\t\t<\/dd><\/dl><br style=\"clear: both\" \/>\n\t\t<\/div>\n\n<p>&nbsp;<\/p>\n<h5>Our gourmet tip:<\/h5>\n<p>If you have a sweet tooth, Li\u00e8ge offers a delicious culinary experience\u2014 <strong>Li\u00e8ge waffles<\/strong>\u00a0(Gaufres de Li\u00e8ge)! Unlike the fluffy Brussels waffles, these are crispy on the outside, denser on the inside and have a sweeter dough. They\u2019re baked right in front of you, filled with the aroma of cinnamon and taste best when still warm from a street stall.<\/p>\n<p>&nbsp;<\/p>\n<h5>Our parking tip:<\/h5>\n<p>We parked our four-wheeled darling in the garages of <a href=\"https:\/\/mediacite.be\/en\/\" target=\"_blank\" rel=\"noopener\">the M\u00e9diacit\u00e9 shopping centre<\/a>. From there, it was just a short walk to Parc de la Boverie.<\/p>\n<p>Address: Boulevard Raymond Poincar\u00e9 7, Li\u00e8ge<\/p>\n<p>&nbsp;<\/p>\n<h5>Our final invitation:<\/h5>\n<p>Just about 20 minutes from bustling Li\u00e8ge, you can step into a world where crystal glimmers and history meet the present. <strong>Ch\u00e2teau du Val Saint-Lambert<\/strong>, an elegant chateau with soul, houses the <a href=\"https:\/\/www.museeduval.be\/\" target=\"_blank\" rel=\"noopener\"><strong>Mus\u00e9e du Val<\/strong><\/a>, which will enchant you with its uniqueness.<\/p>\n<p><strong>Cristal Discovery<\/strong> \u2014isn\u2019t just any museum. It\u2019s more like a journey through time. Imagine finding yourself right in the heart of a glassblowing workshop. A film immerses you in the story of the people who once toiled here, creating works of art. And there\u2019s no shortage of masterpieces! From delicate jewellery to breathtaking giant sculptures.<\/p>\n<p>Interactive fun guaranteed! You can touch cool crystal and take home a souvenir. And while you\u2019re in this glassmaking paradise, be sure to stop by the on-site <strong>shop<\/strong>. There, you\u2019ll find original pieces at pleasantly surprising prices.<\/p>\n<p>Bonus? Spacious on-site parking is free.<\/p>\n<p>Address: Esplanade du Val, Seraing<\/p>","protected":false},"excerpt":{"rendered":"<p>Vydejte se do srdce Valonska, do m\u011bsta, kter\u00e9 v\u00e1s okouzl\u00ed svou bohatou histori\u00ed, \u017eivou kulturou a osobit\u00fdm \u0161armem. Lutych (Li\u00e8ge), to nen\u00ed jenom n\u00e1zev m\u011bsta, ale tak\u00e9 p\u0159\u00edb\u011bh, kter\u00fd se za\u010dal ps\u00e1t u\u017e za dob \u0158\u00edman\u016f. Dnes je to m\u00edsto, kde se m\u00eds\u00ed francouzsk\u00fd \u0161arm s belgickou pohodou. A co v\u00edc, je to tak\u00e9 rodi\u0161t\u011b [&hellip;]<\/p>\n","protected":false},"author":3,"featured_media":7003,"comment_status":"closed","ping_status":"closed","sticky":false,"template":"","format":"standard","meta":{"_et_pb_use_builder":"","_et_pb_old_content":"","_et_gb_content_width":"","footnotes":""},"categories":[33],"tags":[43,31,56,32,51],"class_list":["post-5891","post","type-post","status-publish","format-standard","has-post-thumbnail","hentry","category-belgie","tag-kostely","tag-muzea","tag-pamatniky","tag-parky","tag-veze"],"yoast_head":"<!-- This site is optimized with the Yoast SEO plugin v27.1.1 - https:\/\/yoast.com\/product\/yoast-seo-wordpress\/ -->\n<title>Lutych: m\u011bsto kontrast\u016f, kultury a krimi - Cesty Sem Tam<\/title>\n<meta name=\"robots\" content=\"index, follow, max-snippet:-1, max-image-preview:large, max-video-preview:-1\" \/>\n<link rel=\"canonical\" href=\"https:\/\/cestysemtam.cz\/en\/belgie\/lutych-mesto-kontrastu-kultury-a-krimi\/\" \/>\n<meta property=\"og:locale\" content=\"en_GB\" \/>\n<meta property=\"og:type\" content=\"article\" \/>\n<meta property=\"og:title\" content=\"Lutych: m\u011bsto kontrast\u016f, kultury a krimi - Cesty Sem Tam\" \/>\n<meta property=\"og:description\" content=\"Vydejte se do srdce Valonska, do m\u011bsta, kter\u00e9 v\u00e1s okouzl\u00ed svou bohatou histori\u00ed, \u017eivou kulturou a osobit\u00fdm \u0161armem. Lutych (Li\u00e8ge), to nen\u00ed jenom n\u00e1zev m\u011bsta, ale tak\u00e9 p\u0159\u00edb\u011bh, kter\u00fd se za\u010dal ps\u00e1t u\u017e za dob \u0158\u00edman\u016f. Dnes je to m\u00edsto, kde se m\u00eds\u00ed francouzsk\u00fd \u0161arm s belgickou pohodou. A co v\u00edc, je to tak\u00e9 rodi\u0161t\u011b [&hellip;]\" \/>\n<meta property=\"og:url\" content=\"https:\/\/cestysemtam.cz\/en\/belgie\/lutych-mesto-kontrastu-kultury-a-krimi\/\" \/>\n<meta property=\"og:site_name\" content=\"Cesty Sem Tam\" \/>\n<meta property=\"article:publisher\" content=\"https:\/\/www.facebook.com\/profile.php?id=61572455318171\" \/>\n<meta property=\"article:published_time\" content=\"2025-01-12T12:06:34+00:00\" \/>\n<meta property=\"article:modified_time\" content=\"2025-07-08T09:45:51+00:00\" \/>\n<meta property=\"og:image\" content=\"https:\/\/cestysemtam.cz\/wp-content\/uploads\/2025\/01\/00_Liege_PB.jpg\" \/>\n\t<meta property=\"og:image:width\" content=\"1300\" \/>\n\t<meta property=\"og:image:height\" content=\"867\" \/>\n\t<meta property=\"og:image:type\" content=\"image\/jpeg\" \/>\n<meta name=\"author\" content=\"kata\" \/>\n<meta name=\"twitter:card\" content=\"summary_large_image\" \/>\n<meta name=\"twitter:creator\" content=\"@Cestysemtam\" \/>\n<meta name=\"twitter:site\" content=\"@Cestysemtam\" \/>\n<meta name=\"twitter:label1\" content=\"Written by\" \/>\n\t<meta name=\"twitter:data1\" content=\"kata\" \/>\n\t<meta name=\"twitter:label2\" content=\"Estimated reading time\" \/>\n\t<meta name=\"twitter:data2\" content=\"11 minutes\" \/>\n<script type=\"application\/ld+json\" class=\"yoast-schema-graph\">{\"@context\":\"https:\/\/schema.org\",\"@graph\":[{\"@type\":\"Article\",\"@id\":\"https:\/\/cestysemtam.cz\/belgie\/lutych-mesto-kontrastu-kultury-a-krimi\/#article\",\"isPartOf\":{\"@id\":\"https:\/\/cestysemtam.cz\/belgie\/lutych-mesto-kontrastu-kultury-a-krimi\/\"},\"author\":{\"name\":\"kata\",\"@id\":\"https:\/\/cestysemtam.cz\/#\/schema\/person\/2fcc6bbe4d0fc0052a39d9e68b43ea56\"},\"headline\":\"Lutych: m\u011bsto kontrast\u016f, kultury a krimi\",\"datePublished\":\"2025-01-12T12:06:34+00:00\",\"dateModified\":\"2025-07-08T09:45:51+00:00\",\"mainEntityOfPage\":{\"@id\":\"https:\/\/cestysemtam.cz\/belgie\/lutych-mesto-kontrastu-kultury-a-krimi\/\"},\"wordCount\":2134,\"publisher\":{\"@id\":\"https:\/\/cestysemtam.cz\/#organization\"},\"image\":{\"@id\":\"https:\/\/cestysemtam.cz\/belgie\/lutych-mesto-kontrastu-kultury-a-krimi\/#primaryimage\"},\"thumbnailUrl\":\"https:\/\/cestysemtam.cz\/wp-content\/uploads\/2025\/01\/00_Liege_PB.jpg\",\"keywords\":[\"Kostely\",\"Muzea\",\"Pam\u00e1tn\u00edky\",\"Parky\",\"V\u011b\u017ee\"],\"articleSection\":[\"Belgie\"],\"inLanguage\":\"en-GB\"},{\"@type\":\"WebPage\",\"@id\":\"https:\/\/cestysemtam.cz\/belgie\/lutych-mesto-kontrastu-kultury-a-krimi\/\",\"url\":\"https:\/\/cestysemtam.cz\/belgie\/lutych-mesto-kontrastu-kultury-a-krimi\/\",\"name\":\"Lutych: m\u011bsto kontrast\u016f, kultury a krimi - Cesty Sem Tam\",\"isPartOf\":{\"@id\":\"https:\/\/cestysemtam.cz\/#website\"},\"primaryImageOfPage\":{\"@id\":\"https:\/\/cestysemtam.cz\/belgie\/lutych-mesto-kontrastu-kultury-a-krimi\/#primaryimage\"},\"image\":{\"@id\":\"https:\/\/cestysemtam.cz\/belgie\/lutych-mesto-kontrastu-kultury-a-krimi\/#primaryimage\"},\"thumbnailUrl\":\"https:\/\/cestysemtam.cz\/wp-content\/uploads\/2025\/01\/00_Liege_PB.jpg\",\"datePublished\":\"2025-01-12T12:06:34+00:00\",\"dateModified\":\"2025-07-08T09:45:51+00:00\",\"breadcrumb\":{\"@id\":\"https:\/\/cestysemtam.cz\/belgie\/lutych-mesto-kontrastu-kultury-a-krimi\/#breadcrumb\"},\"inLanguage\":\"en-GB\",\"potentialAction\":[{\"@type\":\"ReadAction\",\"target\":[\"https:\/\/cestysemtam.cz\/belgie\/lutych-mesto-kontrastu-kultury-a-krimi\/\"]}]},{\"@type\":\"ImageObject\",\"inLanguage\":\"en-GB\",\"@id\":\"https:\/\/cestysemtam.cz\/belgie\/lutych-mesto-kontrastu-kultury-a-krimi\/#primaryimage\",\"url\":\"https:\/\/cestysemtam.cz\/wp-content\/uploads\/2025\/01\/00_Liege_PB.jpg\",\"contentUrl\":\"https:\/\/cestysemtam.cz\/wp-content\/uploads\/2025\/01\/00_Liege_PB.jpg\",\"width\":1300,\"height\":867},{\"@type\":\"BreadcrumbList\",\"@id\":\"https:\/\/cestysemtam.cz\/belgie\/lutych-mesto-kontrastu-kultury-a-krimi\/#breadcrumb\",\"itemListElement\":[{\"@type\":\"ListItem\",\"position\":1,\"name\":\"Dom\u016f\",\"item\":\"https:\/\/cestysemtam.cz\/\"},{\"@type\":\"ListItem\",\"position\":2,\"name\":\"Lutych: m\u011bsto kontrast\u016f, kultury a krimi\"}]},{\"@type\":\"WebSite\",\"@id\":\"https:\/\/cestysemtam.cz\/#website\",\"url\":\"https:\/\/cestysemtam.cz\/\",\"name\":\"Cesty Sem Tam\",\"description\":\"Cestovatelsk\u00fd blog\",\"publisher\":{\"@id\":\"https:\/\/cestysemtam.cz\/#organization\"},\"potentialAction\":[{\"@type\":\"SearchAction\",\"target\":{\"@type\":\"EntryPoint\",\"urlTemplate\":\"https:\/\/cestysemtam.cz\/?s={search_term_string}\"},\"query-input\":{\"@type\":\"PropertyValueSpecification\",\"valueRequired\":true,\"valueName\":\"search_term_string\"}}],\"inLanguage\":\"en-GB\"},{\"@type\":\"Organization\",\"@id\":\"https:\/\/cestysemtam.cz\/#organization\",\"name\":\"Cesty Sem Tam\",\"url\":\"https:\/\/cestysemtam.cz\/\",\"logo\":{\"@type\":\"ImageObject\",\"inLanguage\":\"en-GB\",\"@id\":\"https:\/\/cestysemtam.cz\/#\/schema\/logo\/image\/\",\"url\":\"https:\/\/cestysemtam.cz\/wp-content\/uploads\/2023\/12\/logo-Cesty-Sem-Tam-1000px.png\",\"contentUrl\":\"https:\/\/cestysemtam.cz\/wp-content\/uploads\/2023\/12\/logo-Cesty-Sem-Tam-1000px.png\",\"width\":1000,\"height\":249,\"caption\":\"Cesty Sem Tam\"},\"image\":{\"@id\":\"https:\/\/cestysemtam.cz\/#\/schema\/logo\/image\/\"},\"sameAs\":[\"https:\/\/www.facebook.com\/profile.php?id=61572455318171\",\"https:\/\/x.com\/Cestysemtam\",\"https:\/\/www.instagram.com\/cestysemtam\/\",\"https:\/\/cz.pinterest.com\/katka1430\/_created\/\"]},{\"@type\":\"Person\",\"@id\":\"https:\/\/cestysemtam.cz\/#\/schema\/person\/2fcc6bbe4d0fc0052a39d9e68b43ea56\",\"name\":\"kata\",\"url\":\"https:\/\/cestysemtam.cz\/en\/author\/kata\/\"}]}<\/script>\n<!-- \/ Yoast SEO plugin. -->","yoast_head_json":{"title":"Lutych: m\u011bsto kontrast\u016f, kultury a krimi - Cesty Sem Tam","robots":{"index":"index","follow":"follow","max-snippet":"max-snippet:-1","max-image-preview":"max-image-preview:large","max-video-preview":"max-video-preview:-1"},"canonical":"https:\/\/cestysemtam.cz\/en\/belgie\/lutych-mesto-kontrastu-kultury-a-krimi\/","og_locale":"en_GB","og_type":"article","og_title":"Lutych: m\u011bsto kontrast\u016f, kultury a krimi - Cesty Sem Tam","og_description":"Vydejte se do srdce Valonska, do m\u011bsta, kter\u00e9 v\u00e1s okouzl\u00ed svou bohatou histori\u00ed, \u017eivou kulturou a osobit\u00fdm \u0161armem. Lutych (Li\u00e8ge), to nen\u00ed jenom n\u00e1zev m\u011bsta, ale tak\u00e9 p\u0159\u00edb\u011bh, kter\u00fd se za\u010dal ps\u00e1t u\u017e za dob \u0158\u00edman\u016f. Dnes je to m\u00edsto, kde se m\u00eds\u00ed francouzsk\u00fd \u0161arm s belgickou pohodou. A co v\u00edc, je to tak\u00e9 rodi\u0161t\u011b [&hellip;]","og_url":"https:\/\/cestysemtam.cz\/en\/belgie\/lutych-mesto-kontrastu-kultury-a-krimi\/","og_site_name":"Cesty Sem Tam","article_publisher":"https:\/\/www.facebook.com\/profile.php?id=61572455318171","article_published_time":"2025-01-12T12:06:34+00:00","article_modified_time":"2025-07-08T09:45:51+00:00","og_image":[{"width":1300,"height":867,"url":"https:\/\/cestysemtam.cz\/wp-content\/uploads\/2025\/01\/00_Liege_PB.jpg","type":"image\/jpeg"}],"author":"kata","twitter_card":"summary_large_image","twitter_creator":"@Cestysemtam","twitter_site":"@Cestysemtam","twitter_misc":{"Written by":"kata","Estimated reading time":"11 minutes"},"schema":{"@context":"https:\/\/schema.org","@graph":[{"@type":"Article","@id":"https:\/\/cestysemtam.cz\/belgie\/lutych-mesto-kontrastu-kultury-a-krimi\/#article","isPartOf":{"@id":"https:\/\/cestysemtam.cz\/belgie\/lutych-mesto-kontrastu-kultury-a-krimi\/"},"author":{"name":"kata","@id":"https:\/\/cestysemtam.cz\/#\/schema\/person\/2fcc6bbe4d0fc0052a39d9e68b43ea56"},"headline":"Lutych: m\u011bsto kontrast\u016f, kultury a krimi","datePublished":"2025-01-12T12:06:34+00:00","dateModified":"2025-07-08T09:45:51+00:00","mainEntityOfPage":{"@id":"https:\/\/cestysemtam.cz\/belgie\/lutych-mesto-kontrastu-kultury-a-krimi\/"},"wordCount":2134,"publisher":{"@id":"https:\/\/cestysemtam.cz\/#organization"},"image":{"@id":"https:\/\/cestysemtam.cz\/belgie\/lutych-mesto-kontrastu-kultury-a-krimi\/#primaryimage"},"thumbnailUrl":"https:\/\/cestysemtam.cz\/wp-content\/uploads\/2025\/01\/00_Liege_PB.jpg","keywords":["Kostely","Muzea","Pam\u00e1tn\u00edky","Parky","V\u011b\u017ee"],"articleSection":["Belgie"],"inLanguage":"en-GB"},{"@type":"WebPage","@id":"https:\/\/cestysemtam.cz\/belgie\/lutych-mesto-kontrastu-kultury-a-krimi\/","url":"https:\/\/cestysemtam.cz\/belgie\/lutych-mesto-kontrastu-kultury-a-krimi\/","name":"Lutych: m\u011bsto kontrast\u016f, kultury a krimi - Cesty Sem Tam","isPartOf":{"@id":"https:\/\/cestysemtam.cz\/#website"},"primaryImageOfPage":{"@id":"https:\/\/cestysemtam.cz\/belgie\/lutych-mesto-kontrastu-kultury-a-krimi\/#primaryimage"},"image":{"@id":"https:\/\/cestysemtam.cz\/belgie\/lutych-mesto-kontrastu-kultury-a-krimi\/#primaryimage"},"thumbnailUrl":"https:\/\/cestysemtam.cz\/wp-content\/uploads\/2025\/01\/00_Liege_PB.jpg","datePublished":"2025-01-12T12:06:34+00:00","dateModified":"2025-07-08T09:45:51+00:00","breadcrumb":{"@id":"https:\/\/cestysemtam.cz\/belgie\/lutych-mesto-kontrastu-kultury-a-krimi\/#breadcrumb"},"inLanguage":"en-GB","potentialAction":[{"@type":"ReadAction","target":["https:\/\/cestysemtam.cz\/belgie\/lutych-mesto-kontrastu-kultury-a-krimi\/"]}]},{"@type":"ImageObject","inLanguage":"en-GB","@id":"https:\/\/cestysemtam.cz\/belgie\/lutych-mesto-kontrastu-kultury-a-krimi\/#primaryimage","url":"https:\/\/cestysemtam.cz\/wp-content\/uploads\/2025\/01\/00_Liege_PB.jpg","contentUrl":"https:\/\/cestysemtam.cz\/wp-content\/uploads\/2025\/01\/00_Liege_PB.jpg","width":1300,"height":867},{"@type":"BreadcrumbList","@id":"https:\/\/cestysemtam.cz\/belgie\/lutych-mesto-kontrastu-kultury-a-krimi\/#breadcrumb","itemListElement":[{"@type":"ListItem","position":1,"name":"Dom\u016f","item":"https:\/\/cestysemtam.cz\/"},{"@type":"ListItem","position":2,"name":"Lutych: m\u011bsto kontrast\u016f, kultury a krimi"}]},{"@type":"WebSite","@id":"https:\/\/cestysemtam.cz\/#website","url":"https:\/\/cestysemtam.cz\/","name":"Cesty Sem Tam","description":"Cestovatelsk\u00fd blog","publisher":{"@id":"https:\/\/cestysemtam.cz\/#organization"},"potentialAction":[{"@type":"SearchAction","target":{"@type":"EntryPoint","urlTemplate":"https:\/\/cestysemtam.cz\/?s={search_term_string}"},"query-input":{"@type":"PropertyValueSpecification","valueRequired":true,"valueName":"search_term_string"}}],"inLanguage":"en-GB"},{"@type":"Organization","@id":"https:\/\/cestysemtam.cz\/#organization","name":"Cesty Sem Tam","url":"https:\/\/cestysemtam.cz\/","logo":{"@type":"ImageObject","inLanguage":"en-GB","@id":"https:\/\/cestysemtam.cz\/#\/schema\/logo\/image\/","url":"https:\/\/cestysemtam.cz\/wp-content\/uploads\/2023\/12\/logo-Cesty-Sem-Tam-1000px.png","contentUrl":"https:\/\/cestysemtam.cz\/wp-content\/uploads\/2023\/12\/logo-Cesty-Sem-Tam-1000px.png","width":1000,"height":249,"caption":"Cesty Sem Tam"},"image":{"@id":"https:\/\/cestysemtam.cz\/#\/schema\/logo\/image\/"},"sameAs":["https:\/\/www.facebook.com\/profile.php?id=61572455318171","https:\/\/x.com\/Cestysemtam","https:\/\/www.instagram.com\/cestysemtam\/","https:\/\/cz.pinterest.com\/katka1430\/_created\/"]},{"@type":"Person","@id":"https:\/\/cestysemtam.cz\/#\/schema\/person\/2fcc6bbe4d0fc0052a39d9e68b43ea56","name":"kata","url":"https:\/\/cestysemtam.cz\/en\/author\/kata\/"}]}},"_links":{"self":[{"href":"https:\/\/cestysemtam.cz\/en\/wp-json\/wp\/v2\/posts\/5891","targetHints":{"allow":["GET"]}}],"collection":[{"href":"https:\/\/cestysemtam.cz\/en\/wp-json\/wp\/v2\/posts"}],"about":[{"href":"https:\/\/cestysemtam.cz\/en\/wp-json\/wp\/v2\/types\/post"}],"author":[{"embeddable":true,"href":"https:\/\/cestysemtam.cz\/en\/wp-json\/wp\/v2\/users\/3"}],"replies":[{"embeddable":true,"href":"https:\/\/cestysemtam.cz\/en\/wp-json\/wp\/v2\/comments?post=5891"}],"version-history":[{"count":40,"href":"https:\/\/cestysemtam.cz\/en\/wp-json\/wp\/v2\/posts\/5891\/revisions"}],"predecessor-version":[{"id":7032,"href":"https:\/\/cestysemtam.cz\/en\/wp-json\/wp\/v2\/posts\/5891\/revisions\/7032"}],"wp:featuredmedia":[{"embeddable":true,"href":"https:\/\/cestysemtam.cz\/en\/wp-json\/wp\/v2\/media\/7003"}],"wp:attachment":[{"href":"https:\/\/cestysemtam.cz\/en\/wp-json\/wp\/v2\/media?parent=5891"}],"wp:term":[{"taxonomy":"category","embeddable":true,"href":"https:\/\/cestysemtam.cz\/en\/wp-json\/wp\/v2\/categories?post=5891"},{"taxonomy":"post_tag","embeddable":true,"href":"https:\/\/cestysemtam.cz\/en\/wp-json\/wp\/v2\/tags?post=5891"}],"curies":[{"name":"wp","href":"https:\/\/api.w.org\/{rel}","templated":true}]}}