{"id":6528,"date":"2025-05-23T07:26:26","date_gmt":"2025-05-23T06:26:26","guid":{"rendered":"https:\/\/cestysemtam.cz\/?p=6528"},"modified":"2025-07-16T08:11:15","modified_gmt":"2025-07-16T07:11:15","slug":"cheb-tisicilete-mesto-s-bohatou-historii-a-jeho-ctyri-nejlepsi-zastavky","status":"publish","type":"post","link":"https:\/\/cestysemtam.cz\/en\/cesko\/cheb-tisicilete-mesto-s-bohatou-historii-a-jeho-ctyri-nejlepsi-zastavky\/","title":{"rendered":"Cheb: a thousand-year-old town with a rich history and its four best stops"},"content":{"rendered":"<p>Cheb, one of\u00a0<strong>the oldest towns<\/strong> in the Czech Republic, will take you back in time to the era of castles, merchant houses, and famous military leaders. We will introduce you to four of Cheb\u2019s treasures and add some useful tips.<\/p>\n<p>&nbsp;<\/p>\n<h4>Cheb Castle<\/h4>\n<p><a href=\"https:\/\/www.hrad-cheb.cz\/cz\/\" target=\"_blank\" rel=\"noopener\">The castle<\/a> is not only the only Staufer imperial palace (Pfalz) in our country but also a silent witness to the murder of the adjutants of Duke Albrecht von Wallenstein, whom we will discuss later. The best-preserved parts of the original complex are the defensive Black Tower and the chapel.<\/p>\n<p>And what was the purpose of <strong>imperial palaces (Pfalzen)<\/strong>? They were early medieval castles that essentially formed a network of residences through which the ruler and his court could travel, providing them with the necessary facilities. The ruler did not govern from a single location but instead moved between different parts of the empire.<\/p>\n<p>The name of the castle tower, which offers a magnificent view of the historic part of the city, comes from the black volcanic tuff used in its construction, brought from the nearby Komorn\u00ed H\u016frka.<\/p>\n\n\t\t<style type=\"text\/css\">\n\t\t\t#gallery-1 {\n\t\t\t\tmargin: auto;\n\t\t\t}\n\t\t\t#gallery-1 .gallery-item {\n\t\t\t\tfloat: left;\n\t\t\t\tmargin-top: 10px;\n\t\t\t\ttext-align: center;\n\t\t\t\twidth: 50%;\n\t\t\t}\n\t\t\t#gallery-1 img {\n\t\t\t\tborder: 2px solid #cfcfcf;\n\t\t\t}\n\t\t\t#gallery-1 .gallery-caption {\n\t\t\t\tmargin-left: 0;\n\t\t\t}\n\t\t\t\/* see gallery_shortcode() in wp-includes\/media.php *\/\n\t\t<\/style>\n\t\t<div id='gallery-1' class='gallery galleryid-6528 gallery-columns-2 gallery-size-large'><dl class='gallery-item'>\n\t\t\t<dt class='gallery-icon portrait'>\n\t\t\t\t<a href='https:\/\/cestysemtam.cz\/wp-content\/uploads\/2025\/05\/01_Cheb_hrad.jpg'><img loading=\"lazy\" decoding=\"async\" width=\"809\" height=\"1024\" src=\"https:\/\/cestysemtam.cz\/wp-content\/uploads\/2025\/05\/01_Cheb_hrad-809x1024.jpg\" class=\"attachment-large size-large\" alt=\"\" aria-describedby=\"gallery-1-6531\" srcset=\"https:\/\/cestysemtam.cz\/wp-content\/uploads\/2025\/05\/01_Cheb_hrad-809x1024.jpg 809w, https:\/\/cestysemtam.cz\/wp-content\/uploads\/2025\/05\/01_Cheb_hrad-480x608.jpg 480w\" sizes=\"(min-width: 0px) and (max-width: 480px) 480px, (min-width: 481px) 809px, 100vw\" \/><\/a>\n\t\t\t<\/dt>\n\t\t\t\t<dd class='wp-caption-text gallery-caption' id='gallery-1-6531'>\n\t\t\t\tEntrance gate and Black tower\n\t\t\t\t<\/dd><\/dl><dl class='gallery-item'>\n\t\t\t<dt class='gallery-icon portrait'>\n\t\t\t\t<a href='https:\/\/cestysemtam.cz\/wp-content\/uploads\/2025\/05\/02_Cheb_hrad.jpg'><img loading=\"lazy\" decoding=\"async\" width=\"809\" height=\"1024\" src=\"https:\/\/cestysemtam.cz\/wp-content\/uploads\/2025\/05\/02_Cheb_hrad-809x1024.jpg\" class=\"attachment-large size-large\" alt=\"\" aria-describedby=\"gallery-1-6532\" srcset=\"https:\/\/cestysemtam.cz\/wp-content\/uploads\/2025\/05\/02_Cheb_hrad-809x1024.jpg 809w, https:\/\/cestysemtam.cz\/wp-content\/uploads\/2025\/05\/02_Cheb_hrad-480x608.jpg 480w\" sizes=\"(min-width: 0px) and (max-width: 480px) 480px, (min-width: 481px) 809px, 100vw\" \/><\/a>\n\t\t\t<\/dt>\n\t\t\t\t<dd class='wp-caption-text gallery-caption' id='gallery-1-6532'>\n\t\t\t\tView from the tower\n\t\t\t\t<\/dd><\/dl><br style=\"clear: both\" \/>\n\t\t<\/div>\n\n<p>The unique interior of the <strong>Romanesque-Gothic<\/strong>\u00a0<strong>Chapel<\/strong> of St. Martin, Erhard, and Ursula boasts magnificent architecture and rich sculptural decorations with floral ornaments and figural scenes. However, we also didn\u2019t miss the alchemy laboratory, which we reached via a spiral staircase leading from the upper part of the chapel.<\/p>\n\n\t\t<style type=\"text\/css\">\n\t\t\t#gallery-2 {\n\t\t\t\tmargin: auto;\n\t\t\t}\n\t\t\t#gallery-2 .gallery-item {\n\t\t\t\tfloat: left;\n\t\t\t\tmargin-top: 10px;\n\t\t\t\ttext-align: center;\n\t\t\t\twidth: 50%;\n\t\t\t}\n\t\t\t#gallery-2 img {\n\t\t\t\tborder: 2px solid #cfcfcf;\n\t\t\t}\n\t\t\t#gallery-2 .gallery-caption {\n\t\t\t\tmargin-left: 0;\n\t\t\t}\n\t\t\t\/* see gallery_shortcode() in wp-includes\/media.php *\/\n\t\t<\/style>\n\t\t<div id='gallery-2' class='gallery galleryid-6528 gallery-columns-2 gallery-size-large'><dl class='gallery-item'>\n\t\t\t<dt class='gallery-icon portrait'>\n\t\t\t\t<a href='https:\/\/cestysemtam.cz\/wp-content\/uploads\/2025\/05\/03_Cheb_hrad.jpg'><img loading=\"lazy\" decoding=\"async\" width=\"809\" height=\"1024\" src=\"https:\/\/cestysemtam.cz\/wp-content\/uploads\/2025\/05\/03_Cheb_hrad-809x1024.jpg\" class=\"attachment-large size-large\" alt=\"\" aria-describedby=\"gallery-2-6533\" srcset=\"https:\/\/cestysemtam.cz\/wp-content\/uploads\/2025\/05\/03_Cheb_hrad-809x1024.jpg 809w, https:\/\/cestysemtam.cz\/wp-content\/uploads\/2025\/05\/03_Cheb_hrad-480x608.jpg 480w\" sizes=\"(min-width: 0px) and (max-width: 480px) 480px, (min-width: 481px) 809px, 100vw\" \/><\/a>\n\t\t\t<\/dt>\n\t\t\t\t<dd class='wp-caption-text gallery-caption' id='gallery-2-6533'>\n\t\t\t\tCastle chapel \n\t\t\t\t<\/dd><\/dl><dl class='gallery-item'>\n\t\t\t<dt class='gallery-icon portrait'>\n\t\t\t\t<a href='https:\/\/cestysemtam.cz\/wp-content\/uploads\/2025\/05\/04_Cheb_hrad.jpg'><img loading=\"lazy\" decoding=\"async\" width=\"806\" height=\"1021\" src=\"https:\/\/cestysemtam.cz\/wp-content\/uploads\/2025\/05\/04_Cheb_hrad.jpg\" class=\"attachment-large size-large\" alt=\"\" aria-describedby=\"gallery-2-6534\" srcset=\"https:\/\/cestysemtam.cz\/wp-content\/uploads\/2025\/05\/04_Cheb_hrad.jpg 806w, https:\/\/cestysemtam.cz\/wp-content\/uploads\/2025\/05\/04_Cheb_hrad-480x608.jpg 480w\" sizes=\"(min-width: 0px) and (max-width: 480px) 480px, (min-width: 481px) 806px, 100vw\" \/><\/a>\n\t\t\t<\/dt>\n\t\t\t\t<dd class='wp-caption-text gallery-caption' id='gallery-2-6534'>\n\t\t\t\tCastle chapel \n\t\t\t\t<\/dd><\/dl><br style=\"clear: both\" \/>\n\t\t<\/div>\n\n\n\t\t<style type=\"text\/css\">\n\t\t\t#gallery-3 {\n\t\t\t\tmargin: auto;\n\t\t\t}\n\t\t\t#gallery-3 .gallery-item {\n\t\t\t\tfloat: left;\n\t\t\t\tmargin-top: 10px;\n\t\t\t\ttext-align: center;\n\t\t\t\twidth: 50%;\n\t\t\t}\n\t\t\t#gallery-3 img {\n\t\t\t\tborder: 2px solid #cfcfcf;\n\t\t\t}\n\t\t\t#gallery-3 .gallery-caption {\n\t\t\t\tmargin-left: 0;\n\t\t\t}\n\t\t\t\/* see gallery_shortcode() in wp-includes\/media.php *\/\n\t\t<\/style>\n\t\t<div id='gallery-3' class='gallery galleryid-6528 gallery-columns-2 gallery-size-large'><dl class='gallery-item'>\n\t\t\t<dt class='gallery-icon landscape'>\n\t\t\t\t<a href='https:\/\/cestysemtam.cz\/wp-content\/uploads\/2025\/05\/06_Cheb_hrad.jpg'><img loading=\"lazy\" decoding=\"async\" width=\"1024\" height=\"720\" src=\"https:\/\/cestysemtam.cz\/wp-content\/uploads\/2025\/05\/06_Cheb_hrad-1024x720.jpg\" class=\"attachment-large size-large\" alt=\"\" aria-describedby=\"gallery-3-6536\" srcset=\"https:\/\/cestysemtam.cz\/wp-content\/uploads\/2025\/05\/06_Cheb_hrad-980x689.jpg 980w, https:\/\/cestysemtam.cz\/wp-content\/uploads\/2025\/05\/06_Cheb_hrad-480x338.jpg 480w\" sizes=\"(min-width: 0px) and (max-width: 480px) 480px, (min-width: 481px) and (max-width: 980px) 980px, (min-width: 981px) 1024px, 100vw\" \/><\/a>\n\t\t\t<\/dt>\n\t\t\t\t<dd class='wp-caption-text gallery-caption' id='gallery-3-6536'>\n\t\t\t\tView of the chapel from the tower\n\t\t\t\t<\/dd><\/dl><dl class='gallery-item'>\n\t\t\t<dt class='gallery-icon landscape'>\n\t\t\t\t<a href='https:\/\/cestysemtam.cz\/wp-content\/uploads\/2025\/05\/05_Cheb_hrad.jpg'><img loading=\"lazy\" decoding=\"async\" width=\"1024\" height=\"720\" src=\"https:\/\/cestysemtam.cz\/wp-content\/uploads\/2025\/05\/05_Cheb_hrad-1024x720.jpg\" class=\"attachment-large size-large\" alt=\"\" aria-describedby=\"gallery-3-6535\" srcset=\"https:\/\/cestysemtam.cz\/wp-content\/uploads\/2025\/05\/05_Cheb_hrad-980x689.jpg 980w, https:\/\/cestysemtam.cz\/wp-content\/uploads\/2025\/05\/05_Cheb_hrad-480x338.jpg 480w\" sizes=\"(min-width: 0px) and (max-width: 480px) 480px, (min-width: 481px) and (max-width: 980px) 980px, (min-width: 981px) 1024px, 100vw\" \/><\/a>\n\t\t\t<\/dt>\n\t\t\t\t<dd class='wp-caption-text gallery-caption' id='gallery-3-6535'>\n\t\t\t\tCastle courtyard\n\t\t\t\t<\/dd><\/dl><br style=\"clear: both\" \/>\n\t\t<\/div>\n\n<p>The original medieval <strong>castle well<\/strong> was rediscovered during the removal of the auditorium of the former summer cinema. Today, it is surrounded by a stone fountain with a replica of a medieval windlass.<\/p>\n\n\t\t<style type=\"text\/css\">\n\t\t\t#gallery-4 {\n\t\t\t\tmargin: auto;\n\t\t\t}\n\t\t\t#gallery-4 .gallery-item {\n\t\t\t\tfloat: left;\n\t\t\t\tmargin-top: 10px;\n\t\t\t\ttext-align: center;\n\t\t\t\twidth: 50%;\n\t\t\t}\n\t\t\t#gallery-4 img {\n\t\t\t\tborder: 2px solid #cfcfcf;\n\t\t\t}\n\t\t\t#gallery-4 .gallery-caption {\n\t\t\t\tmargin-left: 0;\n\t\t\t}\n\t\t\t\/* see gallery_shortcode() in wp-includes\/media.php *\/\n\t\t<\/style>\n\t\t<div id='gallery-4' class='gallery galleryid-6528 gallery-columns-2 gallery-size-large'><dl class='gallery-item'>\n\t\t\t<dt class='gallery-icon portrait'>\n\t\t\t\t<a href='https:\/\/cestysemtam.cz\/wp-content\/uploads\/2025\/05\/07_Cheb_hrad.jpg'><img loading=\"lazy\" decoding=\"async\" width=\"809\" height=\"1024\" src=\"https:\/\/cestysemtam.cz\/wp-content\/uploads\/2025\/05\/07_Cheb_hrad-809x1024.jpg\" class=\"attachment-large size-large\" alt=\"\" aria-describedby=\"gallery-4-6537\" srcset=\"https:\/\/cestysemtam.cz\/wp-content\/uploads\/2025\/05\/07_Cheb_hrad-809x1024.jpg 809w, https:\/\/cestysemtam.cz\/wp-content\/uploads\/2025\/05\/07_Cheb_hrad-480x608.jpg 480w\" sizes=\"(min-width: 0px) and (max-width: 480px) 480px, (min-width: 481px) 809px, 100vw\" \/><\/a>\n\t\t\t<\/dt>\n\t\t\t\t<dd class='wp-caption-text gallery-caption' id='gallery-4-6537'>\n\t\t\t\tCastle well and tower\n\t\t\t\t<\/dd><\/dl><dl class='gallery-item'>\n\t\t\t<dt class='gallery-icon portrait'>\n\t\t\t\t<a href='https:\/\/cestysemtam.cz\/wp-content\/uploads\/2025\/05\/08_Cheb_hrad.jpg'><img loading=\"lazy\" decoding=\"async\" width=\"794\" height=\"1005\" src=\"https:\/\/cestysemtam.cz\/wp-content\/uploads\/2025\/05\/08_Cheb_hrad.jpg\" class=\"attachment-large size-large\" alt=\"\" aria-describedby=\"gallery-4-6538\" srcset=\"https:\/\/cestysemtam.cz\/wp-content\/uploads\/2025\/05\/08_Cheb_hrad.jpg 794w, https:\/\/cestysemtam.cz\/wp-content\/uploads\/2025\/05\/08_Cheb_hrad-480x608.jpg 480w\" sizes=\"(min-width: 0px) and (max-width: 480px) 480px, (min-width: 481px) 794px, 100vw\" \/><\/a>\n\t\t\t<\/dt>\n\t\t\t\t<dd class='wp-caption-text gallery-caption' id='gallery-4-6538'>\n\t\t\t\tCastle well \n\t\t\t\t<\/dd><\/dl><br style=\"clear: both\" \/>\n\t\t<\/div>\n\n<p>We explored the castle on our own without a guide, but printed information was available, which we received directly at the ticket office.<\/p>\n<p>Address: Dobrovsk\u00e9ho 21, Cheb<\/p>\n<p>&nbsp;<\/p>\n<h5>Parking tip:<\/h5>\n<p>We parked right in front of the castle on Tr\u010dky z L\u00edpy Street. Parking is allowed from 7:00 a.m. to 5:00 p.m., Monday to Friday, with a 90-minute time limit using a parking disc, which was plenty of time for our tour of the castle.<\/p>\n<p>&nbsp;<\/p>\n<h4>Church of Saint Nicholas and Saint Elizabeth<\/h4>\n<p>This oldest <a href=\"https:\/\/farnostcheb.cz\/\" target=\"_blank\" rel=\"noopener\">church<\/a> in Cheb has preserved both of its original Romanesque towers and a late Gothic Hall.<\/p>\n<p>Notable exhibits include a Romanesque baptismal font and nine carved faces of the medieval builders of this church, gazing down from the portal above the main entrance. We also admired the large colourful stained-glass windows and the rare frescoes on the temple\u2019s columns. Additionally, we visited the <strong>underground crypt<\/strong>, which houses an exhibition of historical ecclesiastical objects.<\/p>\n<p>Address: Kosteln\u00ed n\u00e1m\u011bst\u00ed 188, Cheb<\/p>\n\n\t\t<style type=\"text\/css\">\n\t\t\t#gallery-5 {\n\t\t\t\tmargin: auto;\n\t\t\t}\n\t\t\t#gallery-5 .gallery-item {\n\t\t\t\tfloat: left;\n\t\t\t\tmargin-top: 10px;\n\t\t\t\ttext-align: center;\n\t\t\t\twidth: 50%;\n\t\t\t}\n\t\t\t#gallery-5 img {\n\t\t\t\tborder: 2px solid #cfcfcf;\n\t\t\t}\n\t\t\t#gallery-5 .gallery-caption {\n\t\t\t\tmargin-left: 0;\n\t\t\t}\n\t\t\t\/* see gallery_shortcode() in wp-includes\/media.php *\/\n\t\t<\/style>\n\t\t<div id='gallery-5' class='gallery galleryid-6528 gallery-columns-2 gallery-size-large'><dl class='gallery-item'>\n\t\t\t<dt class='gallery-icon landscape'>\n\t\t\t\t<a href='https:\/\/cestysemtam.cz\/wp-content\/uploads\/2025\/05\/09_Cheb_Kostel.jpg'><img loading=\"lazy\" decoding=\"async\" width=\"1024\" height=\"720\" src=\"https:\/\/cestysemtam.cz\/wp-content\/uploads\/2025\/05\/09_Cheb_Kostel-1024x720.jpg\" class=\"attachment-large size-large\" alt=\"\" aria-describedby=\"gallery-5-6539\" srcset=\"https:\/\/cestysemtam.cz\/wp-content\/uploads\/2025\/05\/09_Cheb_Kostel-980x689.jpg 980w, https:\/\/cestysemtam.cz\/wp-content\/uploads\/2025\/05\/09_Cheb_Kostel-480x338.jpg 480w\" sizes=\"(min-width: 0px) and (max-width: 480px) 480px, (min-width: 481px) and (max-width: 980px) 980px, (min-width: 981px) 1024px, 100vw\" \/><\/a>\n\t\t\t<\/dt>\n\t\t\t\t<dd class='wp-caption-text gallery-caption' id='gallery-5-6539'>\n\t\t\t\tChurch of St. Nicholas and St. Elizabeth\n\t\t\t\t<\/dd><\/dl><dl class='gallery-item'>\n\t\t\t<dt class='gallery-icon landscape'>\n\t\t\t\t<a href='https:\/\/cestysemtam.cz\/wp-content\/uploads\/2025\/05\/10_Cheb_Kostelni_schody.jpg'><img loading=\"lazy\" decoding=\"async\" width=\"1024\" height=\"720\" src=\"https:\/\/cestysemtam.cz\/wp-content\/uploads\/2025\/05\/10_Cheb_Kostelni_schody-1024x720.jpg\" class=\"attachment-large size-large\" alt=\"\" aria-describedby=\"gallery-5-6540\" srcset=\"https:\/\/cestysemtam.cz\/wp-content\/uploads\/2025\/05\/10_Cheb_Kostelni_schody-980x689.jpg 980w, https:\/\/cestysemtam.cz\/wp-content\/uploads\/2025\/05\/10_Cheb_Kostelni_schody-480x338.jpg 480w\" sizes=\"(min-width: 0px) and (max-width: 480px) 480px, (min-width: 481px) and (max-width: 980px) 980px, (min-width: 981px) 1024px, 100vw\" \/><\/a>\n\t\t\t<\/dt>\n\t\t\t\t<dd class='wp-caption-text gallery-caption' id='gallery-5-6540'>\n\t\t\t\tStaircase from Kas\u00e1rn\u00ed Square\n\t\t\t\t<\/dd><\/dl><br style=\"clear: both\" \/>\n\t\t<\/div>\n\n<p>&nbsp;<\/p>\n<h5>Parking tip:<\/h5>\n<p>You can park for free right below the church at Kas\u00e1rn\u00ed Square. A beautiful staircase adorned with statues of saints will then lead you up to the church.<\/p>\n<p>&nbsp;<\/p>\n<h4>King George of Pod\u011bbrady Square<\/h4>\n<p>Just a few steps from the church lies King George of Pod\u011bbrady Square (n\u00e1m\u011bst\u00ed kr\u00e1le Ji\u0159\u00edho z Pod\u011bbrad), dominated by the <strong>\u0160pal\u00ed\u010dek<\/strong> (St\u00f6ckl)\u2014a cluster of eleven medieval merchant houses. These buildings are characterized by the so-called half-timbered construction, typical of the Cheb region. We made our tour of these houses more interesting by walking through the narrow Kram\u00e1\u0159sk\u00e1 (Merchant's) Alley, which divides the entire complex into two separate parts.<\/p>\n\n\t\t<style type=\"text\/css\">\n\t\t\t#gallery-6 {\n\t\t\t\tmargin: auto;\n\t\t\t}\n\t\t\t#gallery-6 .gallery-item {\n\t\t\t\tfloat: left;\n\t\t\t\tmargin-top: 10px;\n\t\t\t\ttext-align: center;\n\t\t\t\twidth: 50%;\n\t\t\t}\n\t\t\t#gallery-6 img {\n\t\t\t\tborder: 2px solid #cfcfcf;\n\t\t\t}\n\t\t\t#gallery-6 .gallery-caption {\n\t\t\t\tmargin-left: 0;\n\t\t\t}\n\t\t\t\/* see gallery_shortcode() in wp-includes\/media.php *\/\n\t\t<\/style>\n\t\t<div id='gallery-6' class='gallery galleryid-6528 gallery-columns-2 gallery-size-large'><dl class='gallery-item'>\n\t\t\t<dt class='gallery-icon landscape'>\n\t\t\t\t<a href='https:\/\/cestysemtam.cz\/wp-content\/uploads\/2025\/05\/11_Cheb_namesti-1.jpg'><img loading=\"lazy\" decoding=\"async\" width=\"1024\" height=\"720\" src=\"https:\/\/cestysemtam.cz\/wp-content\/uploads\/2025\/05\/11_Cheb_namesti-1-1024x720.jpg\" class=\"attachment-large size-large\" alt=\"\" aria-describedby=\"gallery-6-6550\" srcset=\"https:\/\/cestysemtam.cz\/wp-content\/uploads\/2025\/05\/11_Cheb_namesti-1-980x689.jpg 980w, https:\/\/cestysemtam.cz\/wp-content\/uploads\/2025\/05\/11_Cheb_namesti-1-480x338.jpg 480w\" sizes=\"(min-width: 0px) and (max-width: 480px) 480px, (min-width: 481px) and (max-width: 980px) 980px, (min-width: 981px) 1024px, 100vw\" \/><\/a>\n\t\t\t<\/dt>\n\t\t\t\t<dd class='wp-caption-text gallery-caption' id='gallery-6-6550'>\n\t\t\t\tKing George of Pod\u011bbrady Square\n\t\t\t\t<\/dd><\/dl><dl class='gallery-item'>\n\t\t\t<dt class='gallery-icon landscape'>\n\t\t\t\t<a href='https:\/\/cestysemtam.cz\/wp-content\/uploads\/2025\/05\/12_Cheb_namesti-1.jpg'><img loading=\"lazy\" decoding=\"async\" width=\"1024\" height=\"720\" src=\"https:\/\/cestysemtam.cz\/wp-content\/uploads\/2025\/05\/12_Cheb_namesti-1-1024x720.jpg\" class=\"attachment-large size-large\" alt=\"\" aria-describedby=\"gallery-6-6551\" srcset=\"https:\/\/cestysemtam.cz\/wp-content\/uploads\/2025\/05\/12_Cheb_namesti-1-980x689.jpg 980w, https:\/\/cestysemtam.cz\/wp-content\/uploads\/2025\/05\/12_Cheb_namesti-1-480x338.jpg 480w\" sizes=\"(min-width: 0px) and (max-width: 480px) 480px, (min-width: 481px) and (max-width: 980px) 980px, (min-width: 981px) 1024px, 100vw\" \/><\/a>\n\t\t\t<\/dt>\n\t\t\t\t<dd class='wp-caption-text gallery-caption' id='gallery-6-6551'>\n\t\t\t\tKing George of Pod\u011bbrady Square\n\t\t\t\t<\/dd><\/dl><br style=\"clear: both\" \/>\n\t\t<\/div>\n\n\n\t\t<style type=\"text\/css\">\n\t\t\t#gallery-7 {\n\t\t\t\tmargin: auto;\n\t\t\t}\n\t\t\t#gallery-7 .gallery-item {\n\t\t\t\tfloat: left;\n\t\t\t\tmargin-top: 10px;\n\t\t\t\ttext-align: center;\n\t\t\t\twidth: 50%;\n\t\t\t}\n\t\t\t#gallery-7 img {\n\t\t\t\tborder: 2px solid #cfcfcf;\n\t\t\t}\n\t\t\t#gallery-7 .gallery-caption {\n\t\t\t\tmargin-left: 0;\n\t\t\t}\n\t\t\t\/* see gallery_shortcode() in wp-includes\/media.php *\/\n\t\t<\/style>\n\t\t<div id='gallery-7' class='gallery galleryid-6528 gallery-columns-2 gallery-size-large'><dl class='gallery-item'>\n\t\t\t<dt class='gallery-icon landscape'>\n\t\t\t\t<a href='https:\/\/cestysemtam.cz\/wp-content\/uploads\/2025\/05\/13_Cheb_Spalicek.jpg'><img loading=\"lazy\" decoding=\"async\" width=\"1024\" height=\"720\" src=\"https:\/\/cestysemtam.cz\/wp-content\/uploads\/2025\/05\/13_Cheb_Spalicek-1024x720.jpg\" class=\"attachment-large size-large\" alt=\"\" aria-describedby=\"gallery-7-6544\" srcset=\"https:\/\/cestysemtam.cz\/wp-content\/uploads\/2025\/05\/13_Cheb_Spalicek-980x689.jpg 980w, https:\/\/cestysemtam.cz\/wp-content\/uploads\/2025\/05\/13_Cheb_Spalicek-480x338.jpg 480w\" sizes=\"(min-width: 0px) and (max-width: 480px) 480px, (min-width: 481px) and (max-width: 980px) 980px, (min-width: 981px) 1024px, 100vw\" \/><\/a>\n\t\t\t<\/dt>\n\t\t\t\t<dd class='wp-caption-text gallery-caption' id='gallery-7-6544'>\n\t\t\t\tHercules Fountain and the \u0160pal\u00ed\u010dek\n\t\t\t\t<\/dd><\/dl><dl class='gallery-item'>\n\t\t\t<dt class='gallery-icon landscape'>\n\t\t\t\t<a href='https:\/\/cestysemtam.cz\/wp-content\/uploads\/2025\/05\/14_Cheb_namesti.jpg'><img loading=\"lazy\" decoding=\"async\" width=\"1024\" height=\"720\" src=\"https:\/\/cestysemtam.cz\/wp-content\/uploads\/2025\/05\/14_Cheb_namesti-1024x720.jpg\" class=\"attachment-large size-large\" alt=\"\" aria-describedby=\"gallery-7-6545\" srcset=\"https:\/\/cestysemtam.cz\/wp-content\/uploads\/2025\/05\/14_Cheb_namesti-980x689.jpg 980w, https:\/\/cestysemtam.cz\/wp-content\/uploads\/2025\/05\/14_Cheb_namesti-480x338.jpg 480w\" sizes=\"(min-width: 0px) and (max-width: 480px) 480px, (min-width: 481px) and (max-width: 980px) 980px, (min-width: 981px) 1024px, 100vw\" \/><\/a>\n\t\t\t<\/dt>\n\t\t\t\t<dd class='wp-caption-text gallery-caption' id='gallery-7-6545'>\n\t\t\t\tMercenary at Rolland's Fountain\n\t\t\t\t<\/dd><\/dl><br style=\"clear: both\" \/>\n\t\t<\/div>\n\n<p>&nbsp;<\/p>\n<h4>Pachelbel House \u2013 Cheb Museum<\/h4>\n<p>Behind \u0160pal\u00ed\u010dek stands Pachelbel House, named after the most famous of its owners. It is also one of the best-preserved burgher houses on the square. <a href=\"https:\/\/muzeumcheb.cz\/english\/\" target=\"_blank\" rel=\"noopener\">The museum<\/a> was opened here as early as 1874.<\/p>\n<p>This very house witnessed in 1634 the <strong>assassination of Albrecht von Wallenstein<\/strong>, a prominent Czech military leader and politician. He was murdered at the instigation of the emperor, who feared the influential and ambitious Duke of Friedland. You can learn more in the museum, where a special exhibit is dedicated to this historical figure, recounting the events of the time and their context.<\/p>\n<p>Additionally, the museum displays valuable artisanal artifacts and objects documenting the history of the town and the region.<\/p>\n\n\t\t<style type=\"text\/css\">\n\t\t\t#gallery-8 {\n\t\t\t\tmargin: auto;\n\t\t\t}\n\t\t\t#gallery-8 .gallery-item {\n\t\t\t\tfloat: left;\n\t\t\t\tmargin-top: 10px;\n\t\t\t\ttext-align: center;\n\t\t\t\twidth: 50%;\n\t\t\t}\n\t\t\t#gallery-8 img {\n\t\t\t\tborder: 2px solid #cfcfcf;\n\t\t\t}\n\t\t\t#gallery-8 .gallery-caption {\n\t\t\t\tmargin-left: 0;\n\t\t\t}\n\t\t\t\/* see gallery_shortcode() in wp-includes\/media.php *\/\n\t\t<\/style>\n\t\t<div id='gallery-8' class='gallery galleryid-6528 gallery-columns-2 gallery-size-large'><dl class='gallery-item'>\n\t\t\t<dt class='gallery-icon portrait'>\n\t\t\t\t<a href='https:\/\/cestysemtam.cz\/wp-content\/uploads\/2025\/05\/15_Cheb_muzeum-1.jpg'><img loading=\"lazy\" decoding=\"async\" width=\"809\" height=\"1024\" src=\"https:\/\/cestysemtam.cz\/wp-content\/uploads\/2025\/05\/15_Cheb_muzeum-1-809x1024.jpg\" class=\"attachment-large size-large\" alt=\"\" aria-describedby=\"gallery-8-6552\" srcset=\"https:\/\/cestysemtam.cz\/wp-content\/uploads\/2025\/05\/15_Cheb_muzeum-1-809x1024.jpg 809w, https:\/\/cestysemtam.cz\/wp-content\/uploads\/2025\/05\/15_Cheb_muzeum-1-480x608.jpg 480w\" sizes=\"(min-width: 0px) and (max-width: 480px) 480px, (min-width: 481px) 809px, 100vw\" \/><\/a>\n\t\t\t<\/dt>\n\t\t\t\t<dd class='wp-caption-text gallery-caption' id='gallery-8-6552'>\n\t\t\t\tAlbrecht von Wallenstein\n\t\t\t\t<\/dd><\/dl><dl class='gallery-item'>\n\t\t\t<dt class='gallery-icon portrait'>\n\t\t\t\t<a href='https:\/\/cestysemtam.cz\/wp-content\/uploads\/2025\/05\/16_Cheb_muzeum-1.jpg'><img loading=\"lazy\" decoding=\"async\" width=\"781\" height=\"989\" src=\"https:\/\/cestysemtam.cz\/wp-content\/uploads\/2025\/05\/16_Cheb_muzeum-1.jpg\" class=\"attachment-large size-large\" alt=\"\" aria-describedby=\"gallery-8-6553\" srcset=\"https:\/\/cestysemtam.cz\/wp-content\/uploads\/2025\/05\/16_Cheb_muzeum-1.jpg 781w, https:\/\/cestysemtam.cz\/wp-content\/uploads\/2025\/05\/16_Cheb_muzeum-1-480x608.jpg 480w\" sizes=\"(min-width: 0px) and (max-width: 480px) 480px, (min-width: 481px) 781px, 100vw\" \/><\/a>\n\t\t\t<\/dt>\n\t\t\t\t<dd class='wp-caption-text gallery-caption' id='gallery-8-6553'>\n\t\t\t\tCheb Museum\n\t\t\t\t<\/dd><\/dl><br style=\"clear: both\" \/>\n\t\t<\/div>\n\n<p>Also worth mentioning is the restored <strong>ethnographic stove<\/strong>, which depicts not only the events of rural life from Mardi Gras through May celebrations to Christmas but also the key milestones of human life, such as weddings or christenings.<\/p>\n<p>Address: n\u00e1m\u011bst\u00ed Kr\u00e1le Ji\u0159\u00edho z Pod\u011bbrad 493, Cheb<\/p>\n\n\t\t<style type=\"text\/css\">\n\t\t\t#gallery-9 {\n\t\t\t\tmargin: auto;\n\t\t\t}\n\t\t\t#gallery-9 .gallery-item {\n\t\t\t\tfloat: left;\n\t\t\t\tmargin-top: 10px;\n\t\t\t\ttext-align: center;\n\t\t\t\twidth: 50%;\n\t\t\t}\n\t\t\t#gallery-9 img {\n\t\t\t\tborder: 2px solid #cfcfcf;\n\t\t\t}\n\t\t\t#gallery-9 .gallery-caption {\n\t\t\t\tmargin-left: 0;\n\t\t\t}\n\t\t\t\/* see gallery_shortcode() in wp-includes\/media.php *\/\n\t\t<\/style>\n\t\t<div id='gallery-9' class='gallery galleryid-6528 gallery-columns-2 gallery-size-large'><dl class='gallery-item'>\n\t\t\t<dt class='gallery-icon landscape'>\n\t\t\t\t<a href='https:\/\/cestysemtam.cz\/wp-content\/uploads\/2025\/05\/17_Cheb_muzeum-1.jpg'><img loading=\"lazy\" decoding=\"async\" width=\"1024\" height=\"720\" src=\"https:\/\/cestysemtam.cz\/wp-content\/uploads\/2025\/05\/17_Cheb_muzeum-1-1024x720.jpg\" class=\"attachment-large size-large\" alt=\"\" aria-describedby=\"gallery-9-6554\" srcset=\"https:\/\/cestysemtam.cz\/wp-content\/uploads\/2025\/05\/17_Cheb_muzeum-1-980x689.jpg 980w, https:\/\/cestysemtam.cz\/wp-content\/uploads\/2025\/05\/17_Cheb_muzeum-1-480x338.jpg 480w\" sizes=\"(min-width: 0px) and (max-width: 480px) 480px, (min-width: 481px) and (max-width: 980px) 980px, (min-width: 981px) 1024px, 100vw\" \/><\/a>\n\t\t\t<\/dt>\n\t\t\t\t<dd class='wp-caption-text gallery-caption' id='gallery-9-6554'>\n\t\t\t\tEthnographic stove\n\t\t\t\t<\/dd><\/dl><dl class='gallery-item'>\n\t\t\t<dt class='gallery-icon landscape'>\n\t\t\t\t<a href='https:\/\/cestysemtam.cz\/wp-content\/uploads\/2025\/05\/18_Cheb_muzeum-1.jpg'><img loading=\"lazy\" decoding=\"async\" width=\"1024\" height=\"720\" src=\"https:\/\/cestysemtam.cz\/wp-content\/uploads\/2025\/05\/18_Cheb_muzeum-1-1024x720.jpg\" class=\"attachment-large size-large\" alt=\"\" aria-describedby=\"gallery-9-6555\" srcset=\"https:\/\/cestysemtam.cz\/wp-content\/uploads\/2025\/05\/18_Cheb_muzeum-1-980x689.jpg 980w, https:\/\/cestysemtam.cz\/wp-content\/uploads\/2025\/05\/18_Cheb_muzeum-1-480x338.jpg 480w\" sizes=\"(min-width: 0px) and (max-width: 480px) 480px, (min-width: 481px) and (max-width: 980px) 980px, (min-width: 981px) 1024px, 100vw\" \/><\/a>\n\t\t\t<\/dt>\n\t\t\t\t<dd class='wp-caption-text gallery-caption' id='gallery-9-6555'>\n\t\t\t\tEthnographic stove\n\t\t\t\t<\/dd><\/dl><br style=\"clear: both\" \/>\n\t\t<\/div>\n\n<p>&nbsp;<\/p>\n<h5>Where to go for delicious coffee?<\/h5>\n<p>We fell in love with <a href=\"https:\/\/www.gallerycoffee.cz\/\" target=\"_blank\" rel=\"noopener\"><strong>Gallery Coffee<\/strong><\/a> \u2014a caf\u00e9 with its own roastery. You can also enjoy the coffee on a charming terrace with a Renaissance arcaded balcony.<\/p>\n<p>Address: n\u00e1m\u011bst\u00ed Kr\u00e1le Ji\u0159\u00edho z Pod\u011bbrad 508\/7, Cheb<\/p>\n\n\t\t<style type=\"text\/css\">\n\t\t\t#gallery-10 {\n\t\t\t\tmargin: auto;\n\t\t\t}\n\t\t\t#gallery-10 .gallery-item {\n\t\t\t\tfloat: left;\n\t\t\t\tmargin-top: 10px;\n\t\t\t\ttext-align: center;\n\t\t\t\twidth: 50%;\n\t\t\t}\n\t\t\t#gallery-10 img {\n\t\t\t\tborder: 2px solid #cfcfcf;\n\t\t\t}\n\t\t\t#gallery-10 .gallery-caption {\n\t\t\t\tmargin-left: 0;\n\t\t\t}\n\t\t\t\/* see gallery_shortcode() in wp-includes\/media.php *\/\n\t\t<\/style>\n\t\t<div id='gallery-10' class='gallery galleryid-6528 gallery-columns-2 gallery-size-large'><dl class='gallery-item'>\n\t\t\t<dt class='gallery-icon landscape'>\n\t\t\t\t<a href='https:\/\/cestysemtam.cz\/wp-content\/uploads\/2025\/05\/19_Cheb_kavarna.jpg'><img loading=\"lazy\" decoding=\"async\" width=\"1024\" height=\"720\" src=\"https:\/\/cestysemtam.cz\/wp-content\/uploads\/2025\/05\/19_Cheb_kavarna-1024x720.jpg\" class=\"attachment-large size-large\" alt=\"\" aria-describedby=\"gallery-10-6557\" srcset=\"https:\/\/cestysemtam.cz\/wp-content\/uploads\/2025\/05\/19_Cheb_kavarna-980x689.jpg 980w, https:\/\/cestysemtam.cz\/wp-content\/uploads\/2025\/05\/19_Cheb_kavarna-480x338.jpg 480w\" sizes=\"(min-width: 0px) and (max-width: 480px) 480px, (min-width: 481px) and (max-width: 980px) 980px, (min-width: 981px) 1024px, 100vw\" \/><\/a>\n\t\t\t<\/dt>\n\t\t\t\t<dd class='wp-caption-text gallery-caption' id='gallery-10-6557'>\n\t\t\t\tGallery Coffee\n\t\t\t\t<\/dd><\/dl><dl class='gallery-item'>\n\t\t\t<dt class='gallery-icon landscape'>\n\t\t\t\t<a href='https:\/\/cestysemtam.cz\/wp-content\/uploads\/2025\/05\/20_Cheb_kavarna.jpg'><img loading=\"lazy\" decoding=\"async\" width=\"1024\" height=\"720\" src=\"https:\/\/cestysemtam.cz\/wp-content\/uploads\/2025\/05\/20_Cheb_kavarna-1024x720.jpg\" class=\"attachment-large size-large\" alt=\"\" aria-describedby=\"gallery-10-6558\" srcset=\"https:\/\/cestysemtam.cz\/wp-content\/uploads\/2025\/05\/20_Cheb_kavarna-980x689.jpg 980w, https:\/\/cestysemtam.cz\/wp-content\/uploads\/2025\/05\/20_Cheb_kavarna-480x338.jpg 480w\" sizes=\"(min-width: 0px) and (max-width: 480px) 480px, (min-width: 481px) and (max-width: 980px) 980px, (min-width: 981px) 1024px, 100vw\" \/><\/a>\n\t\t\t<\/dt>\n\t\t\t\t<dd class='wp-caption-text gallery-caption' id='gallery-10-6558'>\n\t\t\t\tGallery Coffee\n\t\t\t\t<\/dd><\/dl><br style=\"clear: both\" \/>\n\t\t<\/div>\n\n<p>&nbsp;<\/p>\n<h5>Our final tip:<\/h5>\n<p><a href=\"http:\/\/www.gavu.cz\/\" target=\"_blank\" rel=\"noopener\"><strong>The Fine Arts Gallery<\/strong><\/a> in Cheb offers a cross-section of art from the Middle Ages to the present. The main location in the New Town Hall Palace attracts visitors with Gothic sculptures, modern 20th-century works, and contemporary projects by young artists.<\/p>\n<p>Address: n\u00e1m\u011bst\u00ed Kr\u00e1le Ji\u0159\u00edho z Pod\u011bbrad 16, Cheb<\/p>\n\n\t\t<style type=\"text\/css\">\n\t\t\t#gallery-11 {\n\t\t\t\tmargin: auto;\n\t\t\t}\n\t\t\t#gallery-11 .gallery-item {\n\t\t\t\tfloat: left;\n\t\t\t\tmargin-top: 10px;\n\t\t\t\ttext-align: center;\n\t\t\t\twidth: 50%;\n\t\t\t}\n\t\t\t#gallery-11 img {\n\t\t\t\tborder: 2px solid #cfcfcf;\n\t\t\t}\n\t\t\t#gallery-11 .gallery-caption {\n\t\t\t\tmargin-left: 0;\n\t\t\t}\n\t\t\t\/* see gallery_shortcode() in wp-includes\/media.php *\/\n\t\t<\/style>\n\t\t<div id='gallery-11' class='gallery galleryid-6528 gallery-columns-2 gallery-size-large'><dl class='gallery-item'>\n\t\t\t<dt class='gallery-icon landscape'>\n\t\t\t\t<a href='https:\/\/cestysemtam.cz\/wp-content\/uploads\/2025\/05\/21_Cheb_galerie.jpg'><img loading=\"lazy\" decoding=\"async\" width=\"1024\" height=\"720\" src=\"https:\/\/cestysemtam.cz\/wp-content\/uploads\/2025\/05\/21_Cheb_galerie-1024x720.jpg\" class=\"attachment-large size-large\" alt=\"\" aria-describedby=\"gallery-11-6559\" srcset=\"https:\/\/cestysemtam.cz\/wp-content\/uploads\/2025\/05\/21_Cheb_galerie-980x689.jpg 980w, https:\/\/cestysemtam.cz\/wp-content\/uploads\/2025\/05\/21_Cheb_galerie-480x338.jpg 480w\" sizes=\"(min-width: 0px) and (max-width: 480px) 480px, (min-width: 481px) and (max-width: 980px) 980px, (min-width: 981px) 1024px, 100vw\" \/><\/a>\n\t\t\t<\/dt>\n\t\t\t\t<dd class='wp-caption-text gallery-caption' id='gallery-11-6559'>\n\t\t\t\tThe Fine Arts Gallery\n\t\t\t\t<\/dd><\/dl><dl class='gallery-item'>\n\t\t\t<dt class='gallery-icon landscape'>\n\t\t\t\t<a href='https:\/\/cestysemtam.cz\/wp-content\/uploads\/2025\/05\/22_Cheb_galerie.jpg'><img loading=\"lazy\" decoding=\"async\" width=\"1024\" height=\"720\" src=\"https:\/\/cestysemtam.cz\/wp-content\/uploads\/2025\/05\/22_Cheb_galerie-1024x720.jpg\" class=\"attachment-large size-large\" alt=\"\" aria-describedby=\"gallery-11-6560\" srcset=\"https:\/\/cestysemtam.cz\/wp-content\/uploads\/2025\/05\/22_Cheb_galerie-980x689.jpg 980w, https:\/\/cestysemtam.cz\/wp-content\/uploads\/2025\/05\/22_Cheb_galerie-480x338.jpg 480w\" sizes=\"(min-width: 0px) and (max-width: 480px) 480px, (min-width: 481px) and (max-width: 980px) 980px, (min-width: 981px) 1024px, 100vw\" \/><\/a>\n\t\t\t<\/dt>\n\t\t\t\t<dd class='wp-caption-text gallery-caption' id='gallery-11-6560'>\n\t\t\t\tThe Fine Arts Gallery\n\t\t\t\t<\/dd><\/dl><br style=\"clear: both\" \/>\n\t\t<\/div>\n\n<p>Nostalgia lovers should not miss a visit to the <a href=\"http:\/\/www.retromuseum.cz\/\" target=\"_blank\" rel=\"noopener\"><strong>Retromuseum<\/strong><\/a>, which showcases the lifestyle and design of socialist Czechoslovakia. This branch of the gallery is located in the historic Schiller House, where the famous poet Friedrich Schiller stayed in 1791 (then at the Golden Stag Inn).<\/p>\n\n\t\t<style type=\"text\/css\">\n\t\t\t#gallery-12 {\n\t\t\t\tmargin: auto;\n\t\t\t}\n\t\t\t#gallery-12 .gallery-item {\n\t\t\t\tfloat: left;\n\t\t\t\tmargin-top: 10px;\n\t\t\t\ttext-align: center;\n\t\t\t\twidth: 50%;\n\t\t\t}\n\t\t\t#gallery-12 img {\n\t\t\t\tborder: 2px solid #cfcfcf;\n\t\t\t}\n\t\t\t#gallery-12 .gallery-caption {\n\t\t\t\tmargin-left: 0;\n\t\t\t}\n\t\t\t\/* see gallery_shortcode() in wp-includes\/media.php *\/\n\t\t<\/style>\n\t\t<div id='gallery-12' class='gallery galleryid-6528 gallery-columns-2 gallery-size-large'><dl class='gallery-item'>\n\t\t\t<dt class='gallery-icon landscape'>\n\t\t\t\t<a href='https:\/\/cestysemtam.cz\/wp-content\/uploads\/2025\/05\/23_Cheb_retromuseum.jpg'><img loading=\"lazy\" decoding=\"async\" width=\"1024\" height=\"720\" src=\"https:\/\/cestysemtam.cz\/wp-content\/uploads\/2025\/05\/23_Cheb_retromuseum-1024x720.jpg\" class=\"attachment-large size-large\" alt=\"\" aria-describedby=\"gallery-12-6561\" srcset=\"https:\/\/cestysemtam.cz\/wp-content\/uploads\/2025\/05\/23_Cheb_retromuseum-980x689.jpg 980w, https:\/\/cestysemtam.cz\/wp-content\/uploads\/2025\/05\/23_Cheb_retromuseum-480x338.jpg 480w\" sizes=\"(min-width: 0px) and (max-width: 480px) 480px, (min-width: 481px) and (max-width: 980px) 980px, (min-width: 981px) 1024px, 100vw\" \/><\/a>\n\t\t\t<\/dt>\n\t\t\t\t<dd class='wp-caption-text gallery-caption' id='gallery-12-6561'>\n\t\t\t\tRetromuseum\n\t\t\t\t<\/dd><\/dl><dl class='gallery-item'>\n\t\t\t<dt class='gallery-icon landscape'>\n\t\t\t\t<a href='https:\/\/cestysemtam.cz\/wp-content\/uploads\/2025\/05\/24_Cheb_retromuseum.jpg'><img loading=\"lazy\" decoding=\"async\" width=\"1024\" height=\"720\" src=\"https:\/\/cestysemtam.cz\/wp-content\/uploads\/2025\/05\/24_Cheb_retromuseum-1024x720.jpg\" class=\"attachment-large size-large\" alt=\"\" aria-describedby=\"gallery-12-6562\" srcset=\"https:\/\/cestysemtam.cz\/wp-content\/uploads\/2025\/05\/24_Cheb_retromuseum-980x689.jpg 980w, https:\/\/cestysemtam.cz\/wp-content\/uploads\/2025\/05\/24_Cheb_retromuseum-480x338.jpg 480w\" sizes=\"(min-width: 0px) and (max-width: 480px) 480px, (min-width: 481px) and (max-width: 980px) 980px, (min-width: 981px) 1024px, 100vw\" \/><\/a>\n\t\t\t<\/dt>\n\t\t\t\t<dd class='wp-caption-text gallery-caption' id='gallery-12-6562'>\n\t\t\t\tRetromuseum\n\t\t\t\t<\/dd><\/dl><br style=\"clear: both\" \/>\n\t\t<\/div>\n\n<p>The exhibition maps the period between the 1958 World's Fair (Expo 58) and the Velvet Revolution, telling stories of everyday life. Here, you will discover authentic reconstructions of living rooms, kitchens, and offices, quaint \"home-made art\" from the DIY era and iconic pieces of Czechoslovak design\u2014from the legendary vacuum cleaners by Stanislav Lachman to the toys of Libu\u0161e Niklov\u00e1 or the ESKA folding bike.<\/p>\n<p>Address: n\u00e1m\u011bst\u00ed Kr\u00e1le Ji\u0159\u00edho z Pod\u011bbrad 17, Cheb<\/p>\n<p><strong>A joint ticket<\/strong> will open the doors to both the Retromuseum and the Fine Arts Gallery.<\/p>","protected":false},"excerpt":{"rendered":"<p>Cheb pat\u0159\u00edc\u00ed k\u00a0nejstar\u0161\u00edm m\u011bst\u016fm \u010ceska V\u00e1s zavede zp\u011bt v \u010dase do dob hrad\u016f, kupeck\u00fdch dom\u016f i slavn\u00fdch vojev\u016fdc\u016f. My v\u00e1m p\u0159edstav\u00edme \u010dty\u0159i chebsk\u00e9 skvosty a p\u0159id\u00e1me nav\u00edc u\u017eite\u010dn\u00e9 tipy. &nbsp; Chebsk\u00fd hrad Hrad je nejen jedinou \u0161taufskou c\u00edsa\u0159skou falc\u00ed na na\u0161em \u00fazem\u00ed, ale tak\u00e9 n\u011bm\u00fdm sv\u011bdkem vra\u017edy pobo\u010dn\u00edk\u016f kn\u00ed\u017eete Albrechta z\u00a0Vald\u0161tejna, o kter\u00e9m bude je\u0161t\u011b [&hellip;]<\/p>\n","protected":false},"author":3,"featured_media":6529,"comment_status":"closed","ping_status":"closed","sticky":false,"template":"","format":"standard","meta":{"_et_pb_use_builder":"","_et_pb_old_content":"","_et_gb_content_width":"","footnotes":""},"categories":[14],"tags":[47,20,43,31],"class_list":["post-6528","post","type-post","status-publish","format-standard","has-post-thumbnail","hentry","category-cesko","tag-galerie","tag-hrady","tag-kostely","tag-muzea"],"yoast_head":"<!-- This site is optimized with the Yoast SEO plugin v27.1.1 - https:\/\/yoast.com\/product\/yoast-seo-wordpress\/ -->\n<title>Cheb: tis\u00edcilet\u00e9 m\u011bsto s bohatou histori\u00ed a jeho \u010dty\u0159i nejlep\u0161\u00ed zast\u00e1vky - Cesty Sem Tam<\/title>\n<meta name=\"robots\" content=\"index, follow, max-snippet:-1, max-image-preview:large, max-video-preview:-1\" \/>\n<link rel=\"canonical\" href=\"https:\/\/cestysemtam.cz\/en\/cesko\/cheb-tisicilete-mesto-s-bohatou-historii-a-jeho-ctyri-nejlepsi-zastavky\/\" \/>\n<meta property=\"og:locale\" content=\"en_GB\" \/>\n<meta property=\"og:type\" content=\"article\" \/>\n<meta property=\"og:title\" content=\"Cheb: tis\u00edcilet\u00e9 m\u011bsto s bohatou histori\u00ed a jeho \u010dty\u0159i nejlep\u0161\u00ed zast\u00e1vky - Cesty Sem Tam\" \/>\n<meta property=\"og:description\" content=\"Cheb pat\u0159\u00edc\u00ed k\u00a0nejstar\u0161\u00edm m\u011bst\u016fm \u010ceska V\u00e1s zavede zp\u011bt v \u010dase do dob hrad\u016f, kupeck\u00fdch dom\u016f i slavn\u00fdch vojev\u016fdc\u016f. My v\u00e1m p\u0159edstav\u00edme \u010dty\u0159i chebsk\u00e9 skvosty a p\u0159id\u00e1me nav\u00edc u\u017eite\u010dn\u00e9 tipy. &nbsp; Chebsk\u00fd hrad Hrad je nejen jedinou \u0161taufskou c\u00edsa\u0159skou falc\u00ed na na\u0161em \u00fazem\u00ed, ale tak\u00e9 n\u011bm\u00fdm sv\u011bdkem vra\u017edy pobo\u010dn\u00edk\u016f kn\u00ed\u017eete Albrechta z\u00a0Vald\u0161tejna, o kter\u00e9m bude je\u0161t\u011b [&hellip;]\" \/>\n<meta property=\"og:url\" content=\"https:\/\/cestysemtam.cz\/en\/cesko\/cheb-tisicilete-mesto-s-bohatou-historii-a-jeho-ctyri-nejlepsi-zastavky\/\" \/>\n<meta property=\"og:site_name\" content=\"Cesty Sem Tam\" \/>\n<meta property=\"article:publisher\" content=\"https:\/\/www.facebook.com\/profile.php?id=61572455318171\" \/>\n<meta property=\"article:published_time\" content=\"2025-05-23T06:26:26+00:00\" \/>\n<meta property=\"article:modified_time\" content=\"2025-07-16T07:11:15+00:00\" \/>\n<meta property=\"og:image\" content=\"https:\/\/cestysemtam.cz\/wp-content\/uploads\/2025\/05\/00_UVODNI_Cheb.jpg\" \/>\n\t<meta property=\"og:image:width\" content=\"1300\" \/>\n\t<meta property=\"og:image:height\" content=\"867\" \/>\n\t<meta property=\"og:image:type\" content=\"image\/jpeg\" \/>\n<meta name=\"author\" content=\"kata\" \/>\n<meta name=\"twitter:card\" content=\"summary_large_image\" \/>\n<meta name=\"twitter:creator\" content=\"@Cestysemtam\" \/>\n<meta name=\"twitter:site\" content=\"@Cestysemtam\" \/>\n<meta name=\"twitter:label1\" content=\"Written by\" \/>\n\t<meta name=\"twitter:data1\" content=\"kata\" \/>\n\t<meta name=\"twitter:label2\" content=\"Estimated reading time\" \/>\n\t<meta name=\"twitter:data2\" content=\"6 minutes\" \/>\n<script type=\"application\/ld+json\" class=\"yoast-schema-graph\">{\"@context\":\"https:\/\/schema.org\",\"@graph\":[{\"@type\":\"Article\",\"@id\":\"https:\/\/cestysemtam.cz\/cesko\/cheb-tisicilete-mesto-s-bohatou-historii-a-jeho-ctyri-nejlepsi-zastavky\/#article\",\"isPartOf\":{\"@id\":\"https:\/\/cestysemtam.cz\/cesko\/cheb-tisicilete-mesto-s-bohatou-historii-a-jeho-ctyri-nejlepsi-zastavky\/\"},\"author\":{\"name\":\"kata\",\"@id\":\"https:\/\/cestysemtam.cz\/#\/schema\/person\/2fcc6bbe4d0fc0052a39d9e68b43ea56\"},\"headline\":\"Cheb: tis\u00edcilet\u00e9 m\u011bsto s bohatou histori\u00ed a jeho \u010dty\u0159i nejlep\u0161\u00ed zast\u00e1vky\",\"datePublished\":\"2025-05-23T06:26:26+00:00\",\"dateModified\":\"2025-07-16T07:11:15+00:00\",\"mainEntityOfPage\":{\"@id\":\"https:\/\/cestysemtam.cz\/cesko\/cheb-tisicilete-mesto-s-bohatou-historii-a-jeho-ctyri-nejlepsi-zastavky\/\"},\"wordCount\":1193,\"publisher\":{\"@id\":\"https:\/\/cestysemtam.cz\/#organization\"},\"image\":{\"@id\":\"https:\/\/cestysemtam.cz\/cesko\/cheb-tisicilete-mesto-s-bohatou-historii-a-jeho-ctyri-nejlepsi-zastavky\/#primaryimage\"},\"thumbnailUrl\":\"https:\/\/cestysemtam.cz\/wp-content\/uploads\/2025\/05\/00_UVODNI_Cheb.jpg\",\"keywords\":[\"Galerie\",\"Hrady\",\"Kostely\",\"Muzea\"],\"articleSection\":[\"\u010cesko\"],\"inLanguage\":\"en-GB\"},{\"@type\":\"WebPage\",\"@id\":\"https:\/\/cestysemtam.cz\/cesko\/cheb-tisicilete-mesto-s-bohatou-historii-a-jeho-ctyri-nejlepsi-zastavky\/\",\"url\":\"https:\/\/cestysemtam.cz\/cesko\/cheb-tisicilete-mesto-s-bohatou-historii-a-jeho-ctyri-nejlepsi-zastavky\/\",\"name\":\"Cheb: tis\u00edcilet\u00e9 m\u011bsto s bohatou histori\u00ed a jeho \u010dty\u0159i nejlep\u0161\u00ed zast\u00e1vky - Cesty Sem Tam\",\"isPartOf\":{\"@id\":\"https:\/\/cestysemtam.cz\/#website\"},\"primaryImageOfPage\":{\"@id\":\"https:\/\/cestysemtam.cz\/cesko\/cheb-tisicilete-mesto-s-bohatou-historii-a-jeho-ctyri-nejlepsi-zastavky\/#primaryimage\"},\"image\":{\"@id\":\"https:\/\/cestysemtam.cz\/cesko\/cheb-tisicilete-mesto-s-bohatou-historii-a-jeho-ctyri-nejlepsi-zastavky\/#primaryimage\"},\"thumbnailUrl\":\"https:\/\/cestysemtam.cz\/wp-content\/uploads\/2025\/05\/00_UVODNI_Cheb.jpg\",\"datePublished\":\"2025-05-23T06:26:26+00:00\",\"dateModified\":\"2025-07-16T07:11:15+00:00\",\"breadcrumb\":{\"@id\":\"https:\/\/cestysemtam.cz\/cesko\/cheb-tisicilete-mesto-s-bohatou-historii-a-jeho-ctyri-nejlepsi-zastavky\/#breadcrumb\"},\"inLanguage\":\"en-GB\",\"potentialAction\":[{\"@type\":\"ReadAction\",\"target\":[\"https:\/\/cestysemtam.cz\/cesko\/cheb-tisicilete-mesto-s-bohatou-historii-a-jeho-ctyri-nejlepsi-zastavky\/\"]}]},{\"@type\":\"ImageObject\",\"inLanguage\":\"en-GB\",\"@id\":\"https:\/\/cestysemtam.cz\/cesko\/cheb-tisicilete-mesto-s-bohatou-historii-a-jeho-ctyri-nejlepsi-zastavky\/#primaryimage\",\"url\":\"https:\/\/cestysemtam.cz\/wp-content\/uploads\/2025\/05\/00_UVODNI_Cheb.jpg\",\"contentUrl\":\"https:\/\/cestysemtam.cz\/wp-content\/uploads\/2025\/05\/00_UVODNI_Cheb.jpg\",\"width\":1300,\"height\":867},{\"@type\":\"BreadcrumbList\",\"@id\":\"https:\/\/cestysemtam.cz\/cesko\/cheb-tisicilete-mesto-s-bohatou-historii-a-jeho-ctyri-nejlepsi-zastavky\/#breadcrumb\",\"itemListElement\":[{\"@type\":\"ListItem\",\"position\":1,\"name\":\"Dom\u016f\",\"item\":\"https:\/\/cestysemtam.cz\/\"},{\"@type\":\"ListItem\",\"position\":2,\"name\":\"Cheb: tis\u00edcilet\u00e9 m\u011bsto s bohatou histori\u00ed a jeho \u010dty\u0159i nejlep\u0161\u00ed zast\u00e1vky\"}]},{\"@type\":\"WebSite\",\"@id\":\"https:\/\/cestysemtam.cz\/#website\",\"url\":\"https:\/\/cestysemtam.cz\/\",\"name\":\"Cesty Sem Tam\",\"description\":\"Cestovatelsk\u00fd blog\",\"publisher\":{\"@id\":\"https:\/\/cestysemtam.cz\/#organization\"},\"potentialAction\":[{\"@type\":\"SearchAction\",\"target\":{\"@type\":\"EntryPoint\",\"urlTemplate\":\"https:\/\/cestysemtam.cz\/?s={search_term_string}\"},\"query-input\":{\"@type\":\"PropertyValueSpecification\",\"valueRequired\":true,\"valueName\":\"search_term_string\"}}],\"inLanguage\":\"en-GB\"},{\"@type\":\"Organization\",\"@id\":\"https:\/\/cestysemtam.cz\/#organization\",\"name\":\"Cesty Sem Tam\",\"url\":\"https:\/\/cestysemtam.cz\/\",\"logo\":{\"@type\":\"ImageObject\",\"inLanguage\":\"en-GB\",\"@id\":\"https:\/\/cestysemtam.cz\/#\/schema\/logo\/image\/\",\"url\":\"https:\/\/cestysemtam.cz\/wp-content\/uploads\/2023\/12\/logo-Cesty-Sem-Tam-1000px.png\",\"contentUrl\":\"https:\/\/cestysemtam.cz\/wp-content\/uploads\/2023\/12\/logo-Cesty-Sem-Tam-1000px.png\",\"width\":1000,\"height\":249,\"caption\":\"Cesty Sem Tam\"},\"image\":{\"@id\":\"https:\/\/cestysemtam.cz\/#\/schema\/logo\/image\/\"},\"sameAs\":[\"https:\/\/www.facebook.com\/profile.php?id=61572455318171\",\"https:\/\/x.com\/Cestysemtam\",\"https:\/\/www.instagram.com\/cestysemtam\/\",\"https:\/\/cz.pinterest.com\/katka1430\/_created\/\"]},{\"@type\":\"Person\",\"@id\":\"https:\/\/cestysemtam.cz\/#\/schema\/person\/2fcc6bbe4d0fc0052a39d9e68b43ea56\",\"name\":\"kata\",\"url\":\"https:\/\/cestysemtam.cz\/en\/author\/kata\/\"}]}<\/script>\n<!-- \/ Yoast SEO plugin. -->","yoast_head_json":{"title":"Cheb: tis\u00edcilet\u00e9 m\u011bsto s bohatou histori\u00ed a jeho \u010dty\u0159i nejlep\u0161\u00ed zast\u00e1vky - Cesty Sem Tam","robots":{"index":"index","follow":"follow","max-snippet":"max-snippet:-1","max-image-preview":"max-image-preview:large","max-video-preview":"max-video-preview:-1"},"canonical":"https:\/\/cestysemtam.cz\/en\/cesko\/cheb-tisicilete-mesto-s-bohatou-historii-a-jeho-ctyri-nejlepsi-zastavky\/","og_locale":"en_GB","og_type":"article","og_title":"Cheb: tis\u00edcilet\u00e9 m\u011bsto s bohatou histori\u00ed a jeho \u010dty\u0159i nejlep\u0161\u00ed zast\u00e1vky - Cesty Sem Tam","og_description":"Cheb pat\u0159\u00edc\u00ed k\u00a0nejstar\u0161\u00edm m\u011bst\u016fm \u010ceska V\u00e1s zavede zp\u011bt v \u010dase do dob hrad\u016f, kupeck\u00fdch dom\u016f i slavn\u00fdch vojev\u016fdc\u016f. My v\u00e1m p\u0159edstav\u00edme \u010dty\u0159i chebsk\u00e9 skvosty a p\u0159id\u00e1me nav\u00edc u\u017eite\u010dn\u00e9 tipy. &nbsp; Chebsk\u00fd hrad Hrad je nejen jedinou \u0161taufskou c\u00edsa\u0159skou falc\u00ed na na\u0161em \u00fazem\u00ed, ale tak\u00e9 n\u011bm\u00fdm sv\u011bdkem vra\u017edy pobo\u010dn\u00edk\u016f kn\u00ed\u017eete Albrechta z\u00a0Vald\u0161tejna, o kter\u00e9m bude je\u0161t\u011b [&hellip;]","og_url":"https:\/\/cestysemtam.cz\/en\/cesko\/cheb-tisicilete-mesto-s-bohatou-historii-a-jeho-ctyri-nejlepsi-zastavky\/","og_site_name":"Cesty Sem Tam","article_publisher":"https:\/\/www.facebook.com\/profile.php?id=61572455318171","article_published_time":"2025-05-23T06:26:26+00:00","article_modified_time":"2025-07-16T07:11:15+00:00","og_image":[{"width":1300,"height":867,"url":"https:\/\/cestysemtam.cz\/wp-content\/uploads\/2025\/05\/00_UVODNI_Cheb.jpg","type":"image\/jpeg"}],"author":"kata","twitter_card":"summary_large_image","twitter_creator":"@Cestysemtam","twitter_site":"@Cestysemtam","twitter_misc":{"Written by":"kata","Estimated reading time":"6 minutes"},"schema":{"@context":"https:\/\/schema.org","@graph":[{"@type":"Article","@id":"https:\/\/cestysemtam.cz\/cesko\/cheb-tisicilete-mesto-s-bohatou-historii-a-jeho-ctyri-nejlepsi-zastavky\/#article","isPartOf":{"@id":"https:\/\/cestysemtam.cz\/cesko\/cheb-tisicilete-mesto-s-bohatou-historii-a-jeho-ctyri-nejlepsi-zastavky\/"},"author":{"name":"kata","@id":"https:\/\/cestysemtam.cz\/#\/schema\/person\/2fcc6bbe4d0fc0052a39d9e68b43ea56"},"headline":"Cheb: tis\u00edcilet\u00e9 m\u011bsto s bohatou histori\u00ed a jeho \u010dty\u0159i nejlep\u0161\u00ed zast\u00e1vky","datePublished":"2025-05-23T06:26:26+00:00","dateModified":"2025-07-16T07:11:15+00:00","mainEntityOfPage":{"@id":"https:\/\/cestysemtam.cz\/cesko\/cheb-tisicilete-mesto-s-bohatou-historii-a-jeho-ctyri-nejlepsi-zastavky\/"},"wordCount":1193,"publisher":{"@id":"https:\/\/cestysemtam.cz\/#organization"},"image":{"@id":"https:\/\/cestysemtam.cz\/cesko\/cheb-tisicilete-mesto-s-bohatou-historii-a-jeho-ctyri-nejlepsi-zastavky\/#primaryimage"},"thumbnailUrl":"https:\/\/cestysemtam.cz\/wp-content\/uploads\/2025\/05\/00_UVODNI_Cheb.jpg","keywords":["Galerie","Hrady","Kostely","Muzea"],"articleSection":["\u010cesko"],"inLanguage":"en-GB"},{"@type":"WebPage","@id":"https:\/\/cestysemtam.cz\/cesko\/cheb-tisicilete-mesto-s-bohatou-historii-a-jeho-ctyri-nejlepsi-zastavky\/","url":"https:\/\/cestysemtam.cz\/cesko\/cheb-tisicilete-mesto-s-bohatou-historii-a-jeho-ctyri-nejlepsi-zastavky\/","name":"Cheb: tis\u00edcilet\u00e9 m\u011bsto s bohatou histori\u00ed a jeho \u010dty\u0159i nejlep\u0161\u00ed zast\u00e1vky - Cesty Sem Tam","isPartOf":{"@id":"https:\/\/cestysemtam.cz\/#website"},"primaryImageOfPage":{"@id":"https:\/\/cestysemtam.cz\/cesko\/cheb-tisicilete-mesto-s-bohatou-historii-a-jeho-ctyri-nejlepsi-zastavky\/#primaryimage"},"image":{"@id":"https:\/\/cestysemtam.cz\/cesko\/cheb-tisicilete-mesto-s-bohatou-historii-a-jeho-ctyri-nejlepsi-zastavky\/#primaryimage"},"thumbnailUrl":"https:\/\/cestysemtam.cz\/wp-content\/uploads\/2025\/05\/00_UVODNI_Cheb.jpg","datePublished":"2025-05-23T06:26:26+00:00","dateModified":"2025-07-16T07:11:15+00:00","breadcrumb":{"@id":"https:\/\/cestysemtam.cz\/cesko\/cheb-tisicilete-mesto-s-bohatou-historii-a-jeho-ctyri-nejlepsi-zastavky\/#breadcrumb"},"inLanguage":"en-GB","potentialAction":[{"@type":"ReadAction","target":["https:\/\/cestysemtam.cz\/cesko\/cheb-tisicilete-mesto-s-bohatou-historii-a-jeho-ctyri-nejlepsi-zastavky\/"]}]},{"@type":"ImageObject","inLanguage":"en-GB","@id":"https:\/\/cestysemtam.cz\/cesko\/cheb-tisicilete-mesto-s-bohatou-historii-a-jeho-ctyri-nejlepsi-zastavky\/#primaryimage","url":"https:\/\/cestysemtam.cz\/wp-content\/uploads\/2025\/05\/00_UVODNI_Cheb.jpg","contentUrl":"https:\/\/cestysemtam.cz\/wp-content\/uploads\/2025\/05\/00_UVODNI_Cheb.jpg","width":1300,"height":867},{"@type":"BreadcrumbList","@id":"https:\/\/cestysemtam.cz\/cesko\/cheb-tisicilete-mesto-s-bohatou-historii-a-jeho-ctyri-nejlepsi-zastavky\/#breadcrumb","itemListElement":[{"@type":"ListItem","position":1,"name":"Dom\u016f","item":"https:\/\/cestysemtam.cz\/"},{"@type":"ListItem","position":2,"name":"Cheb: tis\u00edcilet\u00e9 m\u011bsto s bohatou histori\u00ed a jeho \u010dty\u0159i nejlep\u0161\u00ed zast\u00e1vky"}]},{"@type":"WebSite","@id":"https:\/\/cestysemtam.cz\/#website","url":"https:\/\/cestysemtam.cz\/","name":"Cesty Sem Tam","description":"Cestovatelsk\u00fd blog","publisher":{"@id":"https:\/\/cestysemtam.cz\/#organization"},"potentialAction":[{"@type":"SearchAction","target":{"@type":"EntryPoint","urlTemplate":"https:\/\/cestysemtam.cz\/?s={search_term_string}"},"query-input":{"@type":"PropertyValueSpecification","valueRequired":true,"valueName":"search_term_string"}}],"inLanguage":"en-GB"},{"@type":"Organization","@id":"https:\/\/cestysemtam.cz\/#organization","name":"Cesty Sem Tam","url":"https:\/\/cestysemtam.cz\/","logo":{"@type":"ImageObject","inLanguage":"en-GB","@id":"https:\/\/cestysemtam.cz\/#\/schema\/logo\/image\/","url":"https:\/\/cestysemtam.cz\/wp-content\/uploads\/2023\/12\/logo-Cesty-Sem-Tam-1000px.png","contentUrl":"https:\/\/cestysemtam.cz\/wp-content\/uploads\/2023\/12\/logo-Cesty-Sem-Tam-1000px.png","width":1000,"height":249,"caption":"Cesty Sem Tam"},"image":{"@id":"https:\/\/cestysemtam.cz\/#\/schema\/logo\/image\/"},"sameAs":["https:\/\/www.facebook.com\/profile.php?id=61572455318171","https:\/\/x.com\/Cestysemtam","https:\/\/www.instagram.com\/cestysemtam\/","https:\/\/cz.pinterest.com\/katka1430\/_created\/"]},{"@type":"Person","@id":"https:\/\/cestysemtam.cz\/#\/schema\/person\/2fcc6bbe4d0fc0052a39d9e68b43ea56","name":"kata","url":"https:\/\/cestysemtam.cz\/en\/author\/kata\/"}]}},"_links":{"self":[{"href":"https:\/\/cestysemtam.cz\/en\/wp-json\/wp\/v2\/posts\/6528","targetHints":{"allow":["GET"]}}],"collection":[{"href":"https:\/\/cestysemtam.cz\/en\/wp-json\/wp\/v2\/posts"}],"about":[{"href":"https:\/\/cestysemtam.cz\/en\/wp-json\/wp\/v2\/types\/post"}],"author":[{"embeddable":true,"href":"https:\/\/cestysemtam.cz\/en\/wp-json\/wp\/v2\/users\/3"}],"replies":[{"embeddable":true,"href":"https:\/\/cestysemtam.cz\/en\/wp-json\/wp\/v2\/comments?post=6528"}],"version-history":[{"count":8,"href":"https:\/\/cestysemtam.cz\/en\/wp-json\/wp\/v2\/posts\/6528\/revisions"}],"predecessor-version":[{"id":7097,"href":"https:\/\/cestysemtam.cz\/en\/wp-json\/wp\/v2\/posts\/6528\/revisions\/7097"}],"wp:featuredmedia":[{"embeddable":true,"href":"https:\/\/cestysemtam.cz\/en\/wp-json\/wp\/v2\/media\/6529"}],"wp:attachment":[{"href":"https:\/\/cestysemtam.cz\/en\/wp-json\/wp\/v2\/media?parent=6528"}],"wp:term":[{"taxonomy":"category","embeddable":true,"href":"https:\/\/cestysemtam.cz\/en\/wp-json\/wp\/v2\/categories?post=6528"},{"taxonomy":"post_tag","embeddable":true,"href":"https:\/\/cestysemtam.cz\/en\/wp-json\/wp\/v2\/tags?post=6528"}],"curies":[{"name":"wp","href":"https:\/\/api.w.org\/{rel}","templated":true}]}}