{"id":6948,"date":"2025-07-02T20:14:24","date_gmt":"2025-07-02T19:14:24","guid":{"rendered":"https:\/\/cestysemtam.cz\/?p=6948"},"modified":"2025-07-07T13:09:23","modified_gmt":"2025-07-07T12:09:23","slug":"jizni-cesta-islandu-divoka-krasa-mezi-vodopady-lavou-a-skalami","status":"publish","type":"post","link":"https:\/\/cestysemtam.cz\/en\/island\/jizni-cesta-islandu-divoka-krasa-mezi-vodopady-lavou-a-skalami\/","title":{"rendered":"The South Coast: wild beauty among waterfalls, lava and cliffs"},"content":{"rendered":"<p>The South Coast of Iceland is like a page from a fairy tale\u2014wild, dramatic and incredibly photogenic. This part of the island offers a concentrated dose of Iceland\u2019s wonders: powerful waterfalls, black sand beaches and towering cliffs.<\/p>\n<p>So, if you're looking for a route where every kilometre brings a new experience, the southern coast is the perfect choice. Join us on this unforgettable journey.<\/p>\n<p>&nbsp;<\/p>\n<h4>Selfoss<\/h4>\n<p>From Reykjav\u00edk, we first headed to the town of <a href=\"https:\/\/selfoss.com\/\" target=\"_blank\" rel=\"noopener\">Selfoss<\/a>, which serves as the gateway to Iceland\u2019s most breathtaking natural wonders while also being a place where everyday life thrives. Selfoss is the largest town in South Iceland and an ideal base for exploring both the southern coast and the inland regions with their geothermal areas and waterfalls.<\/p>\n<p>Here, you\u2019ll find everything from modern hotels and restaurants offering <strong>local produce<\/strong> to traditional Icelandic farms.<\/p>\n<p>&nbsp;<\/p>\n<h4>Lava Centre<\/h4>\n<p>We continued our journey toward Seljalandsfoss waterfall. Along the way, we crossed Iceland\u2019s longest river, \u00dej\u00f3rs\u00e1, where during the spawning season, you can spot schools of leaping salmon and sea trout.<\/p>\n<p>In the town of Hvolsv\u00f6llur, we visited the <a href=\"https:\/\/lavacentre.is\/\" target=\"_blank\" rel=\"noopener\">Lava Centre<\/a>, an interactive exhibition dedicated not only to Iceland\u2019s volcanoes and lava flows but also to earthquakes and glacial floods. At the entrance, we could also see a map displaying <strong>seismic activity<\/strong> across the entire island over the last 48 hours.<\/p>\n<p>Address: Austurvegur 14, Hvolsv\u00f6llur<\/p>\n<p>&nbsp;<br \/>\nBefore arriving at the silvery cascade of Seljalandsfoss, we enjoyed a distant view of the snow-capped <strong>Hekla Volcano<\/strong>, which in medieval times was believed to be <strong>the gateway to hell<\/strong>. No wonder\u2014the volcano has remained highly active to this day.<\/p>\n<p>&nbsp;<\/p>\n<h4>Seljalandsfoss Waterfall<\/h4>\n<p>This 60-meter-high waterfall offers a unique experience. Thanks to its shape, you can walk behind the cascading water and find yourself in a small cave, where a fine mist will gently spray over you. This unforgettable view of the waterfall from behind is something you simply can\u2019t miss.<\/p>\n<p>The best time to visit is <strong>early morning<\/strong> or <strong>late afternoon<\/strong>, when you can avoid the biggest crowds. Don\u2019t forget to bring a waterproof jacket and shoes\u2014even if it\u2019s not raining, you\u2019ll definitely get wet when walking behind the waterfall.<\/p>\n\n\t\t<style type=\"text\/css\">\n\t\t\t#gallery-1 {\n\t\t\t\tmargin: auto;\n\t\t\t}\n\t\t\t#gallery-1 .gallery-item {\n\t\t\t\tfloat: left;\n\t\t\t\tmargin-top: 10px;\n\t\t\t\ttext-align: center;\n\t\t\t\twidth: 50%;\n\t\t\t}\n\t\t\t#gallery-1 img {\n\t\t\t\tborder: 2px solid #cfcfcf;\n\t\t\t}\n\t\t\t#gallery-1 .gallery-caption {\n\t\t\t\tmargin-left: 0;\n\t\t\t}\n\t\t\t\/* see gallery_shortcode() in wp-includes\/media.php *\/\n\t\t<\/style>\n\t\t<div id='gallery-1' class='gallery galleryid-6948 gallery-columns-2 gallery-size-large'><dl class='gallery-item'>\n\t\t\t<dt class='gallery-icon landscape'>\n\t\t\t\t<a href='https:\/\/cestysemtam.cz\/wp-content\/uploads\/2025\/07\/01_Hekka_PB.jpg'><img loading=\"lazy\" decoding=\"async\" width=\"1024\" height=\"720\" src=\"https:\/\/cestysemtam.cz\/wp-content\/uploads\/2025\/07\/01_Hekka_PB-1024x720.jpg\" class=\"attachment-large size-large\" alt=\"\" aria-describedby=\"gallery-1-6951\" srcset=\"https:\/\/cestysemtam.cz\/wp-content\/uploads\/2025\/07\/01_Hekka_PB-980x689.jpg 980w, https:\/\/cestysemtam.cz\/wp-content\/uploads\/2025\/07\/01_Hekka_PB-480x338.jpg 480w\" sizes=\"(min-width: 0px) and (max-width: 480px) 480px, (min-width: 481px) and (max-width: 980px) 980px, (min-width: 981px) 1024px, 100vw\" \/><\/a>\n\t\t\t<\/dt>\n\t\t\t\t<dd class='wp-caption-text gallery-caption' id='gallery-1-6951'>\n\t\t\t\tHekla Volcano\n\t\t\t\t<\/dd><\/dl><dl class='gallery-item'>\n\t\t\t<dt class='gallery-icon landscape'>\n\t\t\t\t<a href='https:\/\/cestysemtam.cz\/wp-content\/uploads\/2025\/07\/02_Seljalandsfoss_PB.jpg'><img loading=\"lazy\" decoding=\"async\" width=\"1024\" height=\"720\" src=\"https:\/\/cestysemtam.cz\/wp-content\/uploads\/2025\/07\/02_Seljalandsfoss_PB-1024x720.jpg\" class=\"attachment-large size-large\" alt=\"\" aria-describedby=\"gallery-1-6952\" srcset=\"https:\/\/cestysemtam.cz\/wp-content\/uploads\/2025\/07\/02_Seljalandsfoss_PB-980x689.jpg 980w, https:\/\/cestysemtam.cz\/wp-content\/uploads\/2025\/07\/02_Seljalandsfoss_PB-480x338.jpg 480w\" sizes=\"(min-width: 0px) and (max-width: 480px) 480px, (min-width: 481px) and (max-width: 980px) 980px, (min-width: 981px) 1024px, 100vw\" \/><\/a>\n\t\t\t<\/dt>\n\t\t\t\t<dd class='wp-caption-text gallery-caption' id='gallery-1-6952'>\n\t\t\t\tSeljalandsfoss Waterfall\n\t\t\t\t<\/dd><\/dl><br style=\"clear: both\" \/>\n\t\t<\/div>\n\n<p>&nbsp;<\/p>\n<h4>Sk\u00f3gafoss Waterfall<\/h4>\n<p>Another beautiful waterfall located nearby was Sk\u00f3gafoss, which plunges from a height of 62 meters. Both waterfalls are situated in the area of <strong>the Eyjafjallaj\u00f6kull glacier<\/strong>, beneath which lies a volcano that erupted in 2010, covering everything in thick gray ash. You surely remember the largest disruption in air traffic that affected all of Europe at the time.<\/p>\n<p>When you look at Sk\u00f3gafoss, you can feel the incredible power of nature. Clouds of water droplets spray in all directions, creating a rainbow that further enhances the magic of this place.<\/p>\n<p>According to local legend, Vikings hid a treasure behind the waterfall. Although the treasure has never been found, this legend adds a mysterious atmosphere to the site.<\/p>\n<p>Sk\u00f3gafoss is located near the main Ring Road, making it easily accessible by car. If you want to enjoy a panoramic view of the waterfall and its surroundings, you can climb the stairs to <strong>the viewing platform<\/strong>.<\/p>\n\n\t\t<style type=\"text\/css\">\n\t\t\t#gallery-2 {\n\t\t\t\tmargin: auto;\n\t\t\t}\n\t\t\t#gallery-2 .gallery-item {\n\t\t\t\tfloat: left;\n\t\t\t\tmargin-top: 10px;\n\t\t\t\ttext-align: center;\n\t\t\t\twidth: 50%;\n\t\t\t}\n\t\t\t#gallery-2 img {\n\t\t\t\tborder: 2px solid #cfcfcf;\n\t\t\t}\n\t\t\t#gallery-2 .gallery-caption {\n\t\t\t\tmargin-left: 0;\n\t\t\t}\n\t\t\t\/* see gallery_shortcode() in wp-includes\/media.php *\/\n\t\t<\/style>\n\t\t<div id='gallery-2' class='gallery galleryid-6948 gallery-columns-2 gallery-size-large'><dl class='gallery-item'>\n\t\t\t<dt class='gallery-icon landscape'>\n\t\t\t\t<a href='https:\/\/cestysemtam.cz\/wp-content\/uploads\/2025\/07\/03_Seljalandsfoss_PB.jpg'><img loading=\"lazy\" decoding=\"async\" width=\"1024\" height=\"720\" src=\"https:\/\/cestysemtam.cz\/wp-content\/uploads\/2025\/07\/03_Seljalandsfoss_PB-1024x720.jpg\" class=\"attachment-large size-large\" alt=\"\" aria-describedby=\"gallery-2-6953\" srcset=\"https:\/\/cestysemtam.cz\/wp-content\/uploads\/2025\/07\/03_Seljalandsfoss_PB-980x689.jpg 980w, https:\/\/cestysemtam.cz\/wp-content\/uploads\/2025\/07\/03_Seljalandsfoss_PB-480x338.jpg 480w\" sizes=\"(min-width: 0px) and (max-width: 480px) 480px, (min-width: 481px) and (max-width: 980px) 980px, (min-width: 981px) 1024px, 100vw\" \/><\/a>\n\t\t\t<\/dt>\n\t\t\t\t<dd class='wp-caption-text gallery-caption' id='gallery-2-6953'>\n\t\t\t\tSeljalandsfoss Waterfall\n\t\t\t\t<\/dd><\/dl><dl class='gallery-item'>\n\t\t\t<dt class='gallery-icon landscape'>\n\t\t\t\t<a href='https:\/\/cestysemtam.cz\/wp-content\/uploads\/2025\/07\/04_Skogafoss_PB.jpg'><img loading=\"lazy\" decoding=\"async\" width=\"1024\" height=\"720\" src=\"https:\/\/cestysemtam.cz\/wp-content\/uploads\/2025\/07\/04_Skogafoss_PB-1024x720.jpg\" class=\"attachment-large size-large\" alt=\"\" aria-describedby=\"gallery-2-6954\" srcset=\"https:\/\/cestysemtam.cz\/wp-content\/uploads\/2025\/07\/04_Skogafoss_PB-980x689.jpg 980w, https:\/\/cestysemtam.cz\/wp-content\/uploads\/2025\/07\/04_Skogafoss_PB-480x338.jpg 480w\" sizes=\"(min-width: 0px) and (max-width: 480px) 480px, (min-width: 481px) and (max-width: 980px) 980px, (min-width: 981px) 1024px, 100vw\" \/><\/a>\n\t\t\t<\/dt>\n\t\t\t\t<dd class='wp-caption-text gallery-caption' id='gallery-2-6954'>\n\t\t\t\tSk\u00f3gafoss Waterfall\n\t\t\t\t<\/dd><\/dl><br style=\"clear: both\" \/>\n\t\t<\/div>\n\n<p>&nbsp;<\/p>\n<h4>Reynisfjara Beach<\/h4>\n<p>Our last stop on this journey was <strong>the Dyrh\u00f3laey rock arch<\/strong>, which is not only home to a nature reserve with seabirds but also the famous Reynisfjara Beach with its distinctive black sand and dramatic cliffs that will literally take your breath away.<\/p>\n<p>What makes Reynisfjara Beach so unique? Primarily, it's <strong>the black sand<\/strong>, formed from crushed lava particles. This contrast with the white foam of the ocean waves creates a stunning visual effect. Add to that <strong>the massive basalt columns of Reynisdrangar<\/strong>, rising from the sea like the fingers of giants, and you have a scene that could easily appear in a fantasy film.<\/p>\n<p>You\u2019ll also be pleased to know that the beach is easily accessible by car.<\/p>\n\n\t\t<style type=\"text\/css\">\n\t\t\t#gallery-3 {\n\t\t\t\tmargin: auto;\n\t\t\t}\n\t\t\t#gallery-3 .gallery-item {\n\t\t\t\tfloat: left;\n\t\t\t\tmargin-top: 10px;\n\t\t\t\ttext-align: center;\n\t\t\t\twidth: 50%;\n\t\t\t}\n\t\t\t#gallery-3 img {\n\t\t\t\tborder: 2px solid #cfcfcf;\n\t\t\t}\n\t\t\t#gallery-3 .gallery-caption {\n\t\t\t\tmargin-left: 0;\n\t\t\t}\n\t\t\t\/* see gallery_shortcode() in wp-includes\/media.php *\/\n\t\t<\/style>\n\t\t<div id='gallery-3' class='gallery galleryid-6948 gallery-columns-2 gallery-size-large'><dl class='gallery-item'>\n\t\t\t<dt class='gallery-icon landscape'>\n\t\t\t\t<a href='https:\/\/cestysemtam.cz\/wp-content\/uploads\/2025\/07\/05_Reynisfjara.jpg'><img loading=\"lazy\" decoding=\"async\" width=\"1024\" height=\"720\" src=\"https:\/\/cestysemtam.cz\/wp-content\/uploads\/2025\/07\/05_Reynisfjara-1024x720.jpg\" class=\"attachment-large size-large\" alt=\"\" aria-describedby=\"gallery-3-6955\" srcset=\"https:\/\/cestysemtam.cz\/wp-content\/uploads\/2025\/07\/05_Reynisfjara-980x689.jpg 980w, https:\/\/cestysemtam.cz\/wp-content\/uploads\/2025\/07\/05_Reynisfjara-480x338.jpg 480w\" sizes=\"(min-width: 0px) and (max-width: 480px) 480px, (min-width: 481px) and (max-width: 980px) 980px, (min-width: 981px) 1024px, 100vw\" \/><\/a>\n\t\t\t<\/dt>\n\t\t\t\t<dd class='wp-caption-text gallery-caption' id='gallery-3-6955'>\n\t\t\t\tReynisfjara Beach\n\t\t\t\t<\/dd><\/dl><dl class='gallery-item'>\n\t\t\t<dt class='gallery-icon landscape'>\n\t\t\t\t<a href='https:\/\/cestysemtam.cz\/wp-content\/uploads\/2025\/07\/06_Reynisfjara.jpg'><img loading=\"lazy\" decoding=\"async\" width=\"1024\" height=\"720\" src=\"https:\/\/cestysemtam.cz\/wp-content\/uploads\/2025\/07\/06_Reynisfjara-1024x720.jpg\" class=\"attachment-large size-large\" alt=\"\" aria-describedby=\"gallery-3-6956\" srcset=\"https:\/\/cestysemtam.cz\/wp-content\/uploads\/2025\/07\/06_Reynisfjara-980x689.jpg 980w, https:\/\/cestysemtam.cz\/wp-content\/uploads\/2025\/07\/06_Reynisfjara-480x338.jpg 480w\" sizes=\"(min-width: 0px) and (max-width: 480px) 480px, (min-width: 481px) and (max-width: 980px) 980px, (min-width: 981px) 1024px, 100vw\" \/><\/a>\n\t\t\t<\/dt>\n\t\t\t\t<dd class='wp-caption-text gallery-caption' id='gallery-3-6956'>\n\t\t\t\tReynisfjara Beach\n\t\t\t\t<\/dd><\/dl><br style=\"clear: both\" \/>\n\t\t<\/div>\n\n<p>&nbsp;<\/p>\n<h5>Our tip:<\/h5>\n<p>Visit at <strong>sunrise<\/strong> or <strong>sunset<\/strong>. The beach is at its most beautiful during these times and you\u2019ll have a chance to capture amazing photos.<\/p>\n<p>&nbsp;<\/p>\n<h5>Our warning:<\/h5>\n<p>Although the atmosphere of this place is mesmerizing, <strong>keep your distance from the water<\/strong>. Strong waves and dangerous currents make this beach a very risky spot. Every year, tragic accidents occur when tourists underestimate the power of nature.<\/p>\n\n\t\t<style type=\"text\/css\">\n\t\t\t#gallery-4 {\n\t\t\t\tmargin: auto;\n\t\t\t}\n\t\t\t#gallery-4 .gallery-item {\n\t\t\t\tfloat: left;\n\t\t\t\tmargin-top: 10px;\n\t\t\t\ttext-align: center;\n\t\t\t\twidth: 50%;\n\t\t\t}\n\t\t\t#gallery-4 img {\n\t\t\t\tborder: 2px solid #cfcfcf;\n\t\t\t}\n\t\t\t#gallery-4 .gallery-caption {\n\t\t\t\tmargin-left: 0;\n\t\t\t}\n\t\t\t\/* see gallery_shortcode() in wp-includes\/media.php *\/\n\t\t<\/style>\n\t\t<div id='gallery-4' class='gallery galleryid-6948 gallery-columns-2 gallery-size-large'><dl class='gallery-item'>\n\t\t\t<dt class='gallery-icon landscape'>\n\t\t\t\t<a href='https:\/\/cestysemtam.cz\/wp-content\/uploads\/2025\/07\/07_Reynisfjara_PB.jpg'><img loading=\"lazy\" decoding=\"async\" width=\"1024\" height=\"720\" src=\"https:\/\/cestysemtam.cz\/wp-content\/uploads\/2025\/07\/07_Reynisfjara_PB-1024x720.jpg\" class=\"attachment-large size-large\" alt=\"\" aria-describedby=\"gallery-4-6957\" srcset=\"https:\/\/cestysemtam.cz\/wp-content\/uploads\/2025\/07\/07_Reynisfjara_PB-980x689.jpg 980w, https:\/\/cestysemtam.cz\/wp-content\/uploads\/2025\/07\/07_Reynisfjara_PB-480x338.jpg 480w\" sizes=\"(min-width: 0px) and (max-width: 480px) 480px, (min-width: 481px) and (max-width: 980px) 980px, (min-width: 981px) 1024px, 100vw\" \/><\/a>\n\t\t\t<\/dt>\n\t\t\t\t<dd class='wp-caption-text gallery-caption' id='gallery-4-6957'>\n\t\t\t\tReynisfjara Beach\n\t\t\t\t<\/dd><\/dl><dl class='gallery-item'>\n\t\t\t<dt class='gallery-icon landscape'>\n\t\t\t\t<a href='https:\/\/cestysemtam.cz\/wp-content\/uploads\/2025\/07\/08_Reynisfjara.jpg'><img loading=\"lazy\" decoding=\"async\" width=\"1024\" height=\"720\" src=\"https:\/\/cestysemtam.cz\/wp-content\/uploads\/2025\/07\/08_Reynisfjara-1024x720.jpg\" class=\"attachment-large size-large\" alt=\"\" aria-describedby=\"gallery-4-6958\" srcset=\"https:\/\/cestysemtam.cz\/wp-content\/uploads\/2025\/07\/08_Reynisfjara-980x689.jpg 980w, https:\/\/cestysemtam.cz\/wp-content\/uploads\/2025\/07\/08_Reynisfjara-480x338.jpg 480w\" sizes=\"(min-width: 0px) and (max-width: 480px) 480px, (min-width: 481px) and (max-width: 980px) 980px, (min-width: 981px) 1024px, 100vw\" \/><\/a>\n\t\t\t<\/dt>\n\t\t\t\t<dd class='wp-caption-text gallery-caption' id='gallery-4-6958'>\n\t\t\t\tReynisfjara Beach\n\t\t\t\t<\/dd><\/dl><br style=\"clear: both\" \/>\n\t\t<\/div>\n\n<p>&nbsp;<\/p>\n<h5>Useful tips:<\/h5>\n<p><strong>Northern Lights (Aurora Borealis): <\/strong>If you want to witness this mesmerizing light show, we recommend visiting Iceland from late September to October until March or April. The best chances to see it are around midnight on cold, clear and moonless nights. Since it\u2019s a natural phenomenon, nothing is guaranteed. If you\u2019re lucky, you\u2019ll see a stunning green firework display streaked with shades of purple, pink or red.<\/p>\n<p><strong>Local Wildlife: <\/strong>Perhaps the most photogenic typical Icelandic resident is the<strong> Atlantic puffin<\/strong>. Its stocky body and short wings may struggle against gravity in flight, but it is an excellent swimmer, capable of diving up to 20 meters deep.<\/p>\n<p>A special breed is the <strong>Icelandic horse<\/strong>; the only horse breed allowed in the country to preserve its genetic purity. Despite its small stature, it is classified as a horse, not a pony, and can easily carry an adult. These horses have a very gentle nature and are fond of people.<\/p>\n<p>We experienced this firsthand when we stopped by a paddock during one of our trips. The horses happily posed for our cameras and let us pet them.<\/p>\n<p><strong>Seasons:<\/strong> Spring is a beautiful time when the land begins to bloom. Whales also return to Icelandic waters, marking the start of whale-watching season.<\/p>\n<p>Summer is the peak tourist season, but it\u2019s also the time for many Icelandic <a href=\"https:\/\/visitreykjavik.is\/see-and-do\/reykjavik-festival-city\" target=\"_blank\" rel=\"noopener\">festivals<\/a>, the midnight sun phenomenon and adorable puffins, which find refuge here between May and September.<\/p>\n<p>The changing colours of nature in autumn make it ideal for photographers and there are fewer tourists.<\/p>\n<p>Winter brings polar nights, but it\u2019s also the best time to see the Northern Lights.<\/p>\n\n\t\t<style type=\"text\/css\">\n\t\t\t#gallery-5 {\n\t\t\t\tmargin: auto;\n\t\t\t}\n\t\t\t#gallery-5 .gallery-item {\n\t\t\t\tfloat: left;\n\t\t\t\tmargin-top: 10px;\n\t\t\t\ttext-align: center;\n\t\t\t\twidth: 50%;\n\t\t\t}\n\t\t\t#gallery-5 img {\n\t\t\t\tborder: 2px solid #cfcfcf;\n\t\t\t}\n\t\t\t#gallery-5 .gallery-caption {\n\t\t\t\tmargin-left: 0;\n\t\t\t}\n\t\t\t\/* see gallery_shortcode() in wp-includes\/media.php *\/\n\t\t<\/style>\n\t\t<div id='gallery-5' class='gallery galleryid-6948 gallery-columns-2 gallery-size-large'><dl class='gallery-item'>\n\t\t\t<dt class='gallery-icon landscape'>\n\t\t\t\t<a href='https:\/\/cestysemtam.cz\/wp-content\/uploads\/2025\/07\/09_Island_PB.jpg'><img loading=\"lazy\" decoding=\"async\" width=\"1024\" height=\"720\" src=\"https:\/\/cestysemtam.cz\/wp-content\/uploads\/2025\/07\/09_Island_PB-1024x720.jpg\" class=\"attachment-large size-large\" alt=\"\" aria-describedby=\"gallery-5-6959\" srcset=\"https:\/\/cestysemtam.cz\/wp-content\/uploads\/2025\/07\/09_Island_PB-980x689.jpg 980w, https:\/\/cestysemtam.cz\/wp-content\/uploads\/2025\/07\/09_Island_PB-480x338.jpg 480w\" sizes=\"(min-width: 0px) and (max-width: 480px) 480px, (min-width: 481px) and (max-width: 980px) 980px, (min-width: 981px) 1024px, 100vw\" \/><\/a>\n\t\t\t<\/dt>\n\t\t\t\t<dd class='wp-caption-text gallery-caption' id='gallery-5-6959'>\n\t\t\t\tAtlantic puffin\n\t\t\t\t<\/dd><\/dl><dl class='gallery-item'>\n\t\t\t<dt class='gallery-icon landscape'>\n\t\t\t\t<a href='https:\/\/cestysemtam.cz\/wp-content\/uploads\/2025\/07\/10_Island_PB.jpg'><img loading=\"lazy\" decoding=\"async\" width=\"1024\" height=\"720\" src=\"https:\/\/cestysemtam.cz\/wp-content\/uploads\/2025\/07\/10_Island_PB-1024x720.jpg\" class=\"attachment-large size-large\" alt=\"\" aria-describedby=\"gallery-5-6960\" srcset=\"https:\/\/cestysemtam.cz\/wp-content\/uploads\/2025\/07\/10_Island_PB-980x689.jpg 980w, https:\/\/cestysemtam.cz\/wp-content\/uploads\/2025\/07\/10_Island_PB-480x338.jpg 480w\" sizes=\"(min-width: 0px) and (max-width: 480px) 480px, (min-width: 481px) and (max-width: 980px) 980px, (min-width: 981px) 1024px, 100vw\" \/><\/a>\n\t\t\t<\/dt>\n\t\t\t\t<dd class='wp-caption-text gallery-caption' id='gallery-5-6960'>\n\t\t\t\tIcelandic horse\n\t\t\t\t<\/dd><\/dl><br style=\"clear: both\" \/>\n\t\t<\/div>\n\n<p>&nbsp;<\/p>\n<h5>Our final invitation:<\/h5>\n<p>If you want to discover more of Iceland\u2019s beauty and get additional tips, check out our articles on <a href=\"https:\/\/cestysemtam.cz\/island\/zlaty-okruh-na-islandu-cesta-za-divy-ohne-a-ledu\/\" target=\"_blank\" rel=\"noopener\">the Golden Circle<\/a> or <a href=\"https:\/\/cestysemtam.cz\/island\/reykjavik-kouzlo-severske-metropole-na-konci-sveta\/\" target=\"_blank\" rel=\"noopener\">the capital city, Reykjav\u00edk<\/a>.<\/p>","protected":false},"excerpt":{"rendered":"<p>Ji\u017en\u00ed Island je jako str\u00e1nka z poh\u00e1dky \u2013 divok\u00fd, dramatick\u00fd a neuv\u011b\u0159iteln\u011b fotogenick\u00fd. Tato \u010d\u00e1st ostrova nab\u00edz\u00ed koncentrovanou d\u00e1vku islandsk\u00fdch div\u016f: mohutn\u00e9 vodop\u00e1dy, \u010dern\u00e9 p\u00edse\u010dn\u00e9 pl\u00e1\u017ee a skaln\u00ed \u00fatesy. Pokud tedy hled\u00e1te cestu, kde na ka\u017ed\u00e9m kilometru \u010dek\u00e1 z\u00e1\u017eitek, pak je ji\u017en\u00ed pob\u0159e\u017e\u00ed tou pravou volbou. Vydejte se s\u00a0n\u00e1mi na tuto nezapomenutelnou v\u00fdpravu. &nbsp; M\u011bsto [&hellip;]<\/p>\n","protected":false},"author":3,"featured_media":6950,"comment_status":"closed","ping_status":"closed","sticky":false,"template":"","format":"standard","meta":{"_et_pb_use_builder":"","_et_pb_old_content":"","_et_gb_content_width":"","footnotes":""},"categories":[34],"tags":[63,53,139],"class_list":["post-6948","post","type-post","status-publish","format-standard","has-post-thumbnail","hentry","category-island","tag-plaze","tag-vodopady","tag-vystavy"],"yoast_head":"<!-- This site is optimized with the Yoast SEO plugin v27.1.1 - https:\/\/yoast.com\/product\/yoast-seo-wordpress\/ -->\n<title>Ji\u017en\u00ed cesta: divok\u00e1 kr\u00e1sa mezi vodop\u00e1dy, l\u00e1vou a sk\u00e1lami - Cesty Sem Tam<\/title>\n<meta name=\"robots\" content=\"index, follow, max-snippet:-1, max-image-preview:large, max-video-preview:-1\" \/>\n<link rel=\"canonical\" href=\"https:\/\/cestysemtam.cz\/en\/island\/jizni-cesta-islandu-divoka-krasa-mezi-vodopady-lavou-a-skalami\/\" \/>\n<meta property=\"og:locale\" content=\"en_GB\" \/>\n<meta property=\"og:type\" content=\"article\" \/>\n<meta property=\"og:title\" content=\"Ji\u017en\u00ed cesta: divok\u00e1 kr\u00e1sa mezi vodop\u00e1dy, l\u00e1vou a sk\u00e1lami - Cesty Sem Tam\" \/>\n<meta property=\"og:description\" content=\"Ji\u017en\u00ed Island je jako str\u00e1nka z poh\u00e1dky \u2013 divok\u00fd, dramatick\u00fd a neuv\u011b\u0159iteln\u011b fotogenick\u00fd. Tato \u010d\u00e1st ostrova nab\u00edz\u00ed koncentrovanou d\u00e1vku islandsk\u00fdch div\u016f: mohutn\u00e9 vodop\u00e1dy, \u010dern\u00e9 p\u00edse\u010dn\u00e9 pl\u00e1\u017ee a skaln\u00ed \u00fatesy. Pokud tedy hled\u00e1te cestu, kde na ka\u017ed\u00e9m kilometru \u010dek\u00e1 z\u00e1\u017eitek, pak je ji\u017en\u00ed pob\u0159e\u017e\u00ed tou pravou volbou. Vydejte se s\u00a0n\u00e1mi na tuto nezapomenutelnou v\u00fdpravu. &nbsp; M\u011bsto [&hellip;]\" \/>\n<meta property=\"og:url\" content=\"https:\/\/cestysemtam.cz\/en\/island\/jizni-cesta-islandu-divoka-krasa-mezi-vodopady-lavou-a-skalami\/\" \/>\n<meta property=\"og:site_name\" content=\"Cesty Sem Tam\" \/>\n<meta property=\"article:publisher\" content=\"https:\/\/www.facebook.com\/profile.php?id=61572455318171\" \/>\n<meta property=\"article:published_time\" content=\"2025-07-02T19:14:24+00:00\" \/>\n<meta property=\"article:modified_time\" content=\"2025-07-07T12:09:23+00:00\" \/>\n<meta property=\"og:image\" content=\"https:\/\/cestysemtam.cz\/wp-content\/uploads\/2025\/07\/00_UVODNI_Island_PB-1.jpg\" \/>\n\t<meta property=\"og:image:width\" content=\"1300\" \/>\n\t<meta property=\"og:image:height\" content=\"867\" \/>\n\t<meta property=\"og:image:type\" content=\"image\/jpeg\" \/>\n<meta name=\"author\" content=\"kata\" \/>\n<meta name=\"twitter:card\" content=\"summary_large_image\" \/>\n<meta name=\"twitter:creator\" content=\"@Cestysemtam\" \/>\n<meta name=\"twitter:site\" content=\"@Cestysemtam\" \/>\n<meta name=\"twitter:label1\" content=\"Written by\" \/>\n\t<meta name=\"twitter:data1\" content=\"kata\" \/>\n\t<meta name=\"twitter:label2\" content=\"Estimated reading time\" \/>\n\t<meta name=\"twitter:data2\" content=\"7 minutes\" \/>\n<script type=\"application\/ld+json\" class=\"yoast-schema-graph\">{\"@context\":\"https:\/\/schema.org\",\"@graph\":[{\"@type\":\"Article\",\"@id\":\"https:\/\/cestysemtam.cz\/island\/jizni-cesta-islandu-divoka-krasa-mezi-vodopady-lavou-a-skalami\/#article\",\"isPartOf\":{\"@id\":\"https:\/\/cestysemtam.cz\/island\/jizni-cesta-islandu-divoka-krasa-mezi-vodopady-lavou-a-skalami\/\"},\"author\":{\"name\":\"kata\",\"@id\":\"https:\/\/cestysemtam.cz\/#\/schema\/person\/2fcc6bbe4d0fc0052a39d9e68b43ea56\"},\"headline\":\"Ji\u017en\u00ed cesta: divok\u00e1 kr\u00e1sa mezi vodop\u00e1dy, l\u00e1vou a sk\u00e1lami\",\"datePublished\":\"2025-07-02T19:14:24+00:00\",\"dateModified\":\"2025-07-07T12:09:23+00:00\",\"mainEntityOfPage\":{\"@id\":\"https:\/\/cestysemtam.cz\/island\/jizni-cesta-islandu-divoka-krasa-mezi-vodopady-lavou-a-skalami\/\"},\"wordCount\":1347,\"publisher\":{\"@id\":\"https:\/\/cestysemtam.cz\/#organization\"},\"image\":{\"@id\":\"https:\/\/cestysemtam.cz\/island\/jizni-cesta-islandu-divoka-krasa-mezi-vodopady-lavou-a-skalami\/#primaryimage\"},\"thumbnailUrl\":\"https:\/\/cestysemtam.cz\/wp-content\/uploads\/2025\/07\/00_UVODNI_Island_PB-1.jpg\",\"keywords\":[\"Pl\u00e1\u017ee\",\"Vodop\u00e1dy\",\"V\u00fdstavy\"],\"articleSection\":[\"Island\"],\"inLanguage\":\"en-GB\"},{\"@type\":\"WebPage\",\"@id\":\"https:\/\/cestysemtam.cz\/island\/jizni-cesta-islandu-divoka-krasa-mezi-vodopady-lavou-a-skalami\/\",\"url\":\"https:\/\/cestysemtam.cz\/island\/jizni-cesta-islandu-divoka-krasa-mezi-vodopady-lavou-a-skalami\/\",\"name\":\"Ji\u017en\u00ed cesta: divok\u00e1 kr\u00e1sa mezi vodop\u00e1dy, l\u00e1vou a sk\u00e1lami - Cesty Sem Tam\",\"isPartOf\":{\"@id\":\"https:\/\/cestysemtam.cz\/#website\"},\"primaryImageOfPage\":{\"@id\":\"https:\/\/cestysemtam.cz\/island\/jizni-cesta-islandu-divoka-krasa-mezi-vodopady-lavou-a-skalami\/#primaryimage\"},\"image\":{\"@id\":\"https:\/\/cestysemtam.cz\/island\/jizni-cesta-islandu-divoka-krasa-mezi-vodopady-lavou-a-skalami\/#primaryimage\"},\"thumbnailUrl\":\"https:\/\/cestysemtam.cz\/wp-content\/uploads\/2025\/07\/00_UVODNI_Island_PB-1.jpg\",\"datePublished\":\"2025-07-02T19:14:24+00:00\",\"dateModified\":\"2025-07-07T12:09:23+00:00\",\"breadcrumb\":{\"@id\":\"https:\/\/cestysemtam.cz\/island\/jizni-cesta-islandu-divoka-krasa-mezi-vodopady-lavou-a-skalami\/#breadcrumb\"},\"inLanguage\":\"en-GB\",\"potentialAction\":[{\"@type\":\"ReadAction\",\"target\":[\"https:\/\/cestysemtam.cz\/island\/jizni-cesta-islandu-divoka-krasa-mezi-vodopady-lavou-a-skalami\/\"]}]},{\"@type\":\"ImageObject\",\"inLanguage\":\"en-GB\",\"@id\":\"https:\/\/cestysemtam.cz\/island\/jizni-cesta-islandu-divoka-krasa-mezi-vodopady-lavou-a-skalami\/#primaryimage\",\"url\":\"https:\/\/cestysemtam.cz\/wp-content\/uploads\/2025\/07\/00_UVODNI_Island_PB-1.jpg\",\"contentUrl\":\"https:\/\/cestysemtam.cz\/wp-content\/uploads\/2025\/07\/00_UVODNI_Island_PB-1.jpg\",\"width\":1300,\"height\":867},{\"@type\":\"BreadcrumbList\",\"@id\":\"https:\/\/cestysemtam.cz\/island\/jizni-cesta-islandu-divoka-krasa-mezi-vodopady-lavou-a-skalami\/#breadcrumb\",\"itemListElement\":[{\"@type\":\"ListItem\",\"position\":1,\"name\":\"Dom\u016f\",\"item\":\"https:\/\/cestysemtam.cz\/\"},{\"@type\":\"ListItem\",\"position\":2,\"name\":\"Ji\u017en\u00ed cesta: divok\u00e1 kr\u00e1sa mezi vodop\u00e1dy, l\u00e1vou a sk\u00e1lami\"}]},{\"@type\":\"WebSite\",\"@id\":\"https:\/\/cestysemtam.cz\/#website\",\"url\":\"https:\/\/cestysemtam.cz\/\",\"name\":\"Cesty Sem Tam\",\"description\":\"Cestovatelsk\u00fd blog\",\"publisher\":{\"@id\":\"https:\/\/cestysemtam.cz\/#organization\"},\"potentialAction\":[{\"@type\":\"SearchAction\",\"target\":{\"@type\":\"EntryPoint\",\"urlTemplate\":\"https:\/\/cestysemtam.cz\/?s={search_term_string}\"},\"query-input\":{\"@type\":\"PropertyValueSpecification\",\"valueRequired\":true,\"valueName\":\"search_term_string\"}}],\"inLanguage\":\"en-GB\"},{\"@type\":\"Organization\",\"@id\":\"https:\/\/cestysemtam.cz\/#organization\",\"name\":\"Cesty Sem Tam\",\"url\":\"https:\/\/cestysemtam.cz\/\",\"logo\":{\"@type\":\"ImageObject\",\"inLanguage\":\"en-GB\",\"@id\":\"https:\/\/cestysemtam.cz\/#\/schema\/logo\/image\/\",\"url\":\"https:\/\/cestysemtam.cz\/wp-content\/uploads\/2023\/12\/logo-Cesty-Sem-Tam-1000px.png\",\"contentUrl\":\"https:\/\/cestysemtam.cz\/wp-content\/uploads\/2023\/12\/logo-Cesty-Sem-Tam-1000px.png\",\"width\":1000,\"height\":249,\"caption\":\"Cesty Sem Tam\"},\"image\":{\"@id\":\"https:\/\/cestysemtam.cz\/#\/schema\/logo\/image\/\"},\"sameAs\":[\"https:\/\/www.facebook.com\/profile.php?id=61572455318171\",\"https:\/\/x.com\/Cestysemtam\",\"https:\/\/www.instagram.com\/cestysemtam\/\",\"https:\/\/cz.pinterest.com\/katka1430\/_created\/\"]},{\"@type\":\"Person\",\"@id\":\"https:\/\/cestysemtam.cz\/#\/schema\/person\/2fcc6bbe4d0fc0052a39d9e68b43ea56\",\"name\":\"kata\",\"url\":\"https:\/\/cestysemtam.cz\/en\/author\/kata\/\"}]}<\/script>\n<!-- \/ Yoast SEO plugin. -->","yoast_head_json":{"title":"Ji\u017en\u00ed cesta: divok\u00e1 kr\u00e1sa mezi vodop\u00e1dy, l\u00e1vou a sk\u00e1lami - Cesty Sem Tam","robots":{"index":"index","follow":"follow","max-snippet":"max-snippet:-1","max-image-preview":"max-image-preview:large","max-video-preview":"max-video-preview:-1"},"canonical":"https:\/\/cestysemtam.cz\/en\/island\/jizni-cesta-islandu-divoka-krasa-mezi-vodopady-lavou-a-skalami\/","og_locale":"en_GB","og_type":"article","og_title":"Ji\u017en\u00ed cesta: divok\u00e1 kr\u00e1sa mezi vodop\u00e1dy, l\u00e1vou a sk\u00e1lami - Cesty Sem Tam","og_description":"Ji\u017en\u00ed Island je jako str\u00e1nka z poh\u00e1dky \u2013 divok\u00fd, dramatick\u00fd a neuv\u011b\u0159iteln\u011b fotogenick\u00fd. Tato \u010d\u00e1st ostrova nab\u00edz\u00ed koncentrovanou d\u00e1vku islandsk\u00fdch div\u016f: mohutn\u00e9 vodop\u00e1dy, \u010dern\u00e9 p\u00edse\u010dn\u00e9 pl\u00e1\u017ee a skaln\u00ed \u00fatesy. Pokud tedy hled\u00e1te cestu, kde na ka\u017ed\u00e9m kilometru \u010dek\u00e1 z\u00e1\u017eitek, pak je ji\u017en\u00ed pob\u0159e\u017e\u00ed tou pravou volbou. Vydejte se s\u00a0n\u00e1mi na tuto nezapomenutelnou v\u00fdpravu. &nbsp; M\u011bsto [&hellip;]","og_url":"https:\/\/cestysemtam.cz\/en\/island\/jizni-cesta-islandu-divoka-krasa-mezi-vodopady-lavou-a-skalami\/","og_site_name":"Cesty Sem Tam","article_publisher":"https:\/\/www.facebook.com\/profile.php?id=61572455318171","article_published_time":"2025-07-02T19:14:24+00:00","article_modified_time":"2025-07-07T12:09:23+00:00","og_image":[{"width":1300,"height":867,"url":"https:\/\/cestysemtam.cz\/wp-content\/uploads\/2025\/07\/00_UVODNI_Island_PB-1.jpg","type":"image\/jpeg"}],"author":"kata","twitter_card":"summary_large_image","twitter_creator":"@Cestysemtam","twitter_site":"@Cestysemtam","twitter_misc":{"Written by":"kata","Estimated reading time":"7 minutes"},"schema":{"@context":"https:\/\/schema.org","@graph":[{"@type":"Article","@id":"https:\/\/cestysemtam.cz\/island\/jizni-cesta-islandu-divoka-krasa-mezi-vodopady-lavou-a-skalami\/#article","isPartOf":{"@id":"https:\/\/cestysemtam.cz\/island\/jizni-cesta-islandu-divoka-krasa-mezi-vodopady-lavou-a-skalami\/"},"author":{"name":"kata","@id":"https:\/\/cestysemtam.cz\/#\/schema\/person\/2fcc6bbe4d0fc0052a39d9e68b43ea56"},"headline":"Ji\u017en\u00ed cesta: divok\u00e1 kr\u00e1sa mezi vodop\u00e1dy, l\u00e1vou a sk\u00e1lami","datePublished":"2025-07-02T19:14:24+00:00","dateModified":"2025-07-07T12:09:23+00:00","mainEntityOfPage":{"@id":"https:\/\/cestysemtam.cz\/island\/jizni-cesta-islandu-divoka-krasa-mezi-vodopady-lavou-a-skalami\/"},"wordCount":1347,"publisher":{"@id":"https:\/\/cestysemtam.cz\/#organization"},"image":{"@id":"https:\/\/cestysemtam.cz\/island\/jizni-cesta-islandu-divoka-krasa-mezi-vodopady-lavou-a-skalami\/#primaryimage"},"thumbnailUrl":"https:\/\/cestysemtam.cz\/wp-content\/uploads\/2025\/07\/00_UVODNI_Island_PB-1.jpg","keywords":["Pl\u00e1\u017ee","Vodop\u00e1dy","V\u00fdstavy"],"articleSection":["Island"],"inLanguage":"en-GB"},{"@type":"WebPage","@id":"https:\/\/cestysemtam.cz\/island\/jizni-cesta-islandu-divoka-krasa-mezi-vodopady-lavou-a-skalami\/","url":"https:\/\/cestysemtam.cz\/island\/jizni-cesta-islandu-divoka-krasa-mezi-vodopady-lavou-a-skalami\/","name":"Ji\u017en\u00ed cesta: divok\u00e1 kr\u00e1sa mezi vodop\u00e1dy, l\u00e1vou a sk\u00e1lami - Cesty Sem Tam","isPartOf":{"@id":"https:\/\/cestysemtam.cz\/#website"},"primaryImageOfPage":{"@id":"https:\/\/cestysemtam.cz\/island\/jizni-cesta-islandu-divoka-krasa-mezi-vodopady-lavou-a-skalami\/#primaryimage"},"image":{"@id":"https:\/\/cestysemtam.cz\/island\/jizni-cesta-islandu-divoka-krasa-mezi-vodopady-lavou-a-skalami\/#primaryimage"},"thumbnailUrl":"https:\/\/cestysemtam.cz\/wp-content\/uploads\/2025\/07\/00_UVODNI_Island_PB-1.jpg","datePublished":"2025-07-02T19:14:24+00:00","dateModified":"2025-07-07T12:09:23+00:00","breadcrumb":{"@id":"https:\/\/cestysemtam.cz\/island\/jizni-cesta-islandu-divoka-krasa-mezi-vodopady-lavou-a-skalami\/#breadcrumb"},"inLanguage":"en-GB","potentialAction":[{"@type":"ReadAction","target":["https:\/\/cestysemtam.cz\/island\/jizni-cesta-islandu-divoka-krasa-mezi-vodopady-lavou-a-skalami\/"]}]},{"@type":"ImageObject","inLanguage":"en-GB","@id":"https:\/\/cestysemtam.cz\/island\/jizni-cesta-islandu-divoka-krasa-mezi-vodopady-lavou-a-skalami\/#primaryimage","url":"https:\/\/cestysemtam.cz\/wp-content\/uploads\/2025\/07\/00_UVODNI_Island_PB-1.jpg","contentUrl":"https:\/\/cestysemtam.cz\/wp-content\/uploads\/2025\/07\/00_UVODNI_Island_PB-1.jpg","width":1300,"height":867},{"@type":"BreadcrumbList","@id":"https:\/\/cestysemtam.cz\/island\/jizni-cesta-islandu-divoka-krasa-mezi-vodopady-lavou-a-skalami\/#breadcrumb","itemListElement":[{"@type":"ListItem","position":1,"name":"Dom\u016f","item":"https:\/\/cestysemtam.cz\/"},{"@type":"ListItem","position":2,"name":"Ji\u017en\u00ed cesta: divok\u00e1 kr\u00e1sa mezi vodop\u00e1dy, l\u00e1vou a sk\u00e1lami"}]},{"@type":"WebSite","@id":"https:\/\/cestysemtam.cz\/#website","url":"https:\/\/cestysemtam.cz\/","name":"Cesty Sem Tam","description":"Cestovatelsk\u00fd blog","publisher":{"@id":"https:\/\/cestysemtam.cz\/#organization"},"potentialAction":[{"@type":"SearchAction","target":{"@type":"EntryPoint","urlTemplate":"https:\/\/cestysemtam.cz\/?s={search_term_string}"},"query-input":{"@type":"PropertyValueSpecification","valueRequired":true,"valueName":"search_term_string"}}],"inLanguage":"en-GB"},{"@type":"Organization","@id":"https:\/\/cestysemtam.cz\/#organization","name":"Cesty Sem Tam","url":"https:\/\/cestysemtam.cz\/","logo":{"@type":"ImageObject","inLanguage":"en-GB","@id":"https:\/\/cestysemtam.cz\/#\/schema\/logo\/image\/","url":"https:\/\/cestysemtam.cz\/wp-content\/uploads\/2023\/12\/logo-Cesty-Sem-Tam-1000px.png","contentUrl":"https:\/\/cestysemtam.cz\/wp-content\/uploads\/2023\/12\/logo-Cesty-Sem-Tam-1000px.png","width":1000,"height":249,"caption":"Cesty Sem Tam"},"image":{"@id":"https:\/\/cestysemtam.cz\/#\/schema\/logo\/image\/"},"sameAs":["https:\/\/www.facebook.com\/profile.php?id=61572455318171","https:\/\/x.com\/Cestysemtam","https:\/\/www.instagram.com\/cestysemtam\/","https:\/\/cz.pinterest.com\/katka1430\/_created\/"]},{"@type":"Person","@id":"https:\/\/cestysemtam.cz\/#\/schema\/person\/2fcc6bbe4d0fc0052a39d9e68b43ea56","name":"kata","url":"https:\/\/cestysemtam.cz\/en\/author\/kata\/"}]}},"_links":{"self":[{"href":"https:\/\/cestysemtam.cz\/en\/wp-json\/wp\/v2\/posts\/6948","targetHints":{"allow":["GET"]}}],"collection":[{"href":"https:\/\/cestysemtam.cz\/en\/wp-json\/wp\/v2\/posts"}],"about":[{"href":"https:\/\/cestysemtam.cz\/en\/wp-json\/wp\/v2\/types\/post"}],"author":[{"embeddable":true,"href":"https:\/\/cestysemtam.cz\/en\/wp-json\/wp\/v2\/users\/3"}],"replies":[{"embeddable":true,"href":"https:\/\/cestysemtam.cz\/en\/wp-json\/wp\/v2\/comments?post=6948"}],"version-history":[{"count":7,"href":"https:\/\/cestysemtam.cz\/en\/wp-json\/wp\/v2\/posts\/6948\/revisions"}],"predecessor-version":[{"id":7025,"href":"https:\/\/cestysemtam.cz\/en\/wp-json\/wp\/v2\/posts\/6948\/revisions\/7025"}],"wp:featuredmedia":[{"embeddable":true,"href":"https:\/\/cestysemtam.cz\/en\/wp-json\/wp\/v2\/media\/6950"}],"wp:attachment":[{"href":"https:\/\/cestysemtam.cz\/en\/wp-json\/wp\/v2\/media?parent=6948"}],"wp:term":[{"taxonomy":"category","embeddable":true,"href":"https:\/\/cestysemtam.cz\/en\/wp-json\/wp\/v2\/categories?post=6948"},{"taxonomy":"post_tag","embeddable":true,"href":"https:\/\/cestysemtam.cz\/en\/wp-json\/wp\/v2\/tags?post=6948"}],"curies":[{"name":"wp","href":"https:\/\/api.w.org\/{rel}","templated":true}]}}