{"id":7045,"date":"2025-09-05T13:56:49","date_gmt":"2025-09-05T12:56:49","guid":{"rendered":"https:\/\/cestysemtam.cz\/?p=7045"},"modified":"2025-09-05T14:32:17","modified_gmt":"2025-09-05T13:32:17","slug":"terst-italska-elegance-s-dusi-stredni-evropy","status":"publish","type":"post","link":"https:\/\/cestysemtam.cz\/en\/italie\/terst-italska-elegance-s-dusi-stredni-evropy\/","title":{"rendered":"Trieste: Italian elegance with a central European soul"},"content":{"rendered":"<p>Forget the images of bustling Italian piazzas full of tourists. Forget the stereotypes. Trieste is different. It is a city that will surprise you, charm you and make you think. A city where the breeze of the Adriatic Sea mingles with influences from Austria, Slovenia and Croatia. Welcome to Trieste \u2013 sophisticated, somewhat melancholic and utterly unique.<\/p>\n<p>The city's unique atmosphere was born from its grand past. Trieste wasn't just any port. It was the most important one \u2013 the pulsating gateway of the entire Austro-Hungarian Empire to the world. It was this role as a mighty <strong>global harbour<\/strong> that imprinted the city with its indelible mark: that cosmopolitan nobility and majestic architecture.<\/p>\n\n\t\t<style type=\"text\/css\">\n\t\t\t#gallery-1 {\n\t\t\t\tmargin: auto;\n\t\t\t}\n\t\t\t#gallery-1 .gallery-item {\n\t\t\t\tfloat: left;\n\t\t\t\tmargin-top: 10px;\n\t\t\t\ttext-align: center;\n\t\t\t\twidth: 50%;\n\t\t\t}\n\t\t\t#gallery-1 img {\n\t\t\t\tborder: 2px solid #cfcfcf;\n\t\t\t}\n\t\t\t#gallery-1 .gallery-caption {\n\t\t\t\tmargin-left: 0;\n\t\t\t}\n\t\t\t\/* see gallery_shortcode() in wp-includes\/media.php *\/\n\t\t<\/style>\n\t\t<div id='gallery-1' class='gallery galleryid-7045 gallery-columns-2 gallery-size-large'><dl class='gallery-item'>\n\t\t\t<dt class='gallery-icon landscape'>\n\t\t\t\t<a href='https:\/\/cestysemtam.cz\/wp-content\/uploads\/2025\/09\/01_Trieste_Italy.jpg'><img loading=\"lazy\" decoding=\"async\" width=\"1024\" height=\"720\" src=\"https:\/\/cestysemtam.cz\/wp-content\/uploads\/2025\/09\/01_Trieste_Italy-1024x720.jpg\" class=\"attachment-large size-large\" alt=\"\" aria-describedby=\"gallery-1-7845\" srcset=\"https:\/\/cestysemtam.cz\/wp-content\/uploads\/2025\/09\/01_Trieste_Italy-980x689.jpg 980w, https:\/\/cestysemtam.cz\/wp-content\/uploads\/2025\/09\/01_Trieste_Italy-480x338.jpg 480w\" sizes=\"(min-width: 0px) and (max-width: 480px) 480px, (min-width: 481px) and (max-width: 980px) 980px, (min-width: 981px) 1024px, 100vw\" \/><\/a>\n\t\t\t<\/dt>\n\t\t\t\t<dd class='wp-caption-text gallery-caption' id='gallery-1-7845'>\n\t\t\t\tHarbour \n\t\t\t\t<\/dd><\/dl><dl class='gallery-item'>\n\t\t\t<dt class='gallery-icon landscape'>\n\t\t\t\t<a href='https:\/\/cestysemtam.cz\/wp-content\/uploads\/2025\/09\/02_Trieste_Italy.jpg'><img loading=\"lazy\" decoding=\"async\" width=\"1024\" height=\"720\" src=\"https:\/\/cestysemtam.cz\/wp-content\/uploads\/2025\/09\/02_Trieste_Italy-1024x720.jpg\" class=\"attachment-large size-large\" alt=\"\" aria-describedby=\"gallery-1-7846\" srcset=\"https:\/\/cestysemtam.cz\/wp-content\/uploads\/2025\/09\/02_Trieste_Italy-980x689.jpg 980w, https:\/\/cestysemtam.cz\/wp-content\/uploads\/2025\/09\/02_Trieste_Italy-480x337.jpg 480w\" sizes=\"(min-width: 0px) and (max-width: 480px) 480px, (min-width: 481px) and (max-width: 980px) 980px, (min-width: 981px) 1024px, 100vw\" \/><\/a>\n\t\t\t<\/dt>\n\t\t\t\t<dd class='wp-caption-text gallery-caption' id='gallery-1-7846'>\n\t\t\t\tUnity of Italy Square\n\t\t\t\t<\/dd><\/dl><br style=\"clear: both\" \/>\n\t\t<\/div>\n\n<p>Our journey began conveniently right at the pier, where we easily parked at the Costa Cruise parking lot. From there, we set off on a walk along the harbour, where the sea surface shimmered in the afternoon sun, heading towards one of Trieste's most breathtaking spots \u2013 the monumental <strong>Unity of Italy Square<\/strong> (Piazza Unit\u00e0 d'Italia), which amazed us with its grandeur.<\/p>\n<p>With the feeling that we were standing on Europe\u2019s largest open square by the sea, we entered this impressive space. All around us stood magnificent buildings\u2014silent witnesses to the power and might of the former Habsburg Empire, which had them built here as an expression of its glory and dominance.<\/p>\n<p>In the midst of this splendour stands Fountain of the Four Continents from the 18th century. The statues allegorically depict the four known continents at the time\u2014Africa, America, Asia, and Europe\u2014adding nobility and historical depth to the place.<\/p>\n<p>The square is famous as the ideal spot for romantically watching the <strong>sunset<\/strong>, when the entire space is bathed in golden and crimson tones. However, our attention was also captured by the magnificent <strong>town hall<\/strong> building in an eclectic style. This structure hides a darker chapter of history \u2013 it was from its balcony that <strong>Mussolini<\/strong> once delivered his speech on the fascist racial laws.<\/p>\n\n\t\t<style type=\"text\/css\">\n\t\t\t#gallery-2 {\n\t\t\t\tmargin: auto;\n\t\t\t}\n\t\t\t#gallery-2 .gallery-item {\n\t\t\t\tfloat: left;\n\t\t\t\tmargin-top: 10px;\n\t\t\t\ttext-align: center;\n\t\t\t\twidth: 50%;\n\t\t\t}\n\t\t\t#gallery-2 img {\n\t\t\t\tborder: 2px solid #cfcfcf;\n\t\t\t}\n\t\t\t#gallery-2 .gallery-caption {\n\t\t\t\tmargin-left: 0;\n\t\t\t}\n\t\t\t\/* see gallery_shortcode() in wp-includes\/media.php *\/\n\t\t<\/style>\n\t\t<div id='gallery-2' class='gallery galleryid-7045 gallery-columns-2 gallery-size-large'><dl class='gallery-item'>\n\t\t\t<dt class='gallery-icon landscape'>\n\t\t\t\t<a href='https:\/\/cestysemtam.cz\/wp-content\/uploads\/2025\/09\/03_Trieste_Italy.jpg'><img loading=\"lazy\" decoding=\"async\" width=\"1024\" height=\"720\" src=\"https:\/\/cestysemtam.cz\/wp-content\/uploads\/2025\/09\/03_Trieste_Italy-1024x720.jpg\" class=\"attachment-large size-large\" alt=\"\" aria-describedby=\"gallery-2-7847\" srcset=\"https:\/\/cestysemtam.cz\/wp-content\/uploads\/2025\/09\/03_Trieste_Italy-980x689.jpg 980w, https:\/\/cestysemtam.cz\/wp-content\/uploads\/2025\/09\/03_Trieste_Italy-480x338.jpg 480w\" sizes=\"(min-width: 0px) and (max-width: 480px) 480px, (min-width: 481px) and (max-width: 980px) 980px, (min-width: 981px) 1024px, 100vw\" \/><\/a>\n\t\t\t<\/dt>\n\t\t\t\t<dd class='wp-caption-text gallery-caption' id='gallery-2-7847'>\n\t\t\t\tFountain of the Four Continents\n\t\t\t\t<\/dd><\/dl><dl class='gallery-item'>\n\t\t\t<dt class='gallery-icon landscape'>\n\t\t\t\t<a href='https:\/\/cestysemtam.cz\/wp-content\/uploads\/2025\/09\/04_Trieste_Italy_PB.jpg'><img loading=\"lazy\" decoding=\"async\" width=\"1024\" height=\"720\" src=\"https:\/\/cestysemtam.cz\/wp-content\/uploads\/2025\/09\/04_Trieste_Italy_PB-1024x720.jpg\" class=\"attachment-large size-large\" alt=\"\" aria-describedby=\"gallery-2-7848\" srcset=\"https:\/\/cestysemtam.cz\/wp-content\/uploads\/2025\/09\/04_Trieste_Italy_PB-980x689.jpg 980w, https:\/\/cestysemtam.cz\/wp-content\/uploads\/2025\/09\/04_Trieste_Italy_PB-480x338.jpg 480w\" sizes=\"(min-width: 0px) and (max-width: 480px) 480px, (min-width: 481px) and (max-width: 980px) 980px, (min-width: 981px) 1024px, 100vw\" \/><\/a>\n\t\t\t<\/dt>\n\t\t\t\t<dd class='wp-caption-text gallery-caption' id='gallery-2-7848'>\n\t\t\t\tFountain of the Four Continents\n\t\t\t\t<\/dd><\/dl><br style=\"clear: both\" \/>\n\t\t<\/div>\n\n<p>Just a few steps away lies the <strong>Stock Exchange Square<\/strong> (Piazza della Borsa) that for centuries has pulsed as the tireless heart of Trieste\u2019s commerce. The spirit of its former prosperity is still recalled today by the majestic neoclassical building, home to the Trieste Chamber of Commerce, Industry, Craft and Agriculture.<\/p>\n<p>But this square is not just a monument to the past. It is brought to life by elegant <strong>fashion boutiques<\/strong> of international brands, which have found a home in opulent historic palaces and attract all lovers of stylish shopping.<\/p>\n\n\t\t<style type=\"text\/css\">\n\t\t\t#gallery-3 {\n\t\t\t\tmargin: auto;\n\t\t\t}\n\t\t\t#gallery-3 .gallery-item {\n\t\t\t\tfloat: left;\n\t\t\t\tmargin-top: 10px;\n\t\t\t\ttext-align: center;\n\t\t\t\twidth: 50%;\n\t\t\t}\n\t\t\t#gallery-3 img {\n\t\t\t\tborder: 2px solid #cfcfcf;\n\t\t\t}\n\t\t\t#gallery-3 .gallery-caption {\n\t\t\t\tmargin-left: 0;\n\t\t\t}\n\t\t\t\/* see gallery_shortcode() in wp-includes\/media.php *\/\n\t\t<\/style>\n\t\t<div id='gallery-3' class='gallery galleryid-7045 gallery-columns-2 gallery-size-large'><dl class='gallery-item'>\n\t\t\t<dt class='gallery-icon portrait'>\n\t\t\t\t<a href='https:\/\/cestysemtam.cz\/wp-content\/uploads\/2025\/09\/05_Trieste_Italy.jpg'><img loading=\"lazy\" decoding=\"async\" width=\"809\" height=\"1024\" src=\"https:\/\/cestysemtam.cz\/wp-content\/uploads\/2025\/09\/05_Trieste_Italy-809x1024.jpg\" class=\"attachment-large size-large\" alt=\"\" aria-describedby=\"gallery-3-7849\" srcset=\"https:\/\/cestysemtam.cz\/wp-content\/uploads\/2025\/09\/05_Trieste_Italy-809x1024.jpg 809w, https:\/\/cestysemtam.cz\/wp-content\/uploads\/2025\/09\/05_Trieste_Italy-480x608.jpg 480w\" sizes=\"(min-width: 0px) and (max-width: 480px) 480px, (min-width: 481px) 809px, 100vw\" \/><\/a>\n\t\t\t<\/dt>\n\t\t\t\t<dd class='wp-caption-text gallery-caption' id='gallery-3-7849'>\n\t\t\t\tNeptune's Fountain on Stock Exchange Square\n\t\t\t\t<\/dd><\/dl><dl class='gallery-item'>\n\t\t\t<dt class='gallery-icon portrait'>\n\t\t\t\t<a href='https:\/\/cestysemtam.cz\/wp-content\/uploads\/2025\/09\/06_Trieste_Italy.jpg'><img loading=\"lazy\" decoding=\"async\" width=\"809\" height=\"1024\" src=\"https:\/\/cestysemtam.cz\/wp-content\/uploads\/2025\/09\/06_Trieste_Italy-809x1024.jpg\" class=\"attachment-large size-large\" alt=\"\" aria-describedby=\"gallery-3-7850\" srcset=\"https:\/\/cestysemtam.cz\/wp-content\/uploads\/2025\/09\/06_Trieste_Italy-809x1024.jpg 809w, https:\/\/cestysemtam.cz\/wp-content\/uploads\/2025\/09\/06_Trieste_Italy-480x608.jpg 480w\" sizes=\"(min-width: 0px) and (max-width: 480px) 480px, (min-width: 481px) 809px, 100vw\" \/><\/a>\n\t\t\t<\/dt>\n\t\t\t\t<dd class='wp-caption-text gallery-caption' id='gallery-3-7850'>\n\t\t\t\tChurch of St. Spyridon\n\t\t\t\t<\/dd><\/dl><br style=\"clear: both\" \/>\n\t\t<\/div>\n\n<p>And right around the corner, an experience of a completely different nature awaited us. All we had to do was walk down Via Spiridione, and as if by magic, we found ourselves in the Balkans. The street noise suddenly fell silent under the majestic dome of the Serbian Orthodox <strong>Church of Saint Spyridon<\/strong>\u00a0(Chiesa Serbo Ortodossa di San Spiridione). This architectural pearl, inspired by Byzantine art, amazed us with its interior, which is bathed in the glow of frescoes against a gold background, creating an atmosphere of mysterious and mesmerizing beauty.<\/p>\n<p>Address: Via S. Spiridione 9, Trieste<\/p>\n\n\t\t<style type=\"text\/css\">\n\t\t\t#gallery-4 {\n\t\t\t\tmargin: auto;\n\t\t\t}\n\t\t\t#gallery-4 .gallery-item {\n\t\t\t\tfloat: left;\n\t\t\t\tmargin-top: 10px;\n\t\t\t\ttext-align: center;\n\t\t\t\twidth: 50%;\n\t\t\t}\n\t\t\t#gallery-4 img {\n\t\t\t\tborder: 2px solid #cfcfcf;\n\t\t\t}\n\t\t\t#gallery-4 .gallery-caption {\n\t\t\t\tmargin-left: 0;\n\t\t\t}\n\t\t\t\/* see gallery_shortcode() in wp-includes\/media.php *\/\n\t\t<\/style>\n\t\t<div id='gallery-4' class='gallery galleryid-7045 gallery-columns-2 gallery-size-large'><dl class='gallery-item'>\n\t\t\t<dt class='gallery-icon landscape'>\n\t\t\t\t<a href='https:\/\/cestysemtam.cz\/wp-content\/uploads\/2025\/09\/07_Trieste_Italy_PB-1.jpg'><img loading=\"lazy\" decoding=\"async\" width=\"1024\" height=\"720\" src=\"https:\/\/cestysemtam.cz\/wp-content\/uploads\/2025\/09\/07_Trieste_Italy_PB-1-1024x720.jpg\" class=\"attachment-large size-large\" alt=\"\" aria-describedby=\"gallery-4-7852\" srcset=\"https:\/\/cestysemtam.cz\/wp-content\/uploads\/2025\/09\/07_Trieste_Italy_PB-1-980x689.jpg 980w, https:\/\/cestysemtam.cz\/wp-content\/uploads\/2025\/09\/07_Trieste_Italy_PB-1-480x338.jpg 480w\" sizes=\"(min-width: 0px) and (max-width: 480px) 480px, (min-width: 481px) and (max-width: 980px) 980px, (min-width: 981px) 1024px, 100vw\" \/><\/a>\n\t\t\t<\/dt>\n\t\t\t\t<dd class='wp-caption-text gallery-caption' id='gallery-4-7852'>\n\t\t\t\tChurch of St. Spyridon\n\t\t\t\t<\/dd><\/dl><dl class='gallery-item'>\n\t\t\t<dt class='gallery-icon landscape'>\n\t\t\t\t<a href='https:\/\/cestysemtam.cz\/wp-content\/uploads\/2025\/09\/08_Trieste_Italy.jpg'><img loading=\"lazy\" decoding=\"async\" width=\"1024\" height=\"720\" src=\"https:\/\/cestysemtam.cz\/wp-content\/uploads\/2025\/09\/08_Trieste_Italy-1024x720.jpg\" class=\"attachment-large size-large\" alt=\"\" aria-describedby=\"gallery-4-7853\" srcset=\"https:\/\/cestysemtam.cz\/wp-content\/uploads\/2025\/09\/08_Trieste_Italy-980x689.jpg 980w, https:\/\/cestysemtam.cz\/wp-content\/uploads\/2025\/09\/08_Trieste_Italy-480x338.jpg 480w\" sizes=\"(min-width: 0px) and (max-width: 480px) 480px, (min-width: 481px) and (max-width: 980px) 980px, (min-width: 981px) 1024px, 100vw\" \/><\/a>\n\t\t\t<\/dt>\n\t\t\t\t<dd class='wp-caption-text gallery-caption' id='gallery-4-7853'>\n\t\t\t\tChurch of St. Spyridon\n\t\t\t\t<\/dd><\/dl><br style=\"clear: both\" \/>\n\t\t<\/div>\n\n<p>Our journey along Via Spiridone culminated in the discovery of the stunning Piazza Sant'Antonio Nuovo, dominated by its majestic namesake church. The impressive neoclassical structure, <strong>the Church of Saint Anthony the Wonderworker<\/strong> (Chiesa di Sant'Antonio Taumaturgo), rises proudly over the square, its ornate facade gazing directly upon the wide expanse of the Canal Grande, as if to bless every boat that finds its way here.<\/p>\n\n\t\t<style type=\"text\/css\">\n\t\t\t#gallery-5 {\n\t\t\t\tmargin: auto;\n\t\t\t}\n\t\t\t#gallery-5 .gallery-item {\n\t\t\t\tfloat: left;\n\t\t\t\tmargin-top: 10px;\n\t\t\t\ttext-align: center;\n\t\t\t\twidth: 50%;\n\t\t\t}\n\t\t\t#gallery-5 img {\n\t\t\t\tborder: 2px solid #cfcfcf;\n\t\t\t}\n\t\t\t#gallery-5 .gallery-caption {\n\t\t\t\tmargin-left: 0;\n\t\t\t}\n\t\t\t\/* see gallery_shortcode() in wp-includes\/media.php *\/\n\t\t<\/style>\n\t\t<div id='gallery-5' class='gallery galleryid-7045 gallery-columns-2 gallery-size-large'><dl class='gallery-item'>\n\t\t\t<dt class='gallery-icon portrait'>\n\t\t\t\t<a href='https:\/\/cestysemtam.cz\/wp-content\/uploads\/2025\/09\/09_Trieste_Italy.jpg'><img loading=\"lazy\" decoding=\"async\" width=\"809\" height=\"1024\" src=\"https:\/\/cestysemtam.cz\/wp-content\/uploads\/2025\/09\/09_Trieste_Italy-809x1024.jpg\" class=\"attachment-large size-large\" alt=\"\" aria-describedby=\"gallery-5-7854\" srcset=\"https:\/\/cestysemtam.cz\/wp-content\/uploads\/2025\/09\/09_Trieste_Italy-809x1024.jpg 809w, https:\/\/cestysemtam.cz\/wp-content\/uploads\/2025\/09\/09_Trieste_Italy-480x608.jpg 480w\" sizes=\"(min-width: 0px) and (max-width: 480px) 480px, (min-width: 481px) 809px, 100vw\" \/><\/a>\n\t\t\t<\/dt>\n\t\t\t\t<dd class='wp-caption-text gallery-caption' id='gallery-5-7854'>\n\t\t\t\tChurch of St. Anthony\n\t\t\t\t<\/dd><\/dl><dl class='gallery-item'>\n\t\t\t<dt class='gallery-icon portrait'>\n\t\t\t\t<a href='https:\/\/cestysemtam.cz\/wp-content\/uploads\/2025\/09\/10_Trieste_Italy.jpg'><img loading=\"lazy\" decoding=\"async\" width=\"809\" height=\"1024\" src=\"https:\/\/cestysemtam.cz\/wp-content\/uploads\/2025\/09\/10_Trieste_Italy-809x1024.jpg\" class=\"attachment-large size-large\" alt=\"\" aria-describedby=\"gallery-5-7855\" srcset=\"https:\/\/cestysemtam.cz\/wp-content\/uploads\/2025\/09\/10_Trieste_Italy-809x1024.jpg 809w, https:\/\/cestysemtam.cz\/wp-content\/uploads\/2025\/09\/10_Trieste_Italy-480x608.jpg 480w\" sizes=\"(min-width: 0px) and (max-width: 480px) 480px, (min-width: 481px) 809px, 100vw\" \/><\/a>\n\t\t\t<\/dt>\n\t\t\t\t<dd class='wp-caption-text gallery-caption' id='gallery-5-7855'>\n\t\t\t\tChurch of St. Anthony\n\t\t\t\t<\/dd><\/dl><br style=\"clear: both\" \/>\n\t\t<\/div>\n\n<p><strong>The Grand Canal of Trieste<\/strong> (Canal Grande di Trieste) is the heart of the entire area. This artificial waterway once pulsed with commerce\u2014ships would dock and load their goods right in the middle of the city. Today, it is an oasis of calm that invites you to sit down in one of the waterfront caf\u00e9s. It is the perfect scenery for a moment of rest.<\/p>\n<p>And it was along this magical canal that we comfortably made our way back to the pier and the parking lot (Parking Costa Cruise).<\/p>\n\n\t\t<style type=\"text\/css\">\n\t\t\t#gallery-6 {\n\t\t\t\tmargin: auto;\n\t\t\t}\n\t\t\t#gallery-6 .gallery-item {\n\t\t\t\tfloat: left;\n\t\t\t\tmargin-top: 10px;\n\t\t\t\ttext-align: center;\n\t\t\t\twidth: 50%;\n\t\t\t}\n\t\t\t#gallery-6 img {\n\t\t\t\tborder: 2px solid #cfcfcf;\n\t\t\t}\n\t\t\t#gallery-6 .gallery-caption {\n\t\t\t\tmargin-left: 0;\n\t\t\t}\n\t\t\t\/* see gallery_shortcode() in wp-includes\/media.php *\/\n\t\t<\/style>\n\t\t<div id='gallery-6' class='gallery galleryid-7045 gallery-columns-2 gallery-size-large'><dl class='gallery-item'>\n\t\t\t<dt class='gallery-icon landscape'>\n\t\t\t\t<a href='https:\/\/cestysemtam.cz\/wp-content\/uploads\/2025\/09\/11_Trieste_Italy_PB.jpg'><img loading=\"lazy\" decoding=\"async\" width=\"1024\" height=\"720\" src=\"https:\/\/cestysemtam.cz\/wp-content\/uploads\/2025\/09\/11_Trieste_Italy_PB-1024x720.jpg\" class=\"attachment-large size-large\" alt=\"\" aria-describedby=\"gallery-6-7856\" srcset=\"https:\/\/cestysemtam.cz\/wp-content\/uploads\/2025\/09\/11_Trieste_Italy_PB-980x689.jpg 980w, https:\/\/cestysemtam.cz\/wp-content\/uploads\/2025\/09\/11_Trieste_Italy_PB-480x338.jpg 480w\" sizes=\"(min-width: 0px) and (max-width: 480px) 480px, (min-width: 481px) and (max-width: 980px) 980px, (min-width: 981px) 1024px, 100vw\" \/><\/a>\n\t\t\t<\/dt>\n\t\t\t\t<dd class='wp-caption-text gallery-caption' id='gallery-6-7856'>\n\t\t\t\tThe Grand Canal of Trieste\n\t\t\t\t<\/dd><\/dl><dl class='gallery-item'>\n\t\t\t<dt class='gallery-icon landscape'>\n\t\t\t\t<a href='https:\/\/cestysemtam.cz\/wp-content\/uploads\/2025\/09\/12_Trieste_Italy_PB.jpg'><img loading=\"lazy\" decoding=\"async\" width=\"1024\" height=\"720\" src=\"https:\/\/cestysemtam.cz\/wp-content\/uploads\/2025\/09\/12_Trieste_Italy_PB-1024x720.jpg\" class=\"attachment-large size-large\" alt=\"\" aria-describedby=\"gallery-6-7857\" srcset=\"https:\/\/cestysemtam.cz\/wp-content\/uploads\/2025\/09\/12_Trieste_Italy_PB-980x689.jpg 980w, https:\/\/cestysemtam.cz\/wp-content\/uploads\/2025\/09\/12_Trieste_Italy_PB-480x338.jpg 480w\" sizes=\"(min-width: 0px) and (max-width: 480px) 480px, (min-width: 481px) and (max-width: 980px) 980px, (min-width: 981px) 1024px, 100vw\" \/><\/a>\n\t\t\t<\/dt>\n\t\t\t\t<dd class='wp-caption-text gallery-caption' id='gallery-6-7857'>\n\t\t\t\tThe Grand Canal of Trieste\n\t\t\t\t<\/dd><\/dl><br style=\"clear: both\" \/>\n\t\t<\/div>\n\n<p>&nbsp;<\/p>\n<h5>Our tip:<\/h5>\n<p>Trieste is a city that lives and breathes coffee. Its love for this fragrant bean began with history\u2014during the days when Trieste was a bustling port, a gateway for exotic treasures from distant America and mystical India. Here, among anchors and sailors, a passion was born that remains with the city to this day.<\/p>\n<p>And this passion has not only endured\u2014it thrives and celebrates. Proof of this is the magnificent event that transforms Trieste into the coffee capital of the world every two years: <strong><a href=\"https:\/\/www.triestespresso.it\/en\/\" target=\"_blank\" rel=\"noopener\">Triestespresso Expo<\/a><\/strong>. This specialized international trade fair is a true paradise for all who seek more than just a boost in their cup\u2014they seek bold flavour and a unique ritual.<\/p>","protected":false},"excerpt":{"rendered":"<p>Zapome\u0148te na obr\u00e1zky ru\u0161n\u00fdch italsk\u00fdch n\u00e1m\u011bst\u00ed pln\u00fdch turist\u016f. Zapome\u0148te na stereotypy. Terst (Trieste) je jin\u00fd. Je to m\u011bsto, kter\u00e9 v\u00e1s p\u0159ekvap\u00ed, okouzl\u00ed a donut\u00ed p\u0159em\u00fd\u0161let. M\u011bsto, kde se m\u00eds\u00ed v\u00e1nek Jadersk\u00e9ho mo\u0159e s vlivy Rakouska, Slovinska a Chorvatska. V\u00edtejte v Terstu \u2013 sofistikovan\u00e9m, trochu melancholick\u00e9m a naprosto jedine\u010dn\u00e9m. Jedine\u010dn\u00e1 atmosf\u00e9ra m\u011bsta se zrodila z jeho [&hellip;]<\/p>\n","protected":false},"author":3,"featured_media":7844,"comment_status":"closed","ping_status":"closed","sticky":false,"template":"","format":"standard","meta":{"_et_pb_use_builder":"","_et_pb_old_content":"","_et_gb_content_width":"","footnotes":""},"categories":[17],"tags":[155,43],"class_list":["post-7045","post","type-post","status-publish","format-standard","has-post-thumbnail","hentry","category-italie","tag-kanaly","tag-kostely"],"yoast_head":"<!-- This site is optimized with the Yoast SEO plugin v27.1.1 - https:\/\/yoast.com\/product\/yoast-seo-wordpress\/ -->\n<title>Terst: italsk\u00e1 elegance s du\u0161\u00ed st\u0159edn\u00ed Evropy - Cesty Sem Tam<\/title>\n<meta name=\"robots\" content=\"index, follow, max-snippet:-1, max-image-preview:large, max-video-preview:-1\" \/>\n<link rel=\"canonical\" href=\"https:\/\/cestysemtam.cz\/en\/italie\/terst-italska-elegance-s-dusi-stredni-evropy\/\" \/>\n<meta property=\"og:locale\" content=\"en_GB\" \/>\n<meta property=\"og:type\" content=\"article\" \/>\n<meta property=\"og:title\" content=\"Terst: italsk\u00e1 elegance s du\u0161\u00ed st\u0159edn\u00ed Evropy - Cesty Sem Tam\" \/>\n<meta property=\"og:description\" content=\"Zapome\u0148te na obr\u00e1zky ru\u0161n\u00fdch italsk\u00fdch n\u00e1m\u011bst\u00ed pln\u00fdch turist\u016f. Zapome\u0148te na stereotypy. Terst (Trieste) je jin\u00fd. Je to m\u011bsto, kter\u00e9 v\u00e1s p\u0159ekvap\u00ed, okouzl\u00ed a donut\u00ed p\u0159em\u00fd\u0161let. M\u011bsto, kde se m\u00eds\u00ed v\u00e1nek Jadersk\u00e9ho mo\u0159e s vlivy Rakouska, Slovinska a Chorvatska. V\u00edtejte v Terstu \u2013 sofistikovan\u00e9m, trochu melancholick\u00e9m a naprosto jedine\u010dn\u00e9m. Jedine\u010dn\u00e1 atmosf\u00e9ra m\u011bsta se zrodila z jeho [&hellip;]\" \/>\n<meta property=\"og:url\" content=\"https:\/\/cestysemtam.cz\/en\/italie\/terst-italska-elegance-s-dusi-stredni-evropy\/\" \/>\n<meta property=\"og:site_name\" content=\"Cesty Sem Tam\" \/>\n<meta property=\"article:publisher\" content=\"https:\/\/www.facebook.com\/profile.php?id=61572455318171\" \/>\n<meta property=\"article:published_time\" content=\"2025-09-05T12:56:49+00:00\" \/>\n<meta property=\"article:modified_time\" content=\"2025-09-05T13:32:17+00:00\" \/>\n<meta property=\"og:image\" content=\"https:\/\/cestysemtam.cz\/wp-content\/uploads\/2025\/09\/00_Trieste_Italy_PB.jpg\" \/>\n\t<meta property=\"og:image:width\" content=\"1300\" \/>\n\t<meta property=\"og:image:height\" content=\"867\" \/>\n\t<meta property=\"og:image:type\" content=\"image\/jpeg\" \/>\n<meta name=\"author\" content=\"kata\" \/>\n<meta name=\"twitter:card\" content=\"summary_large_image\" \/>\n<meta name=\"twitter:creator\" content=\"@Cestysemtam\" \/>\n<meta name=\"twitter:site\" content=\"@Cestysemtam\" \/>\n<meta name=\"twitter:label1\" content=\"Written by\" \/>\n\t<meta name=\"twitter:data1\" content=\"kata\" \/>\n\t<meta name=\"twitter:label2\" content=\"Estimated reading time\" \/>\n\t<meta name=\"twitter:data2\" content=\"5 minutes\" \/>\n<script type=\"application\/ld+json\" class=\"yoast-schema-graph\">{\"@context\":\"https:\/\/schema.org\",\"@graph\":[{\"@type\":\"Article\",\"@id\":\"https:\/\/cestysemtam.cz\/italie\/terst-italska-elegance-s-dusi-stredni-evropy\/#article\",\"isPartOf\":{\"@id\":\"https:\/\/cestysemtam.cz\/italie\/terst-italska-elegance-s-dusi-stredni-evropy\/\"},\"author\":{\"name\":\"kata\",\"@id\":\"https:\/\/cestysemtam.cz\/#\/schema\/person\/2fcc6bbe4d0fc0052a39d9e68b43ea56\"},\"headline\":\"Terst: italsk\u00e1 elegance s du\u0161\u00ed st\u0159edn\u00ed Evropy\",\"datePublished\":\"2025-09-05T12:56:49+00:00\",\"dateModified\":\"2025-09-05T13:32:17+00:00\",\"mainEntityOfPage\":{\"@id\":\"https:\/\/cestysemtam.cz\/italie\/terst-italska-elegance-s-dusi-stredni-evropy\/\"},\"wordCount\":935,\"publisher\":{\"@id\":\"https:\/\/cestysemtam.cz\/#organization\"},\"image\":{\"@id\":\"https:\/\/cestysemtam.cz\/italie\/terst-italska-elegance-s-dusi-stredni-evropy\/#primaryimage\"},\"thumbnailUrl\":\"https:\/\/cestysemtam.cz\/wp-content\/uploads\/2025\/09\/00_Trieste_Italy_PB.jpg\",\"keywords\":[\"Kan\u00e1ly\",\"Kostely\"],\"articleSection\":[\"It\u00e1lie\"],\"inLanguage\":\"en-GB\"},{\"@type\":\"WebPage\",\"@id\":\"https:\/\/cestysemtam.cz\/italie\/terst-italska-elegance-s-dusi-stredni-evropy\/\",\"url\":\"https:\/\/cestysemtam.cz\/italie\/terst-italska-elegance-s-dusi-stredni-evropy\/\",\"name\":\"Terst: italsk\u00e1 elegance s du\u0161\u00ed st\u0159edn\u00ed Evropy - Cesty Sem Tam\",\"isPartOf\":{\"@id\":\"https:\/\/cestysemtam.cz\/#website\"},\"primaryImageOfPage\":{\"@id\":\"https:\/\/cestysemtam.cz\/italie\/terst-italska-elegance-s-dusi-stredni-evropy\/#primaryimage\"},\"image\":{\"@id\":\"https:\/\/cestysemtam.cz\/italie\/terst-italska-elegance-s-dusi-stredni-evropy\/#primaryimage\"},\"thumbnailUrl\":\"https:\/\/cestysemtam.cz\/wp-content\/uploads\/2025\/09\/00_Trieste_Italy_PB.jpg\",\"datePublished\":\"2025-09-05T12:56:49+00:00\",\"dateModified\":\"2025-09-05T13:32:17+00:00\",\"breadcrumb\":{\"@id\":\"https:\/\/cestysemtam.cz\/italie\/terst-italska-elegance-s-dusi-stredni-evropy\/#breadcrumb\"},\"inLanguage\":\"en-GB\",\"potentialAction\":[{\"@type\":\"ReadAction\",\"target\":[\"https:\/\/cestysemtam.cz\/italie\/terst-italska-elegance-s-dusi-stredni-evropy\/\"]}]},{\"@type\":\"ImageObject\",\"inLanguage\":\"en-GB\",\"@id\":\"https:\/\/cestysemtam.cz\/italie\/terst-italska-elegance-s-dusi-stredni-evropy\/#primaryimage\",\"url\":\"https:\/\/cestysemtam.cz\/wp-content\/uploads\/2025\/09\/00_Trieste_Italy_PB.jpg\",\"contentUrl\":\"https:\/\/cestysemtam.cz\/wp-content\/uploads\/2025\/09\/00_Trieste_Italy_PB.jpg\",\"width\":1300,\"height\":867},{\"@type\":\"BreadcrumbList\",\"@id\":\"https:\/\/cestysemtam.cz\/italie\/terst-italska-elegance-s-dusi-stredni-evropy\/#breadcrumb\",\"itemListElement\":[{\"@type\":\"ListItem\",\"position\":1,\"name\":\"Dom\u016f\",\"item\":\"https:\/\/cestysemtam.cz\/\"},{\"@type\":\"ListItem\",\"position\":2,\"name\":\"Terst: italsk\u00e1 elegance s du\u0161\u00ed st\u0159edn\u00ed Evropy\"}]},{\"@type\":\"WebSite\",\"@id\":\"https:\/\/cestysemtam.cz\/#website\",\"url\":\"https:\/\/cestysemtam.cz\/\",\"name\":\"Cesty Sem Tam\",\"description\":\"Cestovatelsk\u00fd blog\",\"publisher\":{\"@id\":\"https:\/\/cestysemtam.cz\/#organization\"},\"potentialAction\":[{\"@type\":\"SearchAction\",\"target\":{\"@type\":\"EntryPoint\",\"urlTemplate\":\"https:\/\/cestysemtam.cz\/?s={search_term_string}\"},\"query-input\":{\"@type\":\"PropertyValueSpecification\",\"valueRequired\":true,\"valueName\":\"search_term_string\"}}],\"inLanguage\":\"en-GB\"},{\"@type\":\"Organization\",\"@id\":\"https:\/\/cestysemtam.cz\/#organization\",\"name\":\"Cesty Sem Tam\",\"url\":\"https:\/\/cestysemtam.cz\/\",\"logo\":{\"@type\":\"ImageObject\",\"inLanguage\":\"en-GB\",\"@id\":\"https:\/\/cestysemtam.cz\/#\/schema\/logo\/image\/\",\"url\":\"https:\/\/cestysemtam.cz\/wp-content\/uploads\/2023\/12\/logo-Cesty-Sem-Tam-1000px.png\",\"contentUrl\":\"https:\/\/cestysemtam.cz\/wp-content\/uploads\/2023\/12\/logo-Cesty-Sem-Tam-1000px.png\",\"width\":1000,\"height\":249,\"caption\":\"Cesty Sem Tam\"},\"image\":{\"@id\":\"https:\/\/cestysemtam.cz\/#\/schema\/logo\/image\/\"},\"sameAs\":[\"https:\/\/www.facebook.com\/profile.php?id=61572455318171\",\"https:\/\/x.com\/Cestysemtam\",\"https:\/\/www.instagram.com\/cestysemtam\/\",\"https:\/\/cz.pinterest.com\/katka1430\/_created\/\"]},{\"@type\":\"Person\",\"@id\":\"https:\/\/cestysemtam.cz\/#\/schema\/person\/2fcc6bbe4d0fc0052a39d9e68b43ea56\",\"name\":\"kata\",\"url\":\"https:\/\/cestysemtam.cz\/en\/author\/kata\/\"}]}<\/script>\n<!-- \/ Yoast SEO plugin. -->","yoast_head_json":{"title":"Terst: italsk\u00e1 elegance s du\u0161\u00ed st\u0159edn\u00ed Evropy - Cesty Sem Tam","robots":{"index":"index","follow":"follow","max-snippet":"max-snippet:-1","max-image-preview":"max-image-preview:large","max-video-preview":"max-video-preview:-1"},"canonical":"https:\/\/cestysemtam.cz\/en\/italie\/terst-italska-elegance-s-dusi-stredni-evropy\/","og_locale":"en_GB","og_type":"article","og_title":"Terst: italsk\u00e1 elegance s du\u0161\u00ed st\u0159edn\u00ed Evropy - Cesty Sem Tam","og_description":"Zapome\u0148te na obr\u00e1zky ru\u0161n\u00fdch italsk\u00fdch n\u00e1m\u011bst\u00ed pln\u00fdch turist\u016f. Zapome\u0148te na stereotypy. Terst (Trieste) je jin\u00fd. Je to m\u011bsto, kter\u00e9 v\u00e1s p\u0159ekvap\u00ed, okouzl\u00ed a donut\u00ed p\u0159em\u00fd\u0161let. M\u011bsto, kde se m\u00eds\u00ed v\u00e1nek Jadersk\u00e9ho mo\u0159e s vlivy Rakouska, Slovinska a Chorvatska. V\u00edtejte v Terstu \u2013 sofistikovan\u00e9m, trochu melancholick\u00e9m a naprosto jedine\u010dn\u00e9m. Jedine\u010dn\u00e1 atmosf\u00e9ra m\u011bsta se zrodila z jeho [&hellip;]","og_url":"https:\/\/cestysemtam.cz\/en\/italie\/terst-italska-elegance-s-dusi-stredni-evropy\/","og_site_name":"Cesty Sem Tam","article_publisher":"https:\/\/www.facebook.com\/profile.php?id=61572455318171","article_published_time":"2025-09-05T12:56:49+00:00","article_modified_time":"2025-09-05T13:32:17+00:00","og_image":[{"width":1300,"height":867,"url":"https:\/\/cestysemtam.cz\/wp-content\/uploads\/2025\/09\/00_Trieste_Italy_PB.jpg","type":"image\/jpeg"}],"author":"kata","twitter_card":"summary_large_image","twitter_creator":"@Cestysemtam","twitter_site":"@Cestysemtam","twitter_misc":{"Written by":"kata","Estimated reading time":"5 minutes"},"schema":{"@context":"https:\/\/schema.org","@graph":[{"@type":"Article","@id":"https:\/\/cestysemtam.cz\/italie\/terst-italska-elegance-s-dusi-stredni-evropy\/#article","isPartOf":{"@id":"https:\/\/cestysemtam.cz\/italie\/terst-italska-elegance-s-dusi-stredni-evropy\/"},"author":{"name":"kata","@id":"https:\/\/cestysemtam.cz\/#\/schema\/person\/2fcc6bbe4d0fc0052a39d9e68b43ea56"},"headline":"Terst: italsk\u00e1 elegance s du\u0161\u00ed st\u0159edn\u00ed Evropy","datePublished":"2025-09-05T12:56:49+00:00","dateModified":"2025-09-05T13:32:17+00:00","mainEntityOfPage":{"@id":"https:\/\/cestysemtam.cz\/italie\/terst-italska-elegance-s-dusi-stredni-evropy\/"},"wordCount":935,"publisher":{"@id":"https:\/\/cestysemtam.cz\/#organization"},"image":{"@id":"https:\/\/cestysemtam.cz\/italie\/terst-italska-elegance-s-dusi-stredni-evropy\/#primaryimage"},"thumbnailUrl":"https:\/\/cestysemtam.cz\/wp-content\/uploads\/2025\/09\/00_Trieste_Italy_PB.jpg","keywords":["Kan\u00e1ly","Kostely"],"articleSection":["It\u00e1lie"],"inLanguage":"en-GB"},{"@type":"WebPage","@id":"https:\/\/cestysemtam.cz\/italie\/terst-italska-elegance-s-dusi-stredni-evropy\/","url":"https:\/\/cestysemtam.cz\/italie\/terst-italska-elegance-s-dusi-stredni-evropy\/","name":"Terst: italsk\u00e1 elegance s du\u0161\u00ed st\u0159edn\u00ed Evropy - Cesty Sem Tam","isPartOf":{"@id":"https:\/\/cestysemtam.cz\/#website"},"primaryImageOfPage":{"@id":"https:\/\/cestysemtam.cz\/italie\/terst-italska-elegance-s-dusi-stredni-evropy\/#primaryimage"},"image":{"@id":"https:\/\/cestysemtam.cz\/italie\/terst-italska-elegance-s-dusi-stredni-evropy\/#primaryimage"},"thumbnailUrl":"https:\/\/cestysemtam.cz\/wp-content\/uploads\/2025\/09\/00_Trieste_Italy_PB.jpg","datePublished":"2025-09-05T12:56:49+00:00","dateModified":"2025-09-05T13:32:17+00:00","breadcrumb":{"@id":"https:\/\/cestysemtam.cz\/italie\/terst-italska-elegance-s-dusi-stredni-evropy\/#breadcrumb"},"inLanguage":"en-GB","potentialAction":[{"@type":"ReadAction","target":["https:\/\/cestysemtam.cz\/italie\/terst-italska-elegance-s-dusi-stredni-evropy\/"]}]},{"@type":"ImageObject","inLanguage":"en-GB","@id":"https:\/\/cestysemtam.cz\/italie\/terst-italska-elegance-s-dusi-stredni-evropy\/#primaryimage","url":"https:\/\/cestysemtam.cz\/wp-content\/uploads\/2025\/09\/00_Trieste_Italy_PB.jpg","contentUrl":"https:\/\/cestysemtam.cz\/wp-content\/uploads\/2025\/09\/00_Trieste_Italy_PB.jpg","width":1300,"height":867},{"@type":"BreadcrumbList","@id":"https:\/\/cestysemtam.cz\/italie\/terst-italska-elegance-s-dusi-stredni-evropy\/#breadcrumb","itemListElement":[{"@type":"ListItem","position":1,"name":"Dom\u016f","item":"https:\/\/cestysemtam.cz\/"},{"@type":"ListItem","position":2,"name":"Terst: italsk\u00e1 elegance s du\u0161\u00ed st\u0159edn\u00ed Evropy"}]},{"@type":"WebSite","@id":"https:\/\/cestysemtam.cz\/#website","url":"https:\/\/cestysemtam.cz\/","name":"Cesty Sem Tam","description":"Cestovatelsk\u00fd blog","publisher":{"@id":"https:\/\/cestysemtam.cz\/#organization"},"potentialAction":[{"@type":"SearchAction","target":{"@type":"EntryPoint","urlTemplate":"https:\/\/cestysemtam.cz\/?s={search_term_string}"},"query-input":{"@type":"PropertyValueSpecification","valueRequired":true,"valueName":"search_term_string"}}],"inLanguage":"en-GB"},{"@type":"Organization","@id":"https:\/\/cestysemtam.cz\/#organization","name":"Cesty Sem Tam","url":"https:\/\/cestysemtam.cz\/","logo":{"@type":"ImageObject","inLanguage":"en-GB","@id":"https:\/\/cestysemtam.cz\/#\/schema\/logo\/image\/","url":"https:\/\/cestysemtam.cz\/wp-content\/uploads\/2023\/12\/logo-Cesty-Sem-Tam-1000px.png","contentUrl":"https:\/\/cestysemtam.cz\/wp-content\/uploads\/2023\/12\/logo-Cesty-Sem-Tam-1000px.png","width":1000,"height":249,"caption":"Cesty Sem Tam"},"image":{"@id":"https:\/\/cestysemtam.cz\/#\/schema\/logo\/image\/"},"sameAs":["https:\/\/www.facebook.com\/profile.php?id=61572455318171","https:\/\/x.com\/Cestysemtam","https:\/\/www.instagram.com\/cestysemtam\/","https:\/\/cz.pinterest.com\/katka1430\/_created\/"]},{"@type":"Person","@id":"https:\/\/cestysemtam.cz\/#\/schema\/person\/2fcc6bbe4d0fc0052a39d9e68b43ea56","name":"kata","url":"https:\/\/cestysemtam.cz\/en\/author\/kata\/"}]}},"_links":{"self":[{"href":"https:\/\/cestysemtam.cz\/en\/wp-json\/wp\/v2\/posts\/7045","targetHints":{"allow":["GET"]}}],"collection":[{"href":"https:\/\/cestysemtam.cz\/en\/wp-json\/wp\/v2\/posts"}],"about":[{"href":"https:\/\/cestysemtam.cz\/en\/wp-json\/wp\/v2\/types\/post"}],"author":[{"embeddable":true,"href":"https:\/\/cestysemtam.cz\/en\/wp-json\/wp\/v2\/users\/3"}],"replies":[{"embeddable":true,"href":"https:\/\/cestysemtam.cz\/en\/wp-json\/wp\/v2\/comments?post=7045"}],"version-history":[{"count":7,"href":"https:\/\/cestysemtam.cz\/en\/wp-json\/wp\/v2\/posts\/7045\/revisions"}],"predecessor-version":[{"id":7860,"href":"https:\/\/cestysemtam.cz\/en\/wp-json\/wp\/v2\/posts\/7045\/revisions\/7860"}],"wp:featuredmedia":[{"embeddable":true,"href":"https:\/\/cestysemtam.cz\/en\/wp-json\/wp\/v2\/media\/7844"}],"wp:attachment":[{"href":"https:\/\/cestysemtam.cz\/en\/wp-json\/wp\/v2\/media?parent=7045"}],"wp:term":[{"taxonomy":"category","embeddable":true,"href":"https:\/\/cestysemtam.cz\/en\/wp-json\/wp\/v2\/categories?post=7045"},{"taxonomy":"post_tag","embeddable":true,"href":"https:\/\/cestysemtam.cz\/en\/wp-json\/wp\/v2\/tags?post=7045"}],"curies":[{"name":"wp","href":"https:\/\/api.w.org\/{rel}","templated":true}]}}