{"id":7195,"date":"2025-07-20T16:00:52","date_gmt":"2025-07-20T15:00:52","guid":{"rendered":"https:\/\/cestysemtam.cz\/?p=7195"},"modified":"2025-07-20T18:01:12","modified_gmt":"2025-07-20T17:01:12","slug":"lazne-belohrad-mesto-v-srdci-podkrkonosi-kde-se-leci-telo-i-duse","status":"publish","type":"post","link":"https:\/\/cestysemtam.cz\/en\/cesko\/lazne-belohrad-mesto-v-srdci-podkrkonosi-kde-se-leci-telo-i-duse\/","title":{"rendered":"Spa B\u011blohrad: a town in the heart of the Podkrkono\u0161\u00ed region, where body and soul find healing"},"content":{"rendered":"<p>Nestled among the green hills of the Podkrkono\u0161\u00ed region, where the air carries the scent of forests and peat, lies Spa B\u011blohrad (L\u00e1zn\u011b B\u011blohrad). If you are looking for a place that combines relaxation, wellness and trips into breathtaking nature, you have come to the right spot.<\/p>\n<p>&nbsp;<\/p>\n<h4>Peat Spa<\/h4>\n<p>The story of this former aristocratic residence, now a peaceful <a href=\"https:\/\/belohrad.cz\/\" target=\"_blank\" rel=\"noopener\">spa<\/a> harnessing the healing power of nature, began at the end of the 19th century when Countess Anna von Asseburg laid the foundations for the local spa treatments.<\/p>\n<p>The heart of the therapy is the <strong>rare mud<\/strong> from peat ponds in the nearby Ba\u017eantnice forest park. This dark, mineral-rich peat is used for baths, wraps and compresses, which help treat musculoskeletal disorders.<\/p>\n<p>Address: L\u00e1ze\u0148sk\u00e1 165, L\u00e1zn\u011b B\u011blohrad<\/p>\n<p>&nbsp;<\/p>\n<h5>Recommendation for policyholders:<\/h5>\n<p>If you are heading to the spa with a treatment voucher, treat yourself to the comfort and privacy of a single room. In addition to peace and quiet, you will enjoy a buffet breakfast and a wider selection of lunches and dinners, including a rich salad bar.<\/p>\n<p>&nbsp;<\/p>\n\n\t\t<style type=\"text\/css\">\n\t\t\t#gallery-1 {\n\t\t\t\tmargin: auto;\n\t\t\t}\n\t\t\t#gallery-1 .gallery-item {\n\t\t\t\tfloat: left;\n\t\t\t\tmargin-top: 10px;\n\t\t\t\ttext-align: center;\n\t\t\t\twidth: 50%;\n\t\t\t}\n\t\t\t#gallery-1 img {\n\t\t\t\tborder: 2px solid #cfcfcf;\n\t\t\t}\n\t\t\t#gallery-1 .gallery-caption {\n\t\t\t\tmargin-left: 0;\n\t\t\t}\n\t\t\t\/* see gallery_shortcode() in wp-includes\/media.php *\/\n\t\t<\/style>\n\t\t<div id='gallery-1' class='gallery galleryid-7195 gallery-columns-2 gallery-size-large'><dl class='gallery-item'>\n\t\t\t<dt class='gallery-icon landscape'>\n\t\t\t\t<a href='https:\/\/cestysemtam.cz\/wp-content\/uploads\/2025\/07\/1_Lazne_Belohrad.jpg'><img loading=\"lazy\" decoding=\"async\" width=\"1024\" height=\"720\" src=\"https:\/\/cestysemtam.cz\/wp-content\/uploads\/2025\/07\/1_Lazne_Belohrad-1024x720.jpg\" class=\"attachment-large size-large\" alt=\"\" aria-describedby=\"gallery-1-7199\" srcset=\"https:\/\/cestysemtam.cz\/wp-content\/uploads\/2025\/07\/1_Lazne_Belohrad-980x689.jpg 980w, https:\/\/cestysemtam.cz\/wp-content\/uploads\/2025\/07\/1_Lazne_Belohrad-480x338.jpg 480w\" sizes=\"(min-width: 0px) and (max-width: 480px) 480px, (min-width: 481px) and (max-width: 980px) 980px, (min-width: 981px) 1024px, 100vw\" \/><\/a>\n\t\t\t<\/dt>\n\t\t\t\t<dd class='wp-caption-text gallery-caption' id='gallery-1-7199'>\n\t\t\t\tFountain in front of the Grand Hotel\n\t\t\t\t<\/dd><\/dl><dl class='gallery-item'>\n\t\t\t<dt class='gallery-icon landscape'>\n\t\t\t\t<a href='https:\/\/cestysemtam.cz\/wp-content\/uploads\/2025\/07\/2_Lazne_Belohrad.jpg'><img loading=\"lazy\" decoding=\"async\" width=\"1024\" height=\"720\" src=\"https:\/\/cestysemtam.cz\/wp-content\/uploads\/2025\/07\/2_Lazne_Belohrad-1024x720.jpg\" class=\"attachment-large size-large\" alt=\"\" aria-describedby=\"gallery-1-7200\" srcset=\"https:\/\/cestysemtam.cz\/wp-content\/uploads\/2025\/07\/2_Lazne_Belohrad-980x689.jpg 980w, https:\/\/cestysemtam.cz\/wp-content\/uploads\/2025\/07\/2_Lazne_Belohrad-480x338.jpg 480w\" sizes=\"(min-width: 0px) and (max-width: 480px) 480px, (min-width: 481px) and (max-width: 980px) 980px, (min-width: 981px) 1024px, 100vw\" \/><\/a>\n\t\t\t<\/dt>\n\t\t\t\t<dd class='wp-caption-text gallery-caption' id='gallery-1-7200'>\n\t\t\t\tSpring decoration at the Grand Hotel\n\t\t\t\t<\/dd><\/dl><br style=\"clear: both\" \/>\n\t\t<\/div>\n\n<p>&nbsp;<\/p>\n<h5>Where to park?<\/h5>\n<p>We parked for free on J\u00ednova Street right by the Grand Hotel.<\/p>\n<p>&nbsp;<\/p>\n<h5>Our tip:<\/h5>\n<p>Craving the perfect pastry? Then visit the <strong>Grand Hotel caf\u00e9<\/strong> right in the spa resort. You will find fresh desserts from their own patisserie, a pleasant atmosphere, and in the summer, seating on the sunny terrace. It is open not just for spa guests.<\/p>\n\n\t\t<style type=\"text\/css\">\n\t\t\t#gallery-2 {\n\t\t\t\tmargin: auto;\n\t\t\t}\n\t\t\t#gallery-2 .gallery-item {\n\t\t\t\tfloat: left;\n\t\t\t\tmargin-top: 10px;\n\t\t\t\ttext-align: center;\n\t\t\t\twidth: 50%;\n\t\t\t}\n\t\t\t#gallery-2 img {\n\t\t\t\tborder: 2px solid #cfcfcf;\n\t\t\t}\n\t\t\t#gallery-2 .gallery-caption {\n\t\t\t\tmargin-left: 0;\n\t\t\t}\n\t\t\t\/* see gallery_shortcode() in wp-includes\/media.php *\/\n\t\t<\/style>\n\t\t<div id='gallery-2' class='gallery galleryid-7195 gallery-columns-2 gallery-size-large'><dl class='gallery-item'>\n\t\t\t<dt class='gallery-icon portrait'>\n\t\t\t\t<a href='https:\/\/cestysemtam.cz\/wp-content\/uploads\/2025\/07\/3_Lazne_Belohrad.jpg'><img loading=\"lazy\" decoding=\"async\" width=\"809\" height=\"1024\" src=\"https:\/\/cestysemtam.cz\/wp-content\/uploads\/2025\/07\/3_Lazne_Belohrad-809x1024.jpg\" class=\"attachment-large size-large\" alt=\"\" aria-describedby=\"gallery-2-7203\" srcset=\"https:\/\/cestysemtam.cz\/wp-content\/uploads\/2025\/07\/3_Lazne_Belohrad-809x1024.jpg 809w, https:\/\/cestysemtam.cz\/wp-content\/uploads\/2025\/07\/3_Lazne_Belohrad-480x608.jpg 480w\" sizes=\"(min-width: 0px) and (max-width: 480px) 480px, (min-width: 481px) 809px, 100vw\" \/><\/a>\n\t\t\t<\/dt>\n\t\t\t\t<dd class='wp-caption-text gallery-caption' id='gallery-2-7203'>\n\t\t\t\tChocolate mousse with fruit\n\t\t\t\t<\/dd><\/dl><dl class='gallery-item'>\n\t\t\t<dt class='gallery-icon portrait'>\n\t\t\t\t<a href='https:\/\/cestysemtam.cz\/wp-content\/uploads\/2025\/07\/4_Lazne_Belohrad.jpg'><img loading=\"lazy\" decoding=\"async\" width=\"809\" height=\"1024\" src=\"https:\/\/cestysemtam.cz\/wp-content\/uploads\/2025\/07\/4_Lazne_Belohrad-809x1024.jpg\" class=\"attachment-large size-large\" alt=\"\" aria-describedby=\"gallery-2-7204\" srcset=\"https:\/\/cestysemtam.cz\/wp-content\/uploads\/2025\/07\/4_Lazne_Belohrad-809x1024.jpg 809w, https:\/\/cestysemtam.cz\/wp-content\/uploads\/2025\/07\/4_Lazne_Belohrad-480x608.jpg 480w\" sizes=\"(min-width: 0px) and (max-width: 480px) 480px, (min-width: 481px) 809px, 100vw\" \/><\/a>\n\t\t\t<\/dt>\n\t\t\t\t<dd class='wp-caption-text gallery-caption' id='gallery-2-7204'>\n\t\t\t\tPanna Cotta\n\t\t\t\t<\/dd><\/dl><br style=\"clear: both\" \/>\n\t\t<\/div>\n\n<p>&nbsp;<\/p>\n<h4>Famous personalities<\/h4>\n<p>The unassuming B\u011blohrad Spa has attracted prominent figures for generations, offering them peace and inspiration. Among its regular guests were local natives\u2014writer Karel V\u00e1clav Rais and composer Karel Moor. The spa was also visited by poet Eli\u0161ka Kr\u00e1snohorsk\u00e1 and writer Karel Jarom\u00edr Erben.<\/p>\n<p>The Anna\u2019s Peat Spa was a favourite of the legendary actor Old\u0159ich Nov\u00fd. Few know, however, that his daughter Jana found refuge here during World War II. Due to her mother\u2019s Jewish ancestry, Nov\u00fd hid her with the Lelka family\u2014making B\u011blohrad not just a place of relaxation but also a <strong>secret sanctuary<\/strong>.<\/p>\n<p>&nbsp;<\/p>\n<h4>Tree of Life Spa Resort<\/h4>\n<p>If you are looking for the perfect combination of wellness and gastronomic experiences, this <a href=\"https:\/\/treeoflife.cz\/en\" target=\"_blank\" rel=\"noopener\">resort<\/a> will delight you. It offers spa services in an elegant setting, but be prepared for higher prices.<\/p>\n<p>&nbsp;<\/p>\n<h5>Our tip:<\/h5>\n<p>A real hit are the <a href=\"https:\/\/treeoflife.cz\/our-offer\" target=\"_blank\" rel=\"noopener\"><strong>themed dinners<\/strong><\/a> at the Vernissage hotel restaurant, which take you on a journey through different corners of the world via flavours and aromas.<\/p>\n<p>&nbsp;<\/p>\n<h4>Pardoubek Pond<\/h4>\n<p>Just behind the Tree of Life Resort lies the picturesque Pardoubek Pond. With an area of nearly 3 hectares, it invites visitors to relax and stroll along a new 2 km trail, which will delight not only children.<\/p>\n<p>Why \"Pardoubek\"? The name comes from the \"few little oaks\" (p\u00e1r doubk\u016f) planted on the dam\u2014now majestic trees. And to make the trip even more magical, along the way, you will encounter\u00a0<strong>wooden fairy-tale sculptures<\/strong>\u00a0by Czech artists Robert Musil, Jan Pa\u010four and Jaroslav Sucharda.<\/p>\n\n\t\t<style type=\"text\/css\">\n\t\t\t#gallery-3 {\n\t\t\t\tmargin: auto;\n\t\t\t}\n\t\t\t#gallery-3 .gallery-item {\n\t\t\t\tfloat: left;\n\t\t\t\tmargin-top: 10px;\n\t\t\t\ttext-align: center;\n\t\t\t\twidth: 50%;\n\t\t\t}\n\t\t\t#gallery-3 img {\n\t\t\t\tborder: 2px solid #cfcfcf;\n\t\t\t}\n\t\t\t#gallery-3 .gallery-caption {\n\t\t\t\tmargin-left: 0;\n\t\t\t}\n\t\t\t\/* see gallery_shortcode() in wp-includes\/media.php *\/\n\t\t<\/style>\n\t\t<div id='gallery-3' class='gallery galleryid-7195 gallery-columns-2 gallery-size-large'><dl class='gallery-item'>\n\t\t\t<dt class='gallery-icon portrait'>\n\t\t\t\t<a href='https:\/\/cestysemtam.cz\/wp-content\/uploads\/2025\/07\/5_Lazne_Belohrad.jpg'><img loading=\"lazy\" decoding=\"async\" width=\"809\" height=\"1024\" src=\"https:\/\/cestysemtam.cz\/wp-content\/uploads\/2025\/07\/5_Lazne_Belohrad-809x1024.jpg\" class=\"attachment-large size-large\" alt=\"\" aria-describedby=\"gallery-3-7208\" srcset=\"https:\/\/cestysemtam.cz\/wp-content\/uploads\/2025\/07\/5_Lazne_Belohrad-809x1024.jpg 809w, https:\/\/cestysemtam.cz\/wp-content\/uploads\/2025\/07\/5_Lazne_Belohrad-480x608.jpg 480w\" sizes=\"(min-width: 0px) and (max-width: 480px) 480px, (min-width: 481px) 809px, 100vw\" \/><\/a>\n\t\t\t<\/dt>\n\t\t\t\t<dd class='wp-caption-text gallery-caption' id='gallery-3-7208'>\n\t\t\t\tFairy-tale sculptures\n\t\t\t\t<\/dd><\/dl><dl class='gallery-item'>\n\t\t\t<dt class='gallery-icon portrait'>\n\t\t\t\t<a href='https:\/\/cestysemtam.cz\/wp-content\/uploads\/2025\/07\/6_Lazne_Belohrad.jpg'><img loading=\"lazy\" decoding=\"async\" width=\"809\" height=\"1024\" src=\"https:\/\/cestysemtam.cz\/wp-content\/uploads\/2025\/07\/6_Lazne_Belohrad-809x1024.jpg\" class=\"attachment-large size-large\" alt=\"\" aria-describedby=\"gallery-3-7209\" srcset=\"https:\/\/cestysemtam.cz\/wp-content\/uploads\/2025\/07\/6_Lazne_Belohrad-809x1024.jpg 809w, https:\/\/cestysemtam.cz\/wp-content\/uploads\/2025\/07\/6_Lazne_Belohrad-480x608.jpg 480w\" sizes=\"(min-width: 0px) and (max-width: 480px) 480px, (min-width: 481px) 809px, 100vw\" \/><\/a>\n\t\t\t<\/dt>\n\t\t\t\t<dd class='wp-caption-text gallery-caption' id='gallery-3-7209'>\n\t\t\t\tFairy-tale sculptures\n\t\t\t\t<\/dd><\/dl><br style=\"clear: both\" \/>\n\t\t<\/div>\n\n<p>&nbsp;<\/p>\n<h5>Our tip:<\/h5>\n<p>Take a stroll along the picturesque trail around the pond, relax on a bench and let yourself be drawn into the tranquil atmosphere. This is a place where time slows down, your heart rejoices and your soul recharges.<\/p>\n<p>&nbsp;<\/p>\n\n\t\t<style type=\"text\/css\">\n\t\t\t#gallery-4 {\n\t\t\t\tmargin: auto;\n\t\t\t}\n\t\t\t#gallery-4 .gallery-item {\n\t\t\t\tfloat: left;\n\t\t\t\tmargin-top: 10px;\n\t\t\t\ttext-align: center;\n\t\t\t\twidth: 50%;\n\t\t\t}\n\t\t\t#gallery-4 img {\n\t\t\t\tborder: 2px solid #cfcfcf;\n\t\t\t}\n\t\t\t#gallery-4 .gallery-caption {\n\t\t\t\tmargin-left: 0;\n\t\t\t}\n\t\t\t\/* see gallery_shortcode() in wp-includes\/media.php *\/\n\t\t<\/style>\n\t\t<div id='gallery-4' class='gallery galleryid-7195 gallery-columns-2 gallery-size-large'><dl class='gallery-item'>\n\t\t\t<dt class='gallery-icon landscape'>\n\t\t\t\t<a href='https:\/\/cestysemtam.cz\/wp-content\/uploads\/2025\/07\/7_Lazne_Belohrad.jpg'><img loading=\"lazy\" decoding=\"async\" width=\"1024\" height=\"720\" src=\"https:\/\/cestysemtam.cz\/wp-content\/uploads\/2025\/07\/7_Lazne_Belohrad-1024x720.jpg\" class=\"attachment-large size-large\" alt=\"\" aria-describedby=\"gallery-4-7211\" srcset=\"https:\/\/cestysemtam.cz\/wp-content\/uploads\/2025\/07\/7_Lazne_Belohrad-980x689.jpg 980w, https:\/\/cestysemtam.cz\/wp-content\/uploads\/2025\/07\/7_Lazne_Belohrad-480x338.jpg 480w\" sizes=\"(min-width: 0px) and (max-width: 480px) 480px, (min-width: 481px) and (max-width: 980px) 980px, (min-width: 981px) 1024px, 100vw\" \/><\/a>\n\t\t\t<\/dt>\n\t\t\t\t<dd class='wp-caption-text gallery-caption' id='gallery-4-7211'>\n\t\t\t\tPardoubek Pond\n\t\t\t\t<\/dd><\/dl><dl class='gallery-item'>\n\t\t\t<dt class='gallery-icon landscape'>\n\t\t\t\t<a href='https:\/\/cestysemtam.cz\/wp-content\/uploads\/2025\/07\/8_Lazne_Belohrad.jpg'><img loading=\"lazy\" decoding=\"async\" width=\"1024\" height=\"720\" src=\"https:\/\/cestysemtam.cz\/wp-content\/uploads\/2025\/07\/8_Lazne_Belohrad-1024x720.jpg\" class=\"attachment-large size-large\" alt=\"\" aria-describedby=\"gallery-4-7212\" srcset=\"https:\/\/cestysemtam.cz\/wp-content\/uploads\/2025\/07\/8_Lazne_Belohrad-980x689.jpg 980w, https:\/\/cestysemtam.cz\/wp-content\/uploads\/2025\/07\/8_Lazne_Belohrad-480x338.jpg 480w\" sizes=\"(min-width: 0px) and (max-width: 480px) 480px, (min-width: 481px) and (max-width: 980px) 980px, (min-width: 981px) 1024px, 100vw\" \/><\/a>\n\t\t\t<\/dt>\n\t\t\t\t<dd class='wp-caption-text gallery-caption' id='gallery-4-7212'>\n\t\t\t\tSpa B\u011blohrad\n\t\t\t\t<\/dd><\/dl><br style=\"clear: both\" \/>\n\t\t<\/div>\n\n<p>&nbsp;<\/p>\n<h4>Church of All Saints<\/h4>\n<p>If you love Baroque, you can't miss the Church of All Saints. This architectural gem from 1689 has undergone a restoration of its main altar and now boasts a new tower clock, adding even more grandeur to the church.<\/p>\n<p>Inside, you will be enchanted by the impressive altarpiece by academic painter A. M\u00fchl, while a smaller but equally striking Madonna painting by V\u00e1clav B\u0159ezina lends the space an intimate atmosphere. This makes the church a perfect stop for lovers of history, art and spiritual experiences.<\/p>\n<p>Address: Komensk\u00e9ho 94, L\u00e1zn\u011b B\u011blohrad<\/p>\n\n\t\t<style type=\"text\/css\">\n\t\t\t#gallery-5 {\n\t\t\t\tmargin: auto;\n\t\t\t}\n\t\t\t#gallery-5 .gallery-item {\n\t\t\t\tfloat: left;\n\t\t\t\tmargin-top: 10px;\n\t\t\t\ttext-align: center;\n\t\t\t\twidth: 50%;\n\t\t\t}\n\t\t\t#gallery-5 img {\n\t\t\t\tborder: 2px solid #cfcfcf;\n\t\t\t}\n\t\t\t#gallery-5 .gallery-caption {\n\t\t\t\tmargin-left: 0;\n\t\t\t}\n\t\t\t\/* see gallery_shortcode() in wp-includes\/media.php *\/\n\t\t<\/style>\n\t\t<div id='gallery-5' class='gallery galleryid-7195 gallery-columns-2 gallery-size-large'><dl class='gallery-item'>\n\t\t\t<dt class='gallery-icon portrait'>\n\t\t\t\t<a href='https:\/\/cestysemtam.cz\/wp-content\/uploads\/2025\/07\/9_Lazne_Belohrad-1.jpg'><img loading=\"lazy\" decoding=\"async\" width=\"809\" height=\"1024\" src=\"https:\/\/cestysemtam.cz\/wp-content\/uploads\/2025\/07\/9_Lazne_Belohrad-1-809x1024.jpg\" class=\"attachment-large size-large\" alt=\"\" aria-describedby=\"gallery-5-7215\" srcset=\"https:\/\/cestysemtam.cz\/wp-content\/uploads\/2025\/07\/9_Lazne_Belohrad-1-809x1024.jpg 809w, https:\/\/cestysemtam.cz\/wp-content\/uploads\/2025\/07\/9_Lazne_Belohrad-1-480x608.jpg 480w\" sizes=\"(min-width: 0px) and (max-width: 480px) 480px, (min-width: 481px) 809px, 100vw\" \/><\/a>\n\t\t\t<\/dt>\n\t\t\t\t<dd class='wp-caption-text gallery-caption' id='gallery-5-7215'>\n\t\t\t\tChurch of All Saints\n\t\t\t\t<\/dd><\/dl><dl class='gallery-item'>\n\t\t\t<dt class='gallery-icon portrait'>\n\t\t\t\t<a href='https:\/\/cestysemtam.cz\/wp-content\/uploads\/2025\/07\/10_Lazne_Belohrad-2.jpg'><img loading=\"lazy\" decoding=\"async\" width=\"809\" height=\"1024\" src=\"https:\/\/cestysemtam.cz\/wp-content\/uploads\/2025\/07\/10_Lazne_Belohrad-2-809x1024.jpg\" class=\"attachment-large size-large\" alt=\"\" aria-describedby=\"gallery-5-7217\" srcset=\"https:\/\/cestysemtam.cz\/wp-content\/uploads\/2025\/07\/10_Lazne_Belohrad-2-809x1024.jpg 809w, https:\/\/cestysemtam.cz\/wp-content\/uploads\/2025\/07\/10_Lazne_Belohrad-2-480x608.jpg 480w\" sizes=\"(min-width: 0px) and (max-width: 480px) 480px, (min-width: 481px) 809px, 100vw\" \/><\/a>\n\t\t\t<\/dt>\n\t\t\t\t<dd class='wp-caption-text gallery-caption' id='gallery-5-7217'>\n\t\t\t\tBoundary marker \n\t\t\t\t<\/dd><\/dl><br style=\"clear: both\" \/>\n\t\t<\/div>\n\n<p>&nbsp;<\/p>\n<h4>Chateau and park Spa B\u011blohrad<\/h4>\n<p>On the edge of the town lies a Baroque gem\u2014a chateau dating back to the turn of the 17th and 18th centuries, which still exudes the elegance of bygone eras. Although its interiors, including the Chapel of Saint John the Evangelist, are not open to the public, its surroundings will enchant you.<\/p>\n<p>Address: T. G. Masaryka 1, L\u00e1zn\u011b B\u011blohrad<\/p>\n<p>&nbsp;<br \/>\nBehind the chateau stretches a chateau park, where several treasures await you. The highlight is an Empire-style winter orangery, transformed in 1959 into the\u00a0<strong>K. V. Rais Memorial<\/strong>. It offers two attractions\u2014an exhibition dedicated to this famous B\u011blohrad writer and a gallery with seasonal exhibitions that bring the space to life from spring to autumn.<\/p>\n<p>Address: Bar\u00e1kova 3, L\u00e1zn\u011b B\u011blohrad<\/p>\n<p>&nbsp;<br \/>\nWhile strolling through the park, you will also come across a unique collection of 18th-century boundary markers and a majestic lion statue, proudly representing the town's coat of arms.<\/p>\n<p>&nbsp;<\/p>\n<h4>K. V. Rais nature trail<\/h4>\n<p>A peaceful trip full of inspiration, history and beautiful scenery awaits on this <a href=\"http:\/\/www.lazne-belohrad.cz\/mesto\/tipy-na-vylet\/naucna-stezka\/\" target=\"_blank\" rel=\"noopener\">nature trail<\/a>, which guides you through the picturesque landscape beloved by writer K. V. Rais\u2014from Spa B\u011blohrad to the romantic village of By\u0161i\u010dky and up to the top of Zvi\u010dina. The trail starts at the K. V. Rais Memorial and takes you to places the writer adored. Along the way, you will discover how breathtaking nature blends with folk architecture and cultural treasures. Each stop tells a story\u2014about the famous writer\u2019s life, the region\u2019s history and the beauty of nature that has remained almost untouched.<\/p>\n<p>&nbsp;<\/p>\n<h4>K. V. Rais Square<\/h4>\n<p>When you step onto the square, your attention will immediately be drawn to the majestic\u00a0<strong>Neo-Renaissance building of the Spa Hotel<\/strong>, constructed in the 19th century. It once served as the town hall and represented both the town and the spa.<\/p>\n<p>But do you know why a nearby place is called \"U Kadav\u00e9ho\" (\"At Kadav\u00fd's\")? It\u2019s not the name of a saint but a story about a simple labourer. Long ago, he used to stand by a column here, waiting for work\u2014any work, even the hardest and dirtiest. He was a living symbol of the determination to provide for his family. People grew accustomed to him and named the spot after him as a tribute to all those unafraid of hard work.<\/p>\n<p>So, when you stand here, remember Kadav\u00fd. Sometimes, even an ordinary story can say more than statues and monuments.<\/p>\n\n\t\t<style type=\"text\/css\">\n\t\t\t#gallery-6 {\n\t\t\t\tmargin: auto;\n\t\t\t}\n\t\t\t#gallery-6 .gallery-item {\n\t\t\t\tfloat: left;\n\t\t\t\tmargin-top: 10px;\n\t\t\t\ttext-align: center;\n\t\t\t\twidth: 50%;\n\t\t\t}\n\t\t\t#gallery-6 img {\n\t\t\t\tborder: 2px solid #cfcfcf;\n\t\t\t}\n\t\t\t#gallery-6 .gallery-caption {\n\t\t\t\tmargin-left: 0;\n\t\t\t}\n\t\t\t\/* see gallery_shortcode() in wp-includes\/media.php *\/\n\t\t<\/style>\n\t\t<div id='gallery-6' class='gallery galleryid-7195 gallery-columns-2 gallery-size-large'><dl class='gallery-item'>\n\t\t\t<dt class='gallery-icon portrait'>\n\t\t\t\t<a href='https:\/\/cestysemtam.cz\/wp-content\/uploads\/2025\/07\/11_Lazne_Belohrad.jpg'><img loading=\"lazy\" decoding=\"async\" width=\"809\" height=\"1024\" src=\"https:\/\/cestysemtam.cz\/wp-content\/uploads\/2025\/07\/11_Lazne_Belohrad-809x1024.jpg\" class=\"attachment-large size-large\" alt=\"\" aria-describedby=\"gallery-6-7219\" srcset=\"https:\/\/cestysemtam.cz\/wp-content\/uploads\/2025\/07\/11_Lazne_Belohrad-809x1024.jpg 809w, https:\/\/cestysemtam.cz\/wp-content\/uploads\/2025\/07\/11_Lazne_Belohrad-480x608.jpg 480w\" sizes=\"(min-width: 0px) and (max-width: 480px) 480px, (min-width: 481px) 809px, 100vw\" \/><\/a>\n\t\t\t<\/dt>\n\t\t\t\t<dd class='wp-caption-text gallery-caption' id='gallery-6-7219'>\n\t\t\t\tGirl with a dove on the square\n\t\t\t\t<\/dd><\/dl><dl class='gallery-item'>\n\t\t\t<dt class='gallery-icon portrait'>\n\t\t\t\t<a href='https:\/\/cestysemtam.cz\/wp-content\/uploads\/2025\/07\/12_Lazne_Belohrad-1.jpg'><img loading=\"lazy\" decoding=\"async\" width=\"809\" height=\"1024\" src=\"https:\/\/cestysemtam.cz\/wp-content\/uploads\/2025\/07\/12_Lazne_Belohrad-1-809x1024.jpg\" class=\"attachment-large size-large\" alt=\"\" aria-describedby=\"gallery-6-7220\" srcset=\"https:\/\/cestysemtam.cz\/wp-content\/uploads\/2025\/07\/12_Lazne_Belohrad-1-809x1024.jpg 809w, https:\/\/cestysemtam.cz\/wp-content\/uploads\/2025\/07\/12_Lazne_Belohrad-1-480x608.jpg 480w\" sizes=\"(min-width: 0px) and (max-width: 480px) 480px, (min-width: 481px) 809px, 100vw\" \/><\/a>\n\t\t\t<\/dt>\n\t\t\t\t<dd class='wp-caption-text gallery-caption' id='gallery-6-7220'>\n\t\t\t\tSpring in Spa B\u011blohrad\n\t\t\t\t<\/dd><\/dl><br style=\"clear: both\" \/>\n\t\t<\/div>\n\n<p>&nbsp;<\/p>\n<h4>Timbered houses<\/h4>\n<p>If you love folk architecture and the atmosphere of bygone times, don\u2019t miss a walk down the T\u0159et\u00ed strana Street. Here, in the heart of the Podkrkono\u0161\u00ed region, you will find beautifully preserved 19th-century timbered houses, a classic example of traditional craftsmanship in this area.<\/p>\n<p>Walking among them feels like stepping back in time, when life was lived in harmony with natural materials and artisanal skill. Some houses are decorated with carved elements or charming gables, proving that even simple rural buildings could have their own unique style.<\/p>\n<p>&nbsp;<\/p>\n<h4>Ba\u017eantnice Forest Park<\/h4>\n<p>Looking for a place that combines tranquillity, history and the healing power of nature? Ba\u017eantnice Forest Park is perfect for relaxing walks with a spa tradition dating back to 1885.<\/p>\n<p>Its greatest treasures are the local springs. The sulfur water forms picturesque peat ponds, and if you make it to the\u00a0<strong>Vita Spring<\/strong>, you are in for a unique experience. The Vita Spring continues the century-old tradition of the original Annamarie (or Lion\u2019s) Spring. Its exceptional mineral water benefits metabolism, making it worth a taste.<\/p>\n<p>You will find the spring in a charming wooden pavilion with a pyramidal roof, adorned with a golden key\u2014the symbol of the spa. The water flows from a stone pedestal directly from a lion\u2019s mouth, giving the place an elegant atmosphere.<\/p>\n\n\t\t<style type=\"text\/css\">\n\t\t\t#gallery-7 {\n\t\t\t\tmargin: auto;\n\t\t\t}\n\t\t\t#gallery-7 .gallery-item {\n\t\t\t\tfloat: left;\n\t\t\t\tmargin-top: 10px;\n\t\t\t\ttext-align: center;\n\t\t\t\twidth: 50%;\n\t\t\t}\n\t\t\t#gallery-7 img {\n\t\t\t\tborder: 2px solid #cfcfcf;\n\t\t\t}\n\t\t\t#gallery-7 .gallery-caption {\n\t\t\t\tmargin-left: 0;\n\t\t\t}\n\t\t\t\/* see gallery_shortcode() in wp-includes\/media.php *\/\n\t\t<\/style>\n\t\t<div id='gallery-7' class='gallery galleryid-7195 gallery-columns-2 gallery-size-large'><dl class='gallery-item'>\n\t\t\t<dt class='gallery-icon portrait'>\n\t\t\t\t<a href='https:\/\/cestysemtam.cz\/wp-content\/uploads\/2025\/07\/13_Lazne_Belohrad.jpg'><img loading=\"lazy\" decoding=\"async\" width=\"809\" height=\"1024\" src=\"https:\/\/cestysemtam.cz\/wp-content\/uploads\/2025\/07\/13_Lazne_Belohrad-809x1024.jpg\" class=\"attachment-large size-large\" alt=\"\" aria-describedby=\"gallery-7-7222\" srcset=\"https:\/\/cestysemtam.cz\/wp-content\/uploads\/2025\/07\/13_Lazne_Belohrad-809x1024.jpg 809w, https:\/\/cestysemtam.cz\/wp-content\/uploads\/2025\/07\/13_Lazne_Belohrad-480x608.jpg 480w\" sizes=\"(min-width: 0px) and (max-width: 480px) 480px, (min-width: 481px) 809px, 100vw\" \/><\/a>\n\t\t\t<\/dt>\n\t\t\t\t<dd class='wp-caption-text gallery-caption' id='gallery-7-7222'>\n\t\t\t\tBa\u017eantnice Forest Park\n\t\t\t\t<\/dd><\/dl><dl class='gallery-item'>\n\t\t\t<dt class='gallery-icon portrait'>\n\t\t\t\t<a href='https:\/\/cestysemtam.cz\/wp-content\/uploads\/2025\/07\/14_Lazne_Belohrad.jpg'><img loading=\"lazy\" decoding=\"async\" width=\"809\" height=\"1024\" src=\"https:\/\/cestysemtam.cz\/wp-content\/uploads\/2025\/07\/14_Lazne_Belohrad-809x1024.jpg\" class=\"attachment-large size-large\" alt=\"\" aria-describedby=\"gallery-7-7223\" srcset=\"https:\/\/cestysemtam.cz\/wp-content\/uploads\/2025\/07\/14_Lazne_Belohrad-809x1024.jpg 809w, https:\/\/cestysemtam.cz\/wp-content\/uploads\/2025\/07\/14_Lazne_Belohrad-480x608.jpg 480w\" sizes=\"(min-width: 0px) and (max-width: 480px) 480px, (min-width: 481px) 809px, 100vw\" \/><\/a>\n\t\t\t<\/dt>\n\t\t\t\t<dd class='wp-caption-text gallery-caption' id='gallery-7-7223'>\n\t\t\t\tVita Spring\n\t\t\t\t<\/dd><\/dl><br style=\"clear: both\" \/>\n\t\t<\/div>\n\n<p>&nbsp;<\/p>\n<h4>Church of Saint Peter and Paul in By\u0161i\u010dky<\/h4>\n<p>Embark on a magical 1.2 km journey from the Vita Spring to the ancient Church of Saint Peter and Paul. The path will lead you through a fragrant alley and a quiet forest to one of the oldest landmarks of the Podzvi\u010d\u00ednsko area, which inspired Karel Jarom\u00edr Erben\u2019s <strong>ballad \u201cThe Wedding Shirts\u201d<\/strong>.<\/p>\n<p>The church, dating back to 1267, breathes history\u2014once home to the last Czech hermit, it now enchants visitors with its restored Stations of the Cross featuring paintings by local artist Franti\u0161ek Koubek. When you step into the cemetery, you might feel an <strong>eerie chill<\/strong> \u2014this is the very place where, according to Erben\u2019s ballad, a terrifying scene with a dead bridegroom and white wedding shirts unfolded.<\/p>\n<p>The place has a unique atmosphere: silence, a view of the B\u011blohrad basin and well-kept surroundings with a gazebo for relaxation. A perfect trip for those who love legends, history and wandering in nature.<\/p>\n\n\t\t<style type=\"text\/css\">\n\t\t\t#gallery-8 {\n\t\t\t\tmargin: auto;\n\t\t\t}\n\t\t\t#gallery-8 .gallery-item {\n\t\t\t\tfloat: left;\n\t\t\t\tmargin-top: 10px;\n\t\t\t\ttext-align: center;\n\t\t\t\twidth: 50%;\n\t\t\t}\n\t\t\t#gallery-8 img {\n\t\t\t\tborder: 2px solid #cfcfcf;\n\t\t\t}\n\t\t\t#gallery-8 .gallery-caption {\n\t\t\t\tmargin-left: 0;\n\t\t\t}\n\t\t\t\/* see gallery_shortcode() in wp-includes\/media.php *\/\n\t\t<\/style>\n\t\t<div id='gallery-8' class='gallery galleryid-7195 gallery-columns-2 gallery-size-large'><dl class='gallery-item'>\n\t\t\t<dt class='gallery-icon landscape'>\n\t\t\t\t<a href='https:\/\/cestysemtam.cz\/wp-content\/uploads\/2025\/07\/15_Bysicky.jpg'><img loading=\"lazy\" decoding=\"async\" width=\"1024\" height=\"720\" src=\"https:\/\/cestysemtam.cz\/wp-content\/uploads\/2025\/07\/15_Bysicky-1024x720.jpg\" class=\"attachment-large size-large\" alt=\"\" aria-describedby=\"gallery-8-7225\" srcset=\"https:\/\/cestysemtam.cz\/wp-content\/uploads\/2025\/07\/15_Bysicky-980x689.jpg 980w, https:\/\/cestysemtam.cz\/wp-content\/uploads\/2025\/07\/15_Bysicky-480x338.jpg 480w\" sizes=\"(min-width: 0px) and (max-width: 480px) 480px, (min-width: 481px) and (max-width: 980px) 980px, (min-width: 981px) 1024px, 100vw\" \/><\/a>\n\t\t\t<\/dt>\n\t\t\t\t<dd class='wp-caption-text gallery-caption' id='gallery-8-7225'>\n\t\t\t\tChurch of St. Peter and Paul\n\t\t\t\t<\/dd><\/dl><dl class='gallery-item'>\n\t\t\t<dt class='gallery-icon landscape'>\n\t\t\t\t<a href='https:\/\/cestysemtam.cz\/wp-content\/uploads\/2025\/07\/16_Bysicky-1.jpg'><img loading=\"lazy\" decoding=\"async\" width=\"1024\" height=\"720\" src=\"https:\/\/cestysemtam.cz\/wp-content\/uploads\/2025\/07\/16_Bysicky-1-1024x720.jpg\" class=\"attachment-large size-large\" alt=\"\" aria-describedby=\"gallery-8-7226\" srcset=\"https:\/\/cestysemtam.cz\/wp-content\/uploads\/2025\/07\/16_Bysicky-1-980x689.jpg 980w, https:\/\/cestysemtam.cz\/wp-content\/uploads\/2025\/07\/16_Bysicky-1-480x338.jpg 480w\" sizes=\"(min-width: 0px) and (max-width: 480px) 480px, (min-width: 481px) and (max-width: 980px) 980px, (min-width: 981px) 1024px, 100vw\" \/><\/a>\n\t\t\t<\/dt>\n\t\t\t\t<dd class='wp-caption-text gallery-caption' id='gallery-8-7226'>\n\t\t\t\tCemetery in By\u0161i\u010dky\n\t\t\t\t<\/dd><\/dl><br style=\"clear: both\" \/>\n\t\t<\/div>\n\n<p>&nbsp;<\/p>\n<h4>Milet\u00edn<\/h4>\n<p>Just 8 km from Spa B\u011blohrad lies the picturesque town of Milet\u00edn, the birthplace of <strong>poet Karel Jarom\u00edr Erben<\/strong> and a place where the stories from his famous ballad collection Kytice (Bouquet) come to life. If you love poetry and unforgettable experiences, Milet\u00edn should definitely be on your travel list.<\/p>\n<p>Walk along\u00a0<a href=\"https:\/\/www.miletin.cz\/historie\/naucna-stezka-k-j-erbena\/\" target=\"_blank\" rel=\"noopener\"><strong>the nature trail<\/strong><\/a>, which starts at the poet\u2019s birthplace and reveals the secrets of his life and creative genius at each stop. Where is the Water Goblin hiding? Where does the Noon Witch lurk? This is where you will discover the inspiration behind Erben\u2019s most famous tales.<\/p>\n<p>Address of the birthplace: Barbory Linkov\u00e9 142, Milet\u00edn<\/p>\n<p>&nbsp;<\/p>\n<h5>Mysterious places from the Bouquet:<\/h5>\n<p>By the Byst\u0159ice stream stands a statue of Polednice (The Noon Witch), whose gaze alone is enough to give you goosebumps.<\/p>\n<p>In the woods above Milet\u00edn hides the handsome lord from the poem Zlat\u00fd kolovrat (The Golden Spinning Wheel).<\/p>\n<p>And if you wander near the Hlubok\u00fd pond, remember Vodn\u00edk (The Water Goblin)\u2014perhaps he\u2019s watching his next victim right now.<\/p>\n<p>&nbsp;<br \/>\n<a href=\"https:\/\/www.miletin.cz\/historie\/miletinsky-zamek\/\" target=\"_blank\" rel=\"noopener\"><strong>Milet\u00edn Chateau<\/strong><\/a> breathes stories dating back to the 12th century. Unfortunately, the chateau and its adjacent park are currently closed to the public. But don\u2019t despair\u2014you can still glimpse into its past.<\/p>\n<p>Inside the chateau, you will find the\u00a0<strong>Museum of Czech Amateur Theatre<\/strong>, a unique exhibition that takes you through the world of amateur plays, puppets and stage sets. Visits are possible by prior reservation, so if you love culture and history, don\u2019t miss it.<\/p>\n<p>Address: Na Park\u00e1ni 1, 507 71 Milet\u00edn<\/p>\n<p>&nbsp;<\/p>\n<h5>Parking:<\/h5>\n<p>We parked for free right on K. J. Erben Square.<\/p>\n<p>&nbsp;<\/p>\n\n\t\t<style type=\"text\/css\">\n\t\t\t#gallery-9 {\n\t\t\t\tmargin: auto;\n\t\t\t}\n\t\t\t#gallery-9 .gallery-item {\n\t\t\t\tfloat: left;\n\t\t\t\tmargin-top: 10px;\n\t\t\t\ttext-align: center;\n\t\t\t\twidth: 50%;\n\t\t\t}\n\t\t\t#gallery-9 img {\n\t\t\t\tborder: 2px solid #cfcfcf;\n\t\t\t}\n\t\t\t#gallery-9 .gallery-caption {\n\t\t\t\tmargin-left: 0;\n\t\t\t}\n\t\t\t\/* see gallery_shortcode() in wp-includes\/media.php *\/\n\t\t<\/style>\n\t\t<div id='gallery-9' class='gallery galleryid-7195 gallery-columns-2 gallery-size-large'><dl class='gallery-item'>\n\t\t\t<dt class='gallery-icon landscape'>\n\t\t\t\t<a href='https:\/\/cestysemtam.cz\/wp-content\/uploads\/2025\/07\/17_Miletin.jpg'><img loading=\"lazy\" decoding=\"async\" width=\"1024\" height=\"720\" src=\"https:\/\/cestysemtam.cz\/wp-content\/uploads\/2025\/07\/17_Miletin-1024x720.jpg\" class=\"attachment-large size-large\" alt=\"\" aria-describedby=\"gallery-9-7228\" srcset=\"https:\/\/cestysemtam.cz\/wp-content\/uploads\/2025\/07\/17_Miletin-980x689.jpg 980w, https:\/\/cestysemtam.cz\/wp-content\/uploads\/2025\/07\/17_Miletin-480x338.jpg 480w\" sizes=\"(min-width: 0px) and (max-width: 480px) 480px, (min-width: 481px) and (max-width: 980px) 980px, (min-width: 981px) 1024px, 100vw\" \/><\/a>\n\t\t\t<\/dt>\n\t\t\t\t<dd class='wp-caption-text gallery-caption' id='gallery-9-7228'>\n\t\t\t\tChurch of the Annunciation of the Virgin Mary in Milet\u00edn\n\t\t\t\t<\/dd><\/dl><dl class='gallery-item'>\n\t\t\t<dt class='gallery-icon landscape'>\n\t\t\t\t<a href='https:\/\/cestysemtam.cz\/wp-content\/uploads\/2025\/07\/18_Miletin.jpg'><img loading=\"lazy\" decoding=\"async\" width=\"1024\" height=\"720\" src=\"https:\/\/cestysemtam.cz\/wp-content\/uploads\/2025\/07\/18_Miletin-1024x720.jpg\" class=\"attachment-large size-large\" alt=\"\" aria-describedby=\"gallery-9-7229\" srcset=\"https:\/\/cestysemtam.cz\/wp-content\/uploads\/2025\/07\/18_Miletin-980x689.jpg 980w, https:\/\/cestysemtam.cz\/wp-content\/uploads\/2025\/07\/18_Miletin-480x338.jpg 480w\" sizes=\"(min-width: 0px) and (max-width: 480px) 480px, (min-width: 481px) and (max-width: 980px) 980px, (min-width: 981px) 1024px, 100vw\" \/><\/a>\n\t\t\t<\/dt>\n\t\t\t\t<dd class='wp-caption-text gallery-caption' id='gallery-9-7229'>\n\t\t\t\tHeart shaped prayer cookies\n\t\t\t\t<\/dd><\/dl><br style=\"clear: both\" \/>\n\t\t<\/div>\n\n<p>&nbsp;<\/p>\n<h5>Our sweet tip:<\/h5>\n<p>Do you love traveling not just through places but also through flavours? Then treat yourself to a sweet treasure with a stirring history\u2014the legendary <strong>Milet\u00ednsk\u00e9 modlitbi\u010dky (Milet\u00edn Prayer Cookies)<\/strong>. These delicate gingerbread delights will enchant you at first bite, and once you discover the tradition behind them, you will want to taste them again and again.<\/p>\n<p>Originally, they were small prayer books, but in 1864, local gingerbread maker Josef Erben had a brilliant idea\u2014to turn them into a confection. Imagine a fragile gingerbread that gently crumbles under your fingers. Inside, you will find a rich filling of roasted walnuts and hazelnuts, perfectly contrasting with the delicate sugar glaze. And that almond on top as a symbol of the cross? It\u2019s not just for flavour\u2014it\u2019s a reminder that this sweet creation has its roots in prayer books.<\/p>\n<p>Sadly, the recipe was nearly forgotten before 1989, but after the Velvet Revolution, the Erben family revived the tradition, and today, the cookies are baked exactly according to the original method. And trust us, it\u2019s worth it\u2014the dough matures for a full six weeks to achieve that perfect melt-in-your-mouth texture.<\/p>\n<p>When you taste them, close your eyes for a moment and savour not just their honeyed flavour but also the memory of the times when even President Masaryk himself enjoyed them.<\/p>\n<p>And where did we buy this delicacy? Where else but at the <strong>Erbenovy Milet\u00ednsk\u00e9 modlitbi\u010dky confectionery<\/strong>.<\/p>\n<p>Address: n\u00e1m\u011bst\u00ed K. J. Erbena 11, Milet\u00edn<\/p>","protected":false},"excerpt":{"rendered":"<p>Mezi zelen\u00fdmi kopci Podkrkono\u0161\u00ed, v m\u00edstech, kde se vzduch m\u00eds\u00ed s v\u016fn\u00ed lesa a ra\u0161eliny, le\u017e\u00ed L\u00e1zn\u011b B\u011blohrad. Pokud tedy hled\u00e1te m\u00edsto, kde se d\u00e1 spojit odpo\u010dinek, wellness a v\u00fdlety do n\u00e1dhern\u00e9 p\u0159\u00edrody, pak jste tady spr\u00e1vn\u011b. &nbsp; Slatinn\u00e9 l\u00e1zn\u011b P\u0159\u00edb\u011bh n\u011bkdej\u0161\u00edho \u0161lechtick\u00e9ho s\u00eddla, dnes poklidn\u00fdch l\u00e1zn\u00ed s l\u00e9\u010divou silou p\u0159\u00edrody, se za\u010dal ps\u00e1t na [&hellip;]<\/p>\n","protected":false},"author":3,"featured_media":7197,"comment_status":"closed","ping_status":"closed","sticky":false,"template":"","format":"standard","meta":{"_et_pb_use_builder":"","_et_pb_old_content":"","_et_gb_content_width":"","footnotes":""},"categories":[14],"tags":[43,45,140,32,137,21],"class_list":["post-7195","post","type-post","status-publish","format-standard","has-post-thumbnail","hentry","category-cesko","tag-kostely","tag-lazne","tag-naucne-stezky","tag-parky","tag-prameny","tag-zamky"],"yoast_head":"<!-- This site is optimized with the Yoast SEO plugin v27.1.1 - https:\/\/yoast.com\/product\/yoast-seo-wordpress\/ -->\n<title>L\u00e1zn\u011b B\u011blohrad: m\u011bsto v srdci Podkrkono\u0161\u00ed, kde se l\u00e9\u010d\u00ed t\u011blo i du\u0161e - Cesty Sem Tam<\/title>\n<meta name=\"robots\" content=\"index, follow, max-snippet:-1, max-image-preview:large, max-video-preview:-1\" \/>\n<link rel=\"canonical\" href=\"https:\/\/cestysemtam.cz\/en\/cesko\/lazne-belohrad-mesto-v-srdci-podkrkonosi-kde-se-leci-telo-i-duse\/\" \/>\n<meta property=\"og:locale\" content=\"en_GB\" \/>\n<meta property=\"og:type\" content=\"article\" \/>\n<meta property=\"og:title\" content=\"L\u00e1zn\u011b B\u011blohrad: m\u011bsto v srdci Podkrkono\u0161\u00ed, kde se l\u00e9\u010d\u00ed t\u011blo i du\u0161e - Cesty Sem Tam\" \/>\n<meta property=\"og:description\" content=\"Mezi zelen\u00fdmi kopci Podkrkono\u0161\u00ed, v m\u00edstech, kde se vzduch m\u00eds\u00ed s v\u016fn\u00ed lesa a ra\u0161eliny, le\u017e\u00ed L\u00e1zn\u011b B\u011blohrad. Pokud tedy hled\u00e1te m\u00edsto, kde se d\u00e1 spojit odpo\u010dinek, wellness a v\u00fdlety do n\u00e1dhern\u00e9 p\u0159\u00edrody, pak jste tady spr\u00e1vn\u011b. &nbsp; Slatinn\u00e9 l\u00e1zn\u011b P\u0159\u00edb\u011bh n\u011bkdej\u0161\u00edho \u0161lechtick\u00e9ho s\u00eddla, dnes poklidn\u00fdch l\u00e1zn\u00ed s l\u00e9\u010divou silou p\u0159\u00edrody, se za\u010dal ps\u00e1t na [&hellip;]\" \/>\n<meta property=\"og:url\" content=\"https:\/\/cestysemtam.cz\/en\/cesko\/lazne-belohrad-mesto-v-srdci-podkrkonosi-kde-se-leci-telo-i-duse\/\" \/>\n<meta property=\"og:site_name\" content=\"Cesty Sem Tam\" \/>\n<meta property=\"article:publisher\" content=\"https:\/\/www.facebook.com\/profile.php?id=61572455318171\" \/>\n<meta property=\"article:published_time\" content=\"2025-07-20T15:00:52+00:00\" \/>\n<meta property=\"article:modified_time\" content=\"2025-07-20T17:01:12+00:00\" \/>\n<meta property=\"og:image\" content=\"https:\/\/cestysemtam.cz\/wp-content\/uploads\/2025\/07\/00_UVODNI_Lazne_Belohrad.jpg\" \/>\n\t<meta property=\"og:image:width\" content=\"1300\" \/>\n\t<meta property=\"og:image:height\" content=\"867\" \/>\n\t<meta property=\"og:image:type\" content=\"image\/jpeg\" \/>\n<meta name=\"author\" content=\"kata\" \/>\n<meta name=\"twitter:card\" content=\"summary_large_image\" \/>\n<meta name=\"twitter:creator\" content=\"@Cestysemtam\" \/>\n<meta name=\"twitter:site\" content=\"@Cestysemtam\" \/>\n<meta name=\"twitter:label1\" content=\"Written by\" \/>\n\t<meta name=\"twitter:data1\" content=\"kata\" \/>\n\t<meta name=\"twitter:label2\" content=\"Estimated reading time\" \/>\n\t<meta name=\"twitter:data2\" content=\"11 minutes\" \/>\n<script type=\"application\/ld+json\" class=\"yoast-schema-graph\">{\"@context\":\"https:\/\/schema.org\",\"@graph\":[{\"@type\":\"Article\",\"@id\":\"https:\/\/cestysemtam.cz\/cesko\/lazne-belohrad-mesto-v-srdci-podkrkonosi-kde-se-leci-telo-i-duse\/#article\",\"isPartOf\":{\"@id\":\"https:\/\/cestysemtam.cz\/cesko\/lazne-belohrad-mesto-v-srdci-podkrkonosi-kde-se-leci-telo-i-duse\/\"},\"author\":{\"name\":\"kata\",\"@id\":\"https:\/\/cestysemtam.cz\/#\/schema\/person\/2fcc6bbe4d0fc0052a39d9e68b43ea56\"},\"headline\":\"L\u00e1zn\u011b B\u011blohrad: m\u011bsto v srdci Podkrkono\u0161\u00ed, kde se l\u00e9\u010d\u00ed t\u011blo i du\u0161e\",\"datePublished\":\"2025-07-20T15:00:52+00:00\",\"dateModified\":\"2025-07-20T17:01:12+00:00\",\"mainEntityOfPage\":{\"@id\":\"https:\/\/cestysemtam.cz\/cesko\/lazne-belohrad-mesto-v-srdci-podkrkonosi-kde-se-leci-telo-i-duse\/\"},\"wordCount\":2283,\"publisher\":{\"@id\":\"https:\/\/cestysemtam.cz\/#organization\"},\"image\":{\"@id\":\"https:\/\/cestysemtam.cz\/cesko\/lazne-belohrad-mesto-v-srdci-podkrkonosi-kde-se-leci-telo-i-duse\/#primaryimage\"},\"thumbnailUrl\":\"https:\/\/cestysemtam.cz\/wp-content\/uploads\/2025\/07\/00_UVODNI_Lazne_Belohrad.jpg\",\"keywords\":[\"Kostely\",\"L\u00e1zn\u011b\",\"Nau\u010dn\u00e9 stezky\",\"Parky\",\"Prameny\",\"Z\u00e1mky\"],\"articleSection\":[\"\u010cesko\"],\"inLanguage\":\"en-GB\"},{\"@type\":\"WebPage\",\"@id\":\"https:\/\/cestysemtam.cz\/cesko\/lazne-belohrad-mesto-v-srdci-podkrkonosi-kde-se-leci-telo-i-duse\/\",\"url\":\"https:\/\/cestysemtam.cz\/cesko\/lazne-belohrad-mesto-v-srdci-podkrkonosi-kde-se-leci-telo-i-duse\/\",\"name\":\"L\u00e1zn\u011b B\u011blohrad: m\u011bsto v srdci Podkrkono\u0161\u00ed, kde se l\u00e9\u010d\u00ed t\u011blo i du\u0161e - Cesty Sem Tam\",\"isPartOf\":{\"@id\":\"https:\/\/cestysemtam.cz\/#website\"},\"primaryImageOfPage\":{\"@id\":\"https:\/\/cestysemtam.cz\/cesko\/lazne-belohrad-mesto-v-srdci-podkrkonosi-kde-se-leci-telo-i-duse\/#primaryimage\"},\"image\":{\"@id\":\"https:\/\/cestysemtam.cz\/cesko\/lazne-belohrad-mesto-v-srdci-podkrkonosi-kde-se-leci-telo-i-duse\/#primaryimage\"},\"thumbnailUrl\":\"https:\/\/cestysemtam.cz\/wp-content\/uploads\/2025\/07\/00_UVODNI_Lazne_Belohrad.jpg\",\"datePublished\":\"2025-07-20T15:00:52+00:00\",\"dateModified\":\"2025-07-20T17:01:12+00:00\",\"breadcrumb\":{\"@id\":\"https:\/\/cestysemtam.cz\/cesko\/lazne-belohrad-mesto-v-srdci-podkrkonosi-kde-se-leci-telo-i-duse\/#breadcrumb\"},\"inLanguage\":\"en-GB\",\"potentialAction\":[{\"@type\":\"ReadAction\",\"target\":[\"https:\/\/cestysemtam.cz\/cesko\/lazne-belohrad-mesto-v-srdci-podkrkonosi-kde-se-leci-telo-i-duse\/\"]}]},{\"@type\":\"ImageObject\",\"inLanguage\":\"en-GB\",\"@id\":\"https:\/\/cestysemtam.cz\/cesko\/lazne-belohrad-mesto-v-srdci-podkrkonosi-kde-se-leci-telo-i-duse\/#primaryimage\",\"url\":\"https:\/\/cestysemtam.cz\/wp-content\/uploads\/2025\/07\/00_UVODNI_Lazne_Belohrad.jpg\",\"contentUrl\":\"https:\/\/cestysemtam.cz\/wp-content\/uploads\/2025\/07\/00_UVODNI_Lazne_Belohrad.jpg\",\"width\":1300,\"height\":867},{\"@type\":\"BreadcrumbList\",\"@id\":\"https:\/\/cestysemtam.cz\/cesko\/lazne-belohrad-mesto-v-srdci-podkrkonosi-kde-se-leci-telo-i-duse\/#breadcrumb\",\"itemListElement\":[{\"@type\":\"ListItem\",\"position\":1,\"name\":\"Dom\u016f\",\"item\":\"https:\/\/cestysemtam.cz\/\"},{\"@type\":\"ListItem\",\"position\":2,\"name\":\"L\u00e1zn\u011b B\u011blohrad: m\u011bsto v srdci Podkrkono\u0161\u00ed, kde se l\u00e9\u010d\u00ed t\u011blo i du\u0161e\"}]},{\"@type\":\"WebSite\",\"@id\":\"https:\/\/cestysemtam.cz\/#website\",\"url\":\"https:\/\/cestysemtam.cz\/\",\"name\":\"Cesty Sem Tam\",\"description\":\"Cestovatelsk\u00fd blog\",\"publisher\":{\"@id\":\"https:\/\/cestysemtam.cz\/#organization\"},\"potentialAction\":[{\"@type\":\"SearchAction\",\"target\":{\"@type\":\"EntryPoint\",\"urlTemplate\":\"https:\/\/cestysemtam.cz\/?s={search_term_string}\"},\"query-input\":{\"@type\":\"PropertyValueSpecification\",\"valueRequired\":true,\"valueName\":\"search_term_string\"}}],\"inLanguage\":\"en-GB\"},{\"@type\":\"Organization\",\"@id\":\"https:\/\/cestysemtam.cz\/#organization\",\"name\":\"Cesty Sem Tam\",\"url\":\"https:\/\/cestysemtam.cz\/\",\"logo\":{\"@type\":\"ImageObject\",\"inLanguage\":\"en-GB\",\"@id\":\"https:\/\/cestysemtam.cz\/#\/schema\/logo\/image\/\",\"url\":\"https:\/\/cestysemtam.cz\/wp-content\/uploads\/2023\/12\/logo-Cesty-Sem-Tam-1000px.png\",\"contentUrl\":\"https:\/\/cestysemtam.cz\/wp-content\/uploads\/2023\/12\/logo-Cesty-Sem-Tam-1000px.png\",\"width\":1000,\"height\":249,\"caption\":\"Cesty Sem Tam\"},\"image\":{\"@id\":\"https:\/\/cestysemtam.cz\/#\/schema\/logo\/image\/\"},\"sameAs\":[\"https:\/\/www.facebook.com\/profile.php?id=61572455318171\",\"https:\/\/x.com\/Cestysemtam\",\"https:\/\/www.instagram.com\/cestysemtam\/\",\"https:\/\/cz.pinterest.com\/katka1430\/_created\/\"]},{\"@type\":\"Person\",\"@id\":\"https:\/\/cestysemtam.cz\/#\/schema\/person\/2fcc6bbe4d0fc0052a39d9e68b43ea56\",\"name\":\"kata\",\"url\":\"https:\/\/cestysemtam.cz\/en\/author\/kata\/\"}]}<\/script>\n<!-- \/ Yoast SEO plugin. -->","yoast_head_json":{"title":"L\u00e1zn\u011b B\u011blohrad: m\u011bsto v srdci Podkrkono\u0161\u00ed, kde se l\u00e9\u010d\u00ed t\u011blo i du\u0161e - Cesty Sem Tam","robots":{"index":"index","follow":"follow","max-snippet":"max-snippet:-1","max-image-preview":"max-image-preview:large","max-video-preview":"max-video-preview:-1"},"canonical":"https:\/\/cestysemtam.cz\/en\/cesko\/lazne-belohrad-mesto-v-srdci-podkrkonosi-kde-se-leci-telo-i-duse\/","og_locale":"en_GB","og_type":"article","og_title":"L\u00e1zn\u011b B\u011blohrad: m\u011bsto v srdci Podkrkono\u0161\u00ed, kde se l\u00e9\u010d\u00ed t\u011blo i du\u0161e - Cesty Sem Tam","og_description":"Mezi zelen\u00fdmi kopci Podkrkono\u0161\u00ed, v m\u00edstech, kde se vzduch m\u00eds\u00ed s v\u016fn\u00ed lesa a ra\u0161eliny, le\u017e\u00ed L\u00e1zn\u011b B\u011blohrad. Pokud tedy hled\u00e1te m\u00edsto, kde se d\u00e1 spojit odpo\u010dinek, wellness a v\u00fdlety do n\u00e1dhern\u00e9 p\u0159\u00edrody, pak jste tady spr\u00e1vn\u011b. &nbsp; Slatinn\u00e9 l\u00e1zn\u011b P\u0159\u00edb\u011bh n\u011bkdej\u0161\u00edho \u0161lechtick\u00e9ho s\u00eddla, dnes poklidn\u00fdch l\u00e1zn\u00ed s l\u00e9\u010divou silou p\u0159\u00edrody, se za\u010dal ps\u00e1t na [&hellip;]","og_url":"https:\/\/cestysemtam.cz\/en\/cesko\/lazne-belohrad-mesto-v-srdci-podkrkonosi-kde-se-leci-telo-i-duse\/","og_site_name":"Cesty Sem Tam","article_publisher":"https:\/\/www.facebook.com\/profile.php?id=61572455318171","article_published_time":"2025-07-20T15:00:52+00:00","article_modified_time":"2025-07-20T17:01:12+00:00","og_image":[{"width":1300,"height":867,"url":"https:\/\/cestysemtam.cz\/wp-content\/uploads\/2025\/07\/00_UVODNI_Lazne_Belohrad.jpg","type":"image\/jpeg"}],"author":"kata","twitter_card":"summary_large_image","twitter_creator":"@Cestysemtam","twitter_site":"@Cestysemtam","twitter_misc":{"Written by":"kata","Estimated reading time":"11 minutes"},"schema":{"@context":"https:\/\/schema.org","@graph":[{"@type":"Article","@id":"https:\/\/cestysemtam.cz\/cesko\/lazne-belohrad-mesto-v-srdci-podkrkonosi-kde-se-leci-telo-i-duse\/#article","isPartOf":{"@id":"https:\/\/cestysemtam.cz\/cesko\/lazne-belohrad-mesto-v-srdci-podkrkonosi-kde-se-leci-telo-i-duse\/"},"author":{"name":"kata","@id":"https:\/\/cestysemtam.cz\/#\/schema\/person\/2fcc6bbe4d0fc0052a39d9e68b43ea56"},"headline":"L\u00e1zn\u011b B\u011blohrad: m\u011bsto v srdci Podkrkono\u0161\u00ed, kde se l\u00e9\u010d\u00ed t\u011blo i du\u0161e","datePublished":"2025-07-20T15:00:52+00:00","dateModified":"2025-07-20T17:01:12+00:00","mainEntityOfPage":{"@id":"https:\/\/cestysemtam.cz\/cesko\/lazne-belohrad-mesto-v-srdci-podkrkonosi-kde-se-leci-telo-i-duse\/"},"wordCount":2283,"publisher":{"@id":"https:\/\/cestysemtam.cz\/#organization"},"image":{"@id":"https:\/\/cestysemtam.cz\/cesko\/lazne-belohrad-mesto-v-srdci-podkrkonosi-kde-se-leci-telo-i-duse\/#primaryimage"},"thumbnailUrl":"https:\/\/cestysemtam.cz\/wp-content\/uploads\/2025\/07\/00_UVODNI_Lazne_Belohrad.jpg","keywords":["Kostely","L\u00e1zn\u011b","Nau\u010dn\u00e9 stezky","Parky","Prameny","Z\u00e1mky"],"articleSection":["\u010cesko"],"inLanguage":"en-GB"},{"@type":"WebPage","@id":"https:\/\/cestysemtam.cz\/cesko\/lazne-belohrad-mesto-v-srdci-podkrkonosi-kde-se-leci-telo-i-duse\/","url":"https:\/\/cestysemtam.cz\/cesko\/lazne-belohrad-mesto-v-srdci-podkrkonosi-kde-se-leci-telo-i-duse\/","name":"L\u00e1zn\u011b B\u011blohrad: m\u011bsto v srdci Podkrkono\u0161\u00ed, kde se l\u00e9\u010d\u00ed t\u011blo i du\u0161e - Cesty Sem Tam","isPartOf":{"@id":"https:\/\/cestysemtam.cz\/#website"},"primaryImageOfPage":{"@id":"https:\/\/cestysemtam.cz\/cesko\/lazne-belohrad-mesto-v-srdci-podkrkonosi-kde-se-leci-telo-i-duse\/#primaryimage"},"image":{"@id":"https:\/\/cestysemtam.cz\/cesko\/lazne-belohrad-mesto-v-srdci-podkrkonosi-kde-se-leci-telo-i-duse\/#primaryimage"},"thumbnailUrl":"https:\/\/cestysemtam.cz\/wp-content\/uploads\/2025\/07\/00_UVODNI_Lazne_Belohrad.jpg","datePublished":"2025-07-20T15:00:52+00:00","dateModified":"2025-07-20T17:01:12+00:00","breadcrumb":{"@id":"https:\/\/cestysemtam.cz\/cesko\/lazne-belohrad-mesto-v-srdci-podkrkonosi-kde-se-leci-telo-i-duse\/#breadcrumb"},"inLanguage":"en-GB","potentialAction":[{"@type":"ReadAction","target":["https:\/\/cestysemtam.cz\/cesko\/lazne-belohrad-mesto-v-srdci-podkrkonosi-kde-se-leci-telo-i-duse\/"]}]},{"@type":"ImageObject","inLanguage":"en-GB","@id":"https:\/\/cestysemtam.cz\/cesko\/lazne-belohrad-mesto-v-srdci-podkrkonosi-kde-se-leci-telo-i-duse\/#primaryimage","url":"https:\/\/cestysemtam.cz\/wp-content\/uploads\/2025\/07\/00_UVODNI_Lazne_Belohrad.jpg","contentUrl":"https:\/\/cestysemtam.cz\/wp-content\/uploads\/2025\/07\/00_UVODNI_Lazne_Belohrad.jpg","width":1300,"height":867},{"@type":"BreadcrumbList","@id":"https:\/\/cestysemtam.cz\/cesko\/lazne-belohrad-mesto-v-srdci-podkrkonosi-kde-se-leci-telo-i-duse\/#breadcrumb","itemListElement":[{"@type":"ListItem","position":1,"name":"Dom\u016f","item":"https:\/\/cestysemtam.cz\/"},{"@type":"ListItem","position":2,"name":"L\u00e1zn\u011b B\u011blohrad: m\u011bsto v srdci Podkrkono\u0161\u00ed, kde se l\u00e9\u010d\u00ed t\u011blo i du\u0161e"}]},{"@type":"WebSite","@id":"https:\/\/cestysemtam.cz\/#website","url":"https:\/\/cestysemtam.cz\/","name":"Cesty Sem Tam","description":"Cestovatelsk\u00fd blog","publisher":{"@id":"https:\/\/cestysemtam.cz\/#organization"},"potentialAction":[{"@type":"SearchAction","target":{"@type":"EntryPoint","urlTemplate":"https:\/\/cestysemtam.cz\/?s={search_term_string}"},"query-input":{"@type":"PropertyValueSpecification","valueRequired":true,"valueName":"search_term_string"}}],"inLanguage":"en-GB"},{"@type":"Organization","@id":"https:\/\/cestysemtam.cz\/#organization","name":"Cesty Sem Tam","url":"https:\/\/cestysemtam.cz\/","logo":{"@type":"ImageObject","inLanguage":"en-GB","@id":"https:\/\/cestysemtam.cz\/#\/schema\/logo\/image\/","url":"https:\/\/cestysemtam.cz\/wp-content\/uploads\/2023\/12\/logo-Cesty-Sem-Tam-1000px.png","contentUrl":"https:\/\/cestysemtam.cz\/wp-content\/uploads\/2023\/12\/logo-Cesty-Sem-Tam-1000px.png","width":1000,"height":249,"caption":"Cesty Sem Tam"},"image":{"@id":"https:\/\/cestysemtam.cz\/#\/schema\/logo\/image\/"},"sameAs":["https:\/\/www.facebook.com\/profile.php?id=61572455318171","https:\/\/x.com\/Cestysemtam","https:\/\/www.instagram.com\/cestysemtam\/","https:\/\/cz.pinterest.com\/katka1430\/_created\/"]},{"@type":"Person","@id":"https:\/\/cestysemtam.cz\/#\/schema\/person\/2fcc6bbe4d0fc0052a39d9e68b43ea56","name":"kata","url":"https:\/\/cestysemtam.cz\/en\/author\/kata\/"}]}},"_links":{"self":[{"href":"https:\/\/cestysemtam.cz\/en\/wp-json\/wp\/v2\/posts\/7195","targetHints":{"allow":["GET"]}}],"collection":[{"href":"https:\/\/cestysemtam.cz\/en\/wp-json\/wp\/v2\/posts"}],"about":[{"href":"https:\/\/cestysemtam.cz\/en\/wp-json\/wp\/v2\/types\/post"}],"author":[{"embeddable":true,"href":"https:\/\/cestysemtam.cz\/en\/wp-json\/wp\/v2\/users\/3"}],"replies":[{"embeddable":true,"href":"https:\/\/cestysemtam.cz\/en\/wp-json\/wp\/v2\/comments?post=7195"}],"version-history":[{"count":32,"href":"https:\/\/cestysemtam.cz\/en\/wp-json\/wp\/v2\/posts\/7195\/revisions"}],"predecessor-version":[{"id":7253,"href":"https:\/\/cestysemtam.cz\/en\/wp-json\/wp\/v2\/posts\/7195\/revisions\/7253"}],"wp:featuredmedia":[{"embeddable":true,"href":"https:\/\/cestysemtam.cz\/en\/wp-json\/wp\/v2\/media\/7197"}],"wp:attachment":[{"href":"https:\/\/cestysemtam.cz\/en\/wp-json\/wp\/v2\/media?parent=7195"}],"wp:term":[{"taxonomy":"category","embeddable":true,"href":"https:\/\/cestysemtam.cz\/en\/wp-json\/wp\/v2\/categories?post=7195"},{"taxonomy":"post_tag","embeddable":true,"href":"https:\/\/cestysemtam.cz\/en\/wp-json\/wp\/v2\/tags?post=7195"}],"curies":[{"name":"wp","href":"https:\/\/api.w.org\/{rel}","templated":true}]}}