{"id":7762,"date":"2025-09-02T08:49:12","date_gmt":"2025-09-02T07:49:12","guid":{"rendered":"https:\/\/cestysemtam.cz\/?p=7762"},"modified":"2025-09-02T09:37:07","modified_gmt":"2025-09-02T08:37:07","slug":"praha-z-ptaci-perspektivy-prochazka-v-oblacich-po-osmi-ikonickych-vezich","status":"publish","type":"post","link":"https:\/\/cestysemtam.cz\/en\/cesko\/praha-z-ptaci-perspektivy-prochazka-v-oblacich-po-osmi-ikonickych-vezich\/","title":{"rendered":"Prague from a bird's-eye view: a walk in the clouds across eight iconic towers"},"content":{"rendered":"<p>Tired of weaving through crowds in Prague's narrow streets? Have you ever wished to see Prague from a different perspective? We swapped the traditional view from the ground for the most stunning one possible\u2014the view from above.<\/p>\n<p>We embarked on a pilgrimage to eight of Prague\u2019s most magnificent towers, which are not just silent guardians of history but living gateways to spectacular panoramas.<\/p>\n<p>Your breath will catch at the mosaic of old rooftops that look like the backs of sleepy cats. You\u2019ll discover hidden green courtyards you never knew existed. From above, the Vltava River is a tranquil ribbon, its surface crossed by elegant swans and bustling tourist boats. You\u2019ll see how historic squares intertwine with winding streets to form one living organism.<\/p>\n<p>Come along with us as we share excerpts from our travel diary and let yourself be tempted. Perhaps the next time you\u2019re in Prague, you\u2019ll trade a few steps on the Charles Bridge for a climb that offers the most mesmerizing show of all\u2014Prague in the starring role, as you\u2019ve never seen it before.<\/p>\n<p>&nbsp;<\/p>\n<h4>Pet\u0159\u00edn Lookout Tower<\/h4>\n<p>We began our adventurous journey at the \"<a href=\"https:\/\/prague.eu\/en\/objevujte\/petrin-tower-petrinska-rozhledna\/\" target=\"_blank\" rel=\"noopener\">Prague Eiffel Tower<\/a>,\" one of the city's main landmarks.<\/p>\n\n\t\t<style type=\"text\/css\">\n\t\t\t#gallery-1 {\n\t\t\t\tmargin: auto;\n\t\t\t}\n\t\t\t#gallery-1 .gallery-item {\n\t\t\t\tfloat: left;\n\t\t\t\tmargin-top: 10px;\n\t\t\t\ttext-align: center;\n\t\t\t\twidth: 50%;\n\t\t\t}\n\t\t\t#gallery-1 img {\n\t\t\t\tborder: 2px solid #cfcfcf;\n\t\t\t}\n\t\t\t#gallery-1 .gallery-caption {\n\t\t\t\tmargin-left: 0;\n\t\t\t}\n\t\t\t\/* see gallery_shortcode() in wp-includes\/media.php *\/\n\t\t<\/style>\n\t\t<div id='gallery-1' class='gallery galleryid-7762 gallery-columns-2 gallery-size-large'><dl class='gallery-item'>\n\t\t\t<dt class='gallery-icon portrait'>\n\t\t\t\t<a href='https:\/\/cestysemtam.cz\/wp-content\/uploads\/2025\/09\/01_Praha_Petrinska_rozledna_PB.jpg'><img loading=\"lazy\" decoding=\"async\" width=\"809\" height=\"1024\" src=\"https:\/\/cestysemtam.cz\/wp-content\/uploads\/2025\/09\/01_Praha_Petrinska_rozledna_PB-809x1024.jpg\" class=\"attachment-large size-large\" alt=\"\" aria-describedby=\"gallery-1-7807\" srcset=\"https:\/\/cestysemtam.cz\/wp-content\/uploads\/2025\/09\/01_Praha_Petrinska_rozledna_PB-809x1024.jpg 809w, https:\/\/cestysemtam.cz\/wp-content\/uploads\/2025\/09\/01_Praha_Petrinska_rozledna_PB-480x608.jpg 480w\" sizes=\"(min-width: 0px) and (max-width: 480px) 480px, (min-width: 481px) 809px, 100vw\" \/><\/a>\n\t\t\t<\/dt>\n\t\t\t\t<dd class='wp-caption-text gallery-caption' id='gallery-1-7807'>\n\t\t\t\tPet\u0159\u00edn Lookout Tower\n\t\t\t\t<\/dd><\/dl><dl class='gallery-item'>\n\t\t\t<dt class='gallery-icon portrait'>\n\t\t\t\t<a href='https:\/\/cestysemtam.cz\/wp-content\/uploads\/2025\/09\/02_Praha_Petrinska_rozledna_PB.jpg'><img loading=\"lazy\" decoding=\"async\" width=\"809\" height=\"1024\" src=\"https:\/\/cestysemtam.cz\/wp-content\/uploads\/2025\/09\/02_Praha_Petrinska_rozledna_PB-809x1024.jpg\" class=\"attachment-large size-large\" alt=\"\" aria-describedby=\"gallery-1-7808\" srcset=\"https:\/\/cestysemtam.cz\/wp-content\/uploads\/2025\/09\/02_Praha_Petrinska_rozledna_PB-809x1024.jpg 809w, https:\/\/cestysemtam.cz\/wp-content\/uploads\/2025\/09\/02_Praha_Petrinska_rozledna_PB-480x608.jpg 480w\" sizes=\"(min-width: 0px) and (max-width: 480px) 480px, (min-width: 481px) 809px, 100vw\" \/><\/a>\n\t\t\t<\/dt>\n\t\t\t\t<dd class='wp-caption-text gallery-caption' id='gallery-1-7808'>\n\t\t\t\tPet\u0159\u00edn Lookout Tower\n\t\t\t\t<\/dd><\/dl><br style=\"clear: both\" \/>\n\t\t<\/div>\n\n<p>This steel beauty was built at the urging of the <strong>Czech Tourist Club<\/strong>, which fell in love with the Eiffel Tower at the World's Fair in Paris. The nearly sixty-meter-tall Pet\u0159\u00edn Lookout Tower, constructed in the 19th century for the Jubilee Exhibition, rises atop its namesake hill and offers breathtaking views not only of the nearby Prague Castle and Lesser Town but also of the Prague panorama, and even distant landmarks like \u0158\u00edp Mountain and the Ore Mountains.<\/p>\n<p>We enjoyed this magnificent view from the <strong>observation platform<\/strong> after climbing a total of 299 steps. However, you can also use the cable elevator located in the centre of the structure or just climb to the lower platform at a height of 20 meters. If your physical condition allows it, it's better to walk to the top of the tower like we did, as crowds of tourists usually gather around the elevator.<\/p>\n\n\t\t<style type=\"text\/css\">\n\t\t\t#gallery-2 {\n\t\t\t\tmargin: auto;\n\t\t\t}\n\t\t\t#gallery-2 .gallery-item {\n\t\t\t\tfloat: left;\n\t\t\t\tmargin-top: 10px;\n\t\t\t\ttext-align: center;\n\t\t\t\twidth: 50%;\n\t\t\t}\n\t\t\t#gallery-2 img {\n\t\t\t\tborder: 2px solid #cfcfcf;\n\t\t\t}\n\t\t\t#gallery-2 .gallery-caption {\n\t\t\t\tmargin-left: 0;\n\t\t\t}\n\t\t\t\/* see gallery_shortcode() in wp-includes\/media.php *\/\n\t\t<\/style>\n\t\t<div id='gallery-2' class='gallery galleryid-7762 gallery-columns-2 gallery-size-large'><dl class='gallery-item'>\n\t\t\t<dt class='gallery-icon landscape'>\n\t\t\t\t<a href='https:\/\/cestysemtam.cz\/wp-content\/uploads\/2025\/09\/03_Praha_Petrinska_rozledna_vyhled.jpg'><img loading=\"lazy\" decoding=\"async\" width=\"1024\" height=\"720\" src=\"https:\/\/cestysemtam.cz\/wp-content\/uploads\/2025\/09\/03_Praha_Petrinska_rozledna_vyhled-1024x720.jpg\" class=\"attachment-large size-large\" alt=\"\" aria-describedby=\"gallery-2-7809\" srcset=\"https:\/\/cestysemtam.cz\/wp-content\/uploads\/2025\/09\/03_Praha_Petrinska_rozledna_vyhled-980x689.jpg 980w, https:\/\/cestysemtam.cz\/wp-content\/uploads\/2025\/09\/03_Praha_Petrinska_rozledna_vyhled-480x337.jpg 480w\" sizes=\"(min-width: 0px) and (max-width: 480px) 480px, (min-width: 481px) and (max-width: 980px) 980px, (min-width: 981px) 1024px, 100vw\" \/><\/a>\n\t\t\t<\/dt>\n\t\t\t\t<dd class='wp-caption-text gallery-caption' id='gallery-2-7809'>\n\t\t\t\tView from the Pet\u0159\u00edn Tower\n\t\t\t\t<\/dd><\/dl><dl class='gallery-item'>\n\t\t\t<dt class='gallery-icon landscape'>\n\t\t\t\t<a href='https:\/\/cestysemtam.cz\/wp-content\/uploads\/2025\/09\/04_Praha_Petrinska_rozledna_vyhled.jpg'><img loading=\"lazy\" decoding=\"async\" width=\"1024\" height=\"720\" src=\"https:\/\/cestysemtam.cz\/wp-content\/uploads\/2025\/09\/04_Praha_Petrinska_rozledna_vyhled-1024x720.jpg\" class=\"attachment-large size-large\" alt=\"\" aria-describedby=\"gallery-2-7810\" srcset=\"https:\/\/cestysemtam.cz\/wp-content\/uploads\/2025\/09\/04_Praha_Petrinska_rozledna_vyhled-980x689.jpg 980w, https:\/\/cestysemtam.cz\/wp-content\/uploads\/2025\/09\/04_Praha_Petrinska_rozledna_vyhled-480x338.jpg 480w\" sizes=\"(min-width: 0px) and (max-width: 480px) 480px, (min-width: 481px) and (max-width: 980px) 980px, (min-width: 981px) 1024px, 100vw\" \/><\/a>\n\t\t\t<\/dt>\n\t\t\t\t<dd class='wp-caption-text gallery-caption' id='gallery-2-7810'>\n\t\t\t\tView from the Pet\u0159\u00edn Tower\n\t\t\t\t<\/dd><\/dl><br style=\"clear: both\" \/>\n\t\t<\/div>\n\n<p>The base of the tower is formed by a Neo-Renaissance masonry building, where we had the chance to explore a permanent exhibition about the transformations of Pet\u0159\u00edn Hill. However, we cannot recommend the caf\u00e9 and snack bar due to its exorbitant tourist prices. It\u2019s better to bring your own bottle of water instead.<\/p>\n<p>The lookout tower itself can be easily reached on foot from Strahov Monastery, or you can take the <strong><a href=\"https:\/\/www.dpp.cz\/en\/entertainment-and-experience\/funicular-to-petrin\" target=\"_blank\" rel=\"noopener\">Pet\u0159\u00edn funicular<\/a><\/strong> from the \u00dajezd stop.<\/p>\n<p>It's also worth mentioning that during the Nazi occupation, <strong>Adolf Hitler<\/strong> expressed a desire to have the tower demolished because, in his opinion, it spoiled the view from Prague Castle. Fortunately, this never ultimately came to pass.<\/p>\n<p>Address: Pet\u0159\u00ednsk\u00e9 sady 633, Prague<\/p>\n<p>&nbsp;<\/p>\n<h4>Mirror Maze<\/h4>\n<p>Just a few steps from the lookout tower is the <a href=\"https:\/\/prague.eu\/en\/objevujte\/mirror-maze-zrcadlove-bludiste-na-petrine\/\" target=\"_blank\" rel=\"noopener\">Mirror Maze<\/a>, one of the most curious structures in Prague. The maze, originally located near the Industrial Palace at the Exhibition Grounds in Hole\u0161ovice, was built as a wooden pavilion for the Czech Tourist Club. The entire structure is a replica of the former Gothic Vy\u0161ehrad gate called \u0160pi\u010dka, which was crowned with nine small towers.<\/p>\n\n\t\t<style type=\"text\/css\">\n\t\t\t#gallery-3 {\n\t\t\t\tmargin: auto;\n\t\t\t}\n\t\t\t#gallery-3 .gallery-item {\n\t\t\t\tfloat: left;\n\t\t\t\tmargin-top: 10px;\n\t\t\t\ttext-align: center;\n\t\t\t\twidth: 50%;\n\t\t\t}\n\t\t\t#gallery-3 img {\n\t\t\t\tborder: 2px solid #cfcfcf;\n\t\t\t}\n\t\t\t#gallery-3 .gallery-caption {\n\t\t\t\tmargin-left: 0;\n\t\t\t}\n\t\t\t\/* see gallery_shortcode() in wp-includes\/media.php *\/\n\t\t<\/style>\n\t\t<div id='gallery-3' class='gallery galleryid-7762 gallery-columns-2 gallery-size-large'><dl class='gallery-item'>\n\t\t\t<dt class='gallery-icon landscape'>\n\t\t\t\t<a href='https:\/\/cestysemtam.cz\/wp-content\/uploads\/2025\/09\/05_Praha_Zrcadlove_bludiste.jpg'><img loading=\"lazy\" decoding=\"async\" width=\"1024\" height=\"720\" src=\"https:\/\/cestysemtam.cz\/wp-content\/uploads\/2025\/09\/05_Praha_Zrcadlove_bludiste-1024x720.jpg\" class=\"attachment-large size-large\" alt=\"\" aria-describedby=\"gallery-3-7811\" srcset=\"https:\/\/cestysemtam.cz\/wp-content\/uploads\/2025\/09\/05_Praha_Zrcadlove_bludiste-980x689.jpg 980w, https:\/\/cestysemtam.cz\/wp-content\/uploads\/2025\/09\/05_Praha_Zrcadlove_bludiste-480x338.jpg 480w\" sizes=\"(min-width: 0px) and (max-width: 480px) 480px, (min-width: 481px) and (max-width: 980px) 980px, (min-width: 981px) 1024px, 100vw\" \/><\/a>\n\t\t\t<\/dt>\n\t\t\t\t<dd class='wp-caption-text gallery-caption' id='gallery-3-7811'>\n\t\t\t\tFight of the Praguers with the Swedes\n\t\t\t\t<\/dd><\/dl><dl class='gallery-item'>\n\t\t\t<dt class='gallery-icon landscape'>\n\t\t\t\t<a href='https:\/\/cestysemtam.cz\/wp-content\/uploads\/2025\/09\/06_Praha_Petrinsky_vrch.jpg'><img loading=\"lazy\" decoding=\"async\" width=\"1024\" height=\"720\" src=\"https:\/\/cestysemtam.cz\/wp-content\/uploads\/2025\/09\/06_Praha_Petrinsky_vrch-1024x720.jpg\" class=\"attachment-large size-large\" alt=\"\" aria-describedby=\"gallery-3-7812\" srcset=\"https:\/\/cestysemtam.cz\/wp-content\/uploads\/2025\/09\/06_Praha_Petrinsky_vrch-980x689.jpg 980w, https:\/\/cestysemtam.cz\/wp-content\/uploads\/2025\/09\/06_Praha_Petrinsky_vrch-480x338.jpg 480w\" sizes=\"(min-width: 0px) and (max-width: 480px) 480px, (min-width: 481px) and (max-width: 980px) 980px, (min-width: 981px) 1024px, 100vw\" \/><\/a>\n\t\t\t<\/dt>\n\t\t\t\t<dd class='wp-caption-text gallery-caption' id='gallery-3-7812'>\n\t\t\t\tView from Pet\u0159\u00edn Hill\n\t\t\t\t<\/dd><\/dl><br style=\"clear: both\" \/>\n\t\t<\/div>\n\n<p>Inside, we walked through a mirror maze, inspired by the one in Vienna's Prater, all the way to an impressive diorama depicting the fight of the Praguers with the Swedes on Charles Bridge in 1648. This work, measuring 80 square metres, was created in just 50 days.<\/p>\n<p>The last room, called the <strong>Hall of Laughter<\/strong>, is equipped with distorting mirrors that turned us into dwarfs, lanky giants, or chubby figures. On the very roof of the building, there is a weather vane bearing the names of all the craftsmen who took part in its construction.<\/p>\n<p>&nbsp;<\/p>\n<h4>Saint Nicholas Municipal Bell Tower<\/h4>\n<p>From the top of the hill, we walked comfortably down through Pet\u0159\u00edn Gardens to \u00dajezd and headed towards Malostransk\u00e9 Square, where the Saint Nicholas Bell Tower stands proudly.<\/p>\n\n\t\t<style type=\"text\/css\">\n\t\t\t#gallery-4 {\n\t\t\t\tmargin: auto;\n\t\t\t}\n\t\t\t#gallery-4 .gallery-item {\n\t\t\t\tfloat: left;\n\t\t\t\tmargin-top: 10px;\n\t\t\t\ttext-align: center;\n\t\t\t\twidth: 50%;\n\t\t\t}\n\t\t\t#gallery-4 img {\n\t\t\t\tborder: 2px solid #cfcfcf;\n\t\t\t}\n\t\t\t#gallery-4 .gallery-caption {\n\t\t\t\tmargin-left: 0;\n\t\t\t}\n\t\t\t\/* see gallery_shortcode() in wp-includes\/media.php *\/\n\t\t<\/style>\n\t\t<div id='gallery-4' class='gallery galleryid-7762 gallery-columns-2 gallery-size-large'><dl class='gallery-item'>\n\t\t\t<dt class='gallery-icon landscape'>\n\t\t\t\t<a href='https:\/\/cestysemtam.cz\/wp-content\/uploads\/2025\/09\/07_Praha_Svatomikulasska_zvonice_PB.jpg'><img loading=\"lazy\" decoding=\"async\" width=\"1024\" height=\"720\" src=\"https:\/\/cestysemtam.cz\/wp-content\/uploads\/2025\/09\/07_Praha_Svatomikulasska_zvonice_PB-1024x720.jpg\" class=\"attachment-large size-large\" alt=\"\" aria-describedby=\"gallery-4-7813\" srcset=\"https:\/\/cestysemtam.cz\/wp-content\/uploads\/2025\/09\/07_Praha_Svatomikulasska_zvonice_PB-980x689.jpg 980w, https:\/\/cestysemtam.cz\/wp-content\/uploads\/2025\/09\/07_Praha_Svatomikulasska_zvonice_PB-480x338.jpg 480w\" sizes=\"(min-width: 0px) and (max-width: 480px) 480px, (min-width: 481px) and (max-width: 980px) 980px, (min-width: 981px) 1024px, 100vw\" \/><\/a>\n\t\t\t<\/dt>\n\t\t\t\t<dd class='wp-caption-text gallery-caption' id='gallery-4-7813'>\n\t\t\t\tSt. Nicholas Bell Tower\n\t\t\t\t<\/dd><\/dl><dl class='gallery-item'>\n\t\t\t<dt class='gallery-icon landscape'>\n\t\t\t\t<a href='https:\/\/cestysemtam.cz\/wp-content\/uploads\/2025\/09\/08_Praha_Svatomikulasska_zvonice_vyhled.jpg'><img loading=\"lazy\" decoding=\"async\" width=\"1024\" height=\"720\" src=\"https:\/\/cestysemtam.cz\/wp-content\/uploads\/2025\/09\/08_Praha_Svatomikulasska_zvonice_vyhled-1024x720.jpg\" class=\"attachment-large size-large\" alt=\"\" aria-describedby=\"gallery-4-7814\" srcset=\"https:\/\/cestysemtam.cz\/wp-content\/uploads\/2025\/09\/08_Praha_Svatomikulasska_zvonice_vyhled-980x689.jpg 980w, https:\/\/cestysemtam.cz\/wp-content\/uploads\/2025\/09\/08_Praha_Svatomikulasska_zvonice_vyhled-480x338.jpg 480w\" sizes=\"(min-width: 0px) and (max-width: 480px) 480px, (min-width: 481px) and (max-width: 980px) 980px, (min-width: 981px) 1024px, 100vw\" \/><\/a>\n\t\t\t<\/dt>\n\t\t\t\t<dd class='wp-caption-text gallery-caption' id='gallery-4-7814'>\n\t\t\t\tView from the bell tower\n\t\t\t\t<\/dd><\/dl><br style=\"clear: both\" \/>\n\t\t<\/div>\n\n<p><a href=\"https:\/\/prague.eu\/en\/objevujte\/st-nicholas-bell-tower-svatomikulasska-mestska-zvonice\/\" target=\"_blank\" rel=\"noopener\">The Baroque bell tower<\/a>, which once served as a fire watchtower and clock tower, was built in the 18th century by the famous architect Kili\u00e1n Ign\u00e1c Dientzenhofer. The height of the tower is exactly the same as the dome of the adjacent Church of Saint Nicholas, although it was never a part of it and has always belonged to the municipal property, which is also indicated by the coat of arms of the Lesser Town above the tower's entrance.<\/p>\n<p>During the Communist regime, the tower served as an <strong>observation post for the State Security<\/strong>, thanks to its advantageous location near many foreign embassies of the former Western Bloc.<\/p>\n\n\t\t<style type=\"text\/css\">\n\t\t\t#gallery-5 {\n\t\t\t\tmargin: auto;\n\t\t\t}\n\t\t\t#gallery-5 .gallery-item {\n\t\t\t\tfloat: left;\n\t\t\t\tmargin-top: 10px;\n\t\t\t\ttext-align: center;\n\t\t\t\twidth: 50%;\n\t\t\t}\n\t\t\t#gallery-5 img {\n\t\t\t\tborder: 2px solid #cfcfcf;\n\t\t\t}\n\t\t\t#gallery-5 .gallery-caption {\n\t\t\t\tmargin-left: 0;\n\t\t\t}\n\t\t\t\/* see gallery_shortcode() in wp-includes\/media.php *\/\n\t\t<\/style>\n\t\t<div id='gallery-5' class='gallery galleryid-7762 gallery-columns-2 gallery-size-large'><dl class='gallery-item'>\n\t\t\t<dt class='gallery-icon landscape'>\n\t\t\t\t<a href='https:\/\/cestysemtam.cz\/wp-content\/uploads\/2025\/09\/09_Praha_Svatomikulasska_zvonice_PB.jpg'><img loading=\"lazy\" decoding=\"async\" width=\"1024\" height=\"720\" src=\"https:\/\/cestysemtam.cz\/wp-content\/uploads\/2025\/09\/09_Praha_Svatomikulasska_zvonice_PB-1024x720.jpg\" class=\"attachment-large size-large\" alt=\"\" aria-describedby=\"gallery-5-7815\" srcset=\"https:\/\/cestysemtam.cz\/wp-content\/uploads\/2025\/09\/09_Praha_Svatomikulasska_zvonice_PB-980x689.jpg 980w, https:\/\/cestysemtam.cz\/wp-content\/uploads\/2025\/09\/09_Praha_Svatomikulasska_zvonice_PB-480x338.jpg 480w\" sizes=\"(min-width: 0px) and (max-width: 480px) 480px, (min-width: 481px) and (max-width: 980px) 980px, (min-width: 981px) 1024px, 100vw\" \/><\/a>\n\t\t\t<\/dt>\n\t\t\t\t<dd class='wp-caption-text gallery-caption' id='gallery-5-7815'>\n\t\t\t\tSt. Nicholas Bell Tower\n\t\t\t\t<\/dd><\/dl><dl class='gallery-item'>\n\t\t\t<dt class='gallery-icon landscape'>\n\t\t\t\t<a href='https:\/\/cestysemtam.cz\/wp-content\/uploads\/2025\/09\/10_Praha_Svatomikulasska_zvonice_vyhled.jpg'><img loading=\"lazy\" decoding=\"async\" width=\"1024\" height=\"720\" src=\"https:\/\/cestysemtam.cz\/wp-content\/uploads\/2025\/09\/10_Praha_Svatomikulasska_zvonice_vyhled-1024x720.jpg\" class=\"attachment-large size-large\" alt=\"\" aria-describedby=\"gallery-5-7816\" srcset=\"https:\/\/cestysemtam.cz\/wp-content\/uploads\/2025\/09\/10_Praha_Svatomikulasska_zvonice_vyhled-980x689.jpg 980w, https:\/\/cestysemtam.cz\/wp-content\/uploads\/2025\/09\/10_Praha_Svatomikulasska_zvonice_vyhled-480x338.jpg 480w\" sizes=\"(min-width: 0px) and (max-width: 480px) 480px, (min-width: 481px) and (max-width: 980px) 980px, (min-width: 981px) 1024px, 100vw\" \/><\/a>\n\t\t\t<\/dt>\n\t\t\t\t<dd class='wp-caption-text gallery-caption' id='gallery-5-7816'>\n\t\t\t\tView from the bell tower\n\t\t\t\t<\/dd><\/dl><br style=\"clear: both\" \/>\n\t\t<\/div>\n\n<p>A total of 215 steps, mostly masonry, and in the last section wooden, led us to the viewing gallery. The structure also contains a unique <strong>tower keeper's flat<\/strong> including a black kitchen, a Baroque sewerage system and the 16th-century Bell of Saint Nicholas. The apartment itself is a unique example of the living conditions of the lower classes at that time.<\/p>\n<p>It is also worth mentioning that during the 2018 reconstruction, a walled-up corridor with a staircase leading to the tower's underground was discovered. However, the corridor, which is blocked by rubble, has not yet been fully uncovered. Perhaps future research will reveal where the corridor leads and what secrets it holds.<\/p>\n<p>Address: Malostransk\u00e9 n\u00e1m\u011bst\u00ed 556\/29, Prague<\/p>\n<p>&nbsp;<\/p>\n<h4>Lesser Town and Old Town Bridge Towers<\/h4>\n<p>Just opposite the Saint Nicholas Municipal Bell Tower winds Mosteck\u00e1 Street, at the end of which stands Charles Bridge and its Lesser Town Bridge Tower. On the other side of the bridge, the Old Town Bridge Tower rises.<\/p>\n<p>If you want to learn more about these unique architectural gems, read our separate article titled <a href=\"https:\/\/cestysemtam.cz\/cesko\/prazsky-karluv-most-tajemstvim-opredena-cesta-casem-mezi-dvema-vezemi\/\" target=\"_blank\" rel=\"noopener\">Prague's Charles Bridge: a mystery-shrouded journey through time between two towers<\/a>.<\/p>\n<p>&nbsp;<\/p>\n<h4>Clementinum and Old Town Hall<\/h4>\n<p>Just a few steps from the Old Town Bridge Tower lies the Clementinum. This vast Baroque complex is a gateway to the past, where you can find the famous Baroque Library and, above all, the Astronomical Tower with an absolutely stunning view.<\/p>\n<p>From the Clementinum, we then took a pleasant stroll to the Old Town Square, home to one of the Czech Republic's most significant monuments\u2014the Old Town Hall with its Astronomical Clock, where the world stops every hour on the hour.<\/p>\n<p>We have thoroughly explored these two gems\u2014both the Clementinum and the Old Town Hall\u2014and have written a separate article about them titled <a href=\"https:\/\/cestysemtam.cz\/cesko\/prazska-staromestska-radnice-a-klementinum-poklady-plne-historie-a-uchvatnych-vyhledu\/\" target=\"_blank\" rel=\"noopener\">Prague's Old Town Hall and Clementinum: treasures full of history and breathtaking views<\/a>.<\/p>\n<p>&nbsp;<\/p>\n<h4>Powder Gate<\/h4>\n<p>From Old Town Square, we set off down Celetn\u00e1 Street, where at its end another architectural gem awaited us: the late Gothic <a href=\"https:\/\/prague.eu\/en\/objevujte\/powder-gate-tower-prasna-brana\/\" target=\"_blank\" rel=\"noopener\">Powder Gate<\/a>, dating back to the 15th century. This ceremonial structure represents the monumental entrance to the <strong>Royal Route<\/strong>, the path taken by coronation processions of Czech kings on their way to Prague Castle.<\/p>\n\n\t\t<style type=\"text\/css\">\n\t\t\t#gallery-6 {\n\t\t\t\tmargin: auto;\n\t\t\t}\n\t\t\t#gallery-6 .gallery-item {\n\t\t\t\tfloat: left;\n\t\t\t\tmargin-top: 10px;\n\t\t\t\ttext-align: center;\n\t\t\t\twidth: 50%;\n\t\t\t}\n\t\t\t#gallery-6 img {\n\t\t\t\tborder: 2px solid #cfcfcf;\n\t\t\t}\n\t\t\t#gallery-6 .gallery-caption {\n\t\t\t\tmargin-left: 0;\n\t\t\t}\n\t\t\t\/* see gallery_shortcode() in wp-includes\/media.php *\/\n\t\t<\/style>\n\t\t<div id='gallery-6' class='gallery galleryid-7762 gallery-columns-2 gallery-size-large'><dl class='gallery-item'>\n\t\t\t<dt class='gallery-icon portrait'>\n\t\t\t\t<a href='https:\/\/cestysemtam.cz\/wp-content\/uploads\/2025\/09\/11_Praha_Prasna_brana_PB.jpg'><img loading=\"lazy\" decoding=\"async\" width=\"809\" height=\"1024\" src=\"https:\/\/cestysemtam.cz\/wp-content\/uploads\/2025\/09\/11_Praha_Prasna_brana_PB-809x1024.jpg\" class=\"attachment-large size-large\" alt=\"\" aria-describedby=\"gallery-6-7818\" srcset=\"https:\/\/cestysemtam.cz\/wp-content\/uploads\/2025\/09\/11_Praha_Prasna_brana_PB-809x1024.jpg 809w, https:\/\/cestysemtam.cz\/wp-content\/uploads\/2025\/09\/11_Praha_Prasna_brana_PB-480x608.jpg 480w\" sizes=\"(min-width: 0px) and (max-width: 480px) 480px, (min-width: 481px) 809px, 100vw\" \/><\/a>\n\t\t\t<\/dt>\n\t\t\t\t<dd class='wp-caption-text gallery-caption' id='gallery-6-7818'>\n\t\t\t\tPowder Gate\n\t\t\t\t<\/dd><\/dl><dl class='gallery-item'>\n\t\t\t<dt class='gallery-icon portrait'>\n\t\t\t\t<a href='https:\/\/cestysemtam.cz\/wp-content\/uploads\/2025\/09\/12_Praha_Prasna_brana.jpg'><img loading=\"lazy\" decoding=\"async\" width=\"809\" height=\"1024\" src=\"https:\/\/cestysemtam.cz\/wp-content\/uploads\/2025\/09\/12_Praha_Prasna_brana-809x1024.jpg\" class=\"attachment-large size-large\" alt=\"\" aria-describedby=\"gallery-6-7819\" srcset=\"https:\/\/cestysemtam.cz\/wp-content\/uploads\/2025\/09\/12_Praha_Prasna_brana-809x1024.jpg 809w, https:\/\/cestysemtam.cz\/wp-content\/uploads\/2025\/09\/12_Praha_Prasna_brana-480x608.jpg 480w\" sizes=\"(min-width: 0px) and (max-width: 480px) 480px, (min-width: 481px) 809px, 100vw\" \/><\/a>\n\t\t\t<\/dt>\n\t\t\t\t<dd class='wp-caption-text gallery-caption' id='gallery-6-7819'>\n\t\t\t\tStained glass on the Powder Gate\n\t\t\t\t<\/dd><\/dl><br style=\"clear: both\" \/>\n\t\t<\/div>\n\n<p>Standing 65 meters tall, the gate is distinguished by its stone sculptural decorations. From its facade, we can still see the gazes of kings Premysl Ottokar II, Charles IV, George of Pod\u011bbrady, and Vladislav II Jagellonian, in whose honour the Powder Gate was built. Also visible are statues of Czech patrons and saints, including Christ, the Virgin Mary with child, and Adam and Eve.<\/p>\n<p>Above the passageway, a Latin inscription proclaims the following words: \"Behold, Prague. To the honest, I am a mother; to the deceitful, a stepmother. Let those flee, and let those come who themselves desire good.\" On the side facing Na P\u0159\u00edkop\u011b Street, there is an oriel window that once served as a privy.<\/p>\n\n\t\t<style type=\"text\/css\">\n\t\t\t#gallery-7 {\n\t\t\t\tmargin: auto;\n\t\t\t}\n\t\t\t#gallery-7 .gallery-item {\n\t\t\t\tfloat: left;\n\t\t\t\tmargin-top: 10px;\n\t\t\t\ttext-align: center;\n\t\t\t\twidth: 50%;\n\t\t\t}\n\t\t\t#gallery-7 img {\n\t\t\t\tborder: 2px solid #cfcfcf;\n\t\t\t}\n\t\t\t#gallery-7 .gallery-caption {\n\t\t\t\tmargin-left: 0;\n\t\t\t}\n\t\t\t\/* see gallery_shortcode() in wp-includes\/media.php *\/\n\t\t<\/style>\n\t\t<div id='gallery-7' class='gallery galleryid-7762 gallery-columns-2 gallery-size-large'><dl class='gallery-item'>\n\t\t\t<dt class='gallery-icon portrait'>\n\t\t\t\t<a href='https:\/\/cestysemtam.cz\/wp-content\/uploads\/2025\/09\/13_Praha_Prasna_brana.jpg'><img loading=\"lazy\" decoding=\"async\" width=\"809\" height=\"1024\" src=\"https:\/\/cestysemtam.cz\/wp-content\/uploads\/2025\/09\/13_Praha_Prasna_brana-809x1024.jpg\" class=\"attachment-large size-large\" alt=\"\" aria-describedby=\"gallery-7-7820\" srcset=\"https:\/\/cestysemtam.cz\/wp-content\/uploads\/2025\/09\/13_Praha_Prasna_brana-809x1024.jpg 809w, https:\/\/cestysemtam.cz\/wp-content\/uploads\/2025\/09\/13_Praha_Prasna_brana-480x608.jpg 480w\" sizes=\"(min-width: 0px) and (max-width: 480px) 480px, (min-width: 481px) 809px, 100vw\" \/><\/a>\n\t\t\t<\/dt>\n\t\t\t\t<dd class='wp-caption-text gallery-caption' id='gallery-7-7820'>\n\t\t\t\tPowder Gate\n\t\t\t\t<\/dd><\/dl><dl class='gallery-item'>\n\t\t\t<dt class='gallery-icon portrait'>\n\t\t\t\t<a href='https:\/\/cestysemtam.cz\/wp-content\/uploads\/2025\/09\/14_Praha_Prasna_brana.jpg'><img loading=\"lazy\" decoding=\"async\" width=\"809\" height=\"1024\" src=\"https:\/\/cestysemtam.cz\/wp-content\/uploads\/2025\/09\/14_Praha_Prasna_brana-809x1024.jpg\" class=\"attachment-large size-large\" alt=\"\" aria-describedby=\"gallery-7-7821\" srcset=\"https:\/\/cestysemtam.cz\/wp-content\/uploads\/2025\/09\/14_Praha_Prasna_brana-809x1024.jpg 809w, https:\/\/cestysemtam.cz\/wp-content\/uploads\/2025\/09\/14_Praha_Prasna_brana-480x608.jpg 480w\" sizes=\"(min-width: 0px) and (max-width: 480px) 480px, (min-width: 481px) 809px, 100vw\" \/><\/a>\n\t\t\t<\/dt>\n\t\t\t\t<dd class='wp-caption-text gallery-caption' id='gallery-7-7821'>\n\t\t\t\tPowder Gate\n\t\t\t\t<\/dd><\/dl><br style=\"clear: both\" \/>\n\t\t<\/div>\n\n\n\t\t<style type=\"text\/css\">\n\t\t\t#gallery-8 {\n\t\t\t\tmargin: auto;\n\t\t\t}\n\t\t\t#gallery-8 .gallery-item {\n\t\t\t\tfloat: left;\n\t\t\t\tmargin-top: 10px;\n\t\t\t\ttext-align: center;\n\t\t\t\twidth: 50%;\n\t\t\t}\n\t\t\t#gallery-8 img {\n\t\t\t\tborder: 2px solid #cfcfcf;\n\t\t\t}\n\t\t\t#gallery-8 .gallery-caption {\n\t\t\t\tmargin-left: 0;\n\t\t\t}\n\t\t\t\/* see gallery_shortcode() in wp-includes\/media.php *\/\n\t\t<\/style>\n\t\t<div id='gallery-8' class='gallery galleryid-7762 gallery-columns-2 gallery-size-large'><dl class='gallery-item'>\n\t\t\t<dt class='gallery-icon portrait'>\n\t\t\t\t<a href='https:\/\/cestysemtam.cz\/wp-content\/uploads\/2025\/09\/15_Praha_Prasna_brana_vyhled.jpg'><img loading=\"lazy\" decoding=\"async\" width=\"809\" height=\"1024\" src=\"https:\/\/cestysemtam.cz\/wp-content\/uploads\/2025\/09\/15_Praha_Prasna_brana_vyhled-809x1024.jpg\" class=\"attachment-large size-large\" alt=\"\" aria-describedby=\"gallery-8-7822\" srcset=\"https:\/\/cestysemtam.cz\/wp-content\/uploads\/2025\/09\/15_Praha_Prasna_brana_vyhled-809x1024.jpg 809w, https:\/\/cestysemtam.cz\/wp-content\/uploads\/2025\/09\/15_Praha_Prasna_brana_vyhled-480x608.jpg 480w\" sizes=\"(min-width: 0px) and (max-width: 480px) 480px, (min-width: 481px) 809px, 100vw\" \/><\/a>\n\t\t\t<\/dt>\n\t\t\t\t<dd class='wp-caption-text gallery-caption' id='gallery-8-7822'>\n\t\t\t\tView from the Powder Gate\n\t\t\t\t<\/dd><\/dl><dl class='gallery-item'>\n\t\t\t<dt class='gallery-icon portrait'>\n\t\t\t\t<a href='https:\/\/cestysemtam.cz\/wp-content\/uploads\/2025\/09\/16_Praha_Prasna_brana_vyhled.jpg'><img loading=\"lazy\" decoding=\"async\" width=\"809\" height=\"1024\" src=\"https:\/\/cestysemtam.cz\/wp-content\/uploads\/2025\/09\/16_Praha_Prasna_brana_vyhled-809x1024.jpg\" class=\"attachment-large size-large\" alt=\"\" aria-describedby=\"gallery-8-7823\" srcset=\"https:\/\/cestysemtam.cz\/wp-content\/uploads\/2025\/09\/16_Praha_Prasna_brana_vyhled-809x1024.jpg 809w, https:\/\/cestysemtam.cz\/wp-content\/uploads\/2025\/09\/16_Praha_Prasna_brana_vyhled-480x608.jpg 480w\" sizes=\"(min-width: 0px) and (max-width: 480px) 480px, (min-width: 481px) 809px, 100vw\" \/><\/a>\n\t\t\t<\/dt>\n\t\t\t\t<dd class='wp-caption-text gallery-caption' id='gallery-8-7823'>\n\t\t\t\tView from the Powder Gate\n\t\t\t\t<\/dd><\/dl><br style=\"clear: both\" \/>\n\t\t<\/div>\n\n<p>An interesting fact is that even though the gate is named \"Powder,\" there are no real historical sources that confirm it was ever actually used to store gunpowder throughout its long history. Be that as it may, it's undeniable that from its gallery at a height of 44 meters, reached via a stone spiral staircase, you are offered an exceptional view of Prague's historic centre.<\/p>\n<p>Address: n\u00e1m\u011bst\u00ed Republiky 5, Prague<\/p>\n\n\t\t<style type=\"text\/css\">\n\t\t\t#gallery-9 {\n\t\t\t\tmargin: auto;\n\t\t\t}\n\t\t\t#gallery-9 .gallery-item {\n\t\t\t\tfloat: left;\n\t\t\t\tmargin-top: 10px;\n\t\t\t\ttext-align: center;\n\t\t\t\twidth: 50%;\n\t\t\t}\n\t\t\t#gallery-9 img {\n\t\t\t\tborder: 2px solid #cfcfcf;\n\t\t\t}\n\t\t\t#gallery-9 .gallery-caption {\n\t\t\t\tmargin-left: 0;\n\t\t\t}\n\t\t\t\/* see gallery_shortcode() in wp-includes\/media.php *\/\n\t\t<\/style>\n\t\t<div id='gallery-9' class='gallery galleryid-7762 gallery-columns-2 gallery-size-large'><dl class='gallery-item'>\n\t\t\t<dt class='gallery-icon landscape'>\n\t\t\t\t<a href='https:\/\/cestysemtam.cz\/wp-content\/uploads\/2025\/09\/17_Praha_Prasna_brana_PB.jpg'><img loading=\"lazy\" decoding=\"async\" width=\"1024\" height=\"720\" src=\"https:\/\/cestysemtam.cz\/wp-content\/uploads\/2025\/09\/17_Praha_Prasna_brana_PB-1024x720.jpg\" class=\"attachment-large size-large\" alt=\"\" aria-describedby=\"gallery-9-7824\" srcset=\"https:\/\/cestysemtam.cz\/wp-content\/uploads\/2025\/09\/17_Praha_Prasna_brana_PB-980x689.jpg 980w, https:\/\/cestysemtam.cz\/wp-content\/uploads\/2025\/09\/17_Praha_Prasna_brana_PB-480x338.jpg 480w\" sizes=\"(min-width: 0px) and (max-width: 480px) 480px, (min-width: 481px) and (max-width: 980px) 980px, (min-width: 981px) 1024px, 100vw\" \/><\/a>\n\t\t\t<\/dt>\n\t\t\t\t<dd class='wp-caption-text gallery-caption' id='gallery-9-7824'>\n\t\t\t\tStained glass on the Powder Gate\n\t\t\t\t<\/dd><\/dl><dl class='gallery-item'>\n\t\t\t<dt class='gallery-icon landscape'>\n\t\t\t\t<a href='https:\/\/cestysemtam.cz\/wp-content\/uploads\/2025\/09\/18_Praha_Prasna_brana.jpg'><img loading=\"lazy\" decoding=\"async\" width=\"1024\" height=\"720\" src=\"https:\/\/cestysemtam.cz\/wp-content\/uploads\/2025\/09\/18_Praha_Prasna_brana-1024x720.jpg\" class=\"attachment-large size-large\" alt=\"\" aria-describedby=\"gallery-9-7825\" srcset=\"https:\/\/cestysemtam.cz\/wp-content\/uploads\/2025\/09\/18_Praha_Prasna_brana-980x689.jpg 980w, https:\/\/cestysemtam.cz\/wp-content\/uploads\/2025\/09\/18_Praha_Prasna_brana-480x338.jpg 480w\" sizes=\"(min-width: 0px) and (max-width: 480px) 480px, (min-width: 481px) and (max-width: 980px) 980px, (min-width: 981px) 1024px, 100vw\" \/><\/a>\n\t\t\t<\/dt>\n\t\t\t\t<dd class='wp-caption-text gallery-caption' id='gallery-9-7825'>\n\t\t\t\tPowder Gate\n\t\t\t\t<\/dd><\/dl><br style=\"clear: both\" \/>\n\t\t<\/div>\n\n<p>&nbsp;<\/p>\n<h4>New Mill Water Tower<\/h4>\n<p>From the Powder Gate, we headed through Republic Square and Revolu\u010dn\u00ed Street to the last of the visited monuments, which adorns the right bank of the Vltava River. As its name suggests, this <a href=\"https:\/\/prague.eu\/en\/objevujte\/new-mill-water-tower-novomlynska-vodarenska-vez\/\" target=\"_blank\" rel=\"noopener\">Baroque tower<\/a> from the 17th century was used to supply water to the lower part of Prague's New Town until the 19th century.<\/p>\n<p>The time-worn tower once stood directly on the bank of the Vltava; however, due to silt deposits and modern modifications, it has moved a considerable distance from it. Water from the Vltava was mechanically pumped into a tank in the upper part of the tower and then descended through pipes to town fountains and several breweries. The pipes were originally heated in the winter by an open fire to prevent them from freezing.<\/p>\n\n\t\t<style type=\"text\/css\">\n\t\t\t#gallery-10 {\n\t\t\t\tmargin: auto;\n\t\t\t}\n\t\t\t#gallery-10 .gallery-item {\n\t\t\t\tfloat: left;\n\t\t\t\tmargin-top: 10px;\n\t\t\t\ttext-align: center;\n\t\t\t\twidth: 50%;\n\t\t\t}\n\t\t\t#gallery-10 img {\n\t\t\t\tborder: 2px solid #cfcfcf;\n\t\t\t}\n\t\t\t#gallery-10 .gallery-caption {\n\t\t\t\tmargin-left: 0;\n\t\t\t}\n\t\t\t\/* see gallery_shortcode() in wp-includes\/media.php *\/\n\t\t<\/style>\n\t\t<div id='gallery-10' class='gallery galleryid-7762 gallery-columns-2 gallery-size-large'><dl class='gallery-item'>\n\t\t\t<dt class='gallery-icon portrait'>\n\t\t\t\t<a href='https:\/\/cestysemtam.cz\/wp-content\/uploads\/2025\/09\/19_Praha_Novamlynska_vodarenska_vez.jpg'><img loading=\"lazy\" decoding=\"async\" width=\"809\" height=\"1024\" src=\"https:\/\/cestysemtam.cz\/wp-content\/uploads\/2025\/09\/19_Praha_Novamlynska_vodarenska_vez-809x1024.jpg\" class=\"attachment-large size-large\" alt=\"\" aria-describedby=\"gallery-10-7826\" srcset=\"https:\/\/cestysemtam.cz\/wp-content\/uploads\/2025\/09\/19_Praha_Novamlynska_vodarenska_vez-809x1024.jpg 809w, https:\/\/cestysemtam.cz\/wp-content\/uploads\/2025\/09\/19_Praha_Novamlynska_vodarenska_vez-480x608.jpg 480w\" sizes=\"(min-width: 0px) and (max-width: 480px) 480px, (min-width: 481px) 809px, 100vw\" \/><\/a>\n\t\t\t<\/dt>\n\t\t\t\t<dd class='wp-caption-text gallery-caption' id='gallery-10-7826'>\n\t\t\t\tVideomapping in the tower\n\t\t\t\t<\/dd><\/dl><dl class='gallery-item'>\n\t\t\t<dt class='gallery-icon portrait'>\n\t\t\t\t<a href='https:\/\/cestysemtam.cz\/wp-content\/uploads\/2025\/09\/20_Praha_Novamlynska_vodarenska_vez_vyhled.jpg'><img loading=\"lazy\" decoding=\"async\" width=\"809\" height=\"1024\" src=\"https:\/\/cestysemtam.cz\/wp-content\/uploads\/2025\/09\/20_Praha_Novamlynska_vodarenska_vez_vyhled-809x1024.jpg\" class=\"attachment-large size-large\" alt=\"\" aria-describedby=\"gallery-10-7827\" srcset=\"https:\/\/cestysemtam.cz\/wp-content\/uploads\/2025\/09\/20_Praha_Novamlynska_vodarenska_vez_vyhled-809x1024.jpg 809w, https:\/\/cestysemtam.cz\/wp-content\/uploads\/2025\/09\/20_Praha_Novamlynska_vodarenska_vez_vyhled-480x608.jpg 480w\" sizes=\"(min-width: 0px) and (max-width: 480px) 480px, (min-width: 481px) 809px, 100vw\" \/><\/a>\n\t\t\t<\/dt>\n\t\t\t\t<dd class='wp-caption-text gallery-caption' id='gallery-10-7827'>\n\t\t\t\tView from the tower\n\t\t\t\t<\/dd><\/dl><br style=\"clear: both\" \/>\n\t\t<\/div>\n\n<p>The New Mill Tower is the only one of Prague's preserved water towers that is open to the public. Across a total of six floors, there is now an exceptional <strong>multimedia exhibition<\/strong> called \"Prague is burning,\" which uses video mapping, animations, and virtual reality to introduce visitors not only to the history and purpose of the water tower, but especially to the captivating stories of Prague's firefighters and the fires of Prague from the very beginning of the city itself.<\/p>\n\n\t\t<style type=\"text\/css\">\n\t\t\t#gallery-11 {\n\t\t\t\tmargin: auto;\n\t\t\t}\n\t\t\t#gallery-11 .gallery-item {\n\t\t\t\tfloat: left;\n\t\t\t\tmargin-top: 10px;\n\t\t\t\ttext-align: center;\n\t\t\t\twidth: 50%;\n\t\t\t}\n\t\t\t#gallery-11 img {\n\t\t\t\tborder: 2px solid #cfcfcf;\n\t\t\t}\n\t\t\t#gallery-11 .gallery-caption {\n\t\t\t\tmargin-left: 0;\n\t\t\t}\n\t\t\t\/* see gallery_shortcode() in wp-includes\/media.php *\/\n\t\t<\/style>\n\t\t<div id='gallery-11' class='gallery galleryid-7762 gallery-columns-2 gallery-size-large'><dl class='gallery-item'>\n\t\t\t<dt class='gallery-icon landscape'>\n\t\t\t\t<a href='https:\/\/cestysemtam.cz\/wp-content\/uploads\/2025\/09\/21_Praha_Novamlynska_vodarenska_vez.jpg'><img loading=\"lazy\" decoding=\"async\" width=\"1024\" height=\"720\" src=\"https:\/\/cestysemtam.cz\/wp-content\/uploads\/2025\/09\/21_Praha_Novamlynska_vodarenska_vez-1024x720.jpg\" class=\"attachment-large size-large\" alt=\"\" aria-describedby=\"gallery-11-7828\" srcset=\"https:\/\/cestysemtam.cz\/wp-content\/uploads\/2025\/09\/21_Praha_Novamlynska_vodarenska_vez-980x689.jpg 980w, https:\/\/cestysemtam.cz\/wp-content\/uploads\/2025\/09\/21_Praha_Novamlynska_vodarenska_vez-480x338.jpg 480w\" sizes=\"(min-width: 0px) and (max-width: 480px) 480px, (min-width: 481px) and (max-width: 980px) 980px, (min-width: 981px) 1024px, 100vw\" \/><\/a>\n\t\t\t<\/dt>\n\t\t\t\t<dd class='wp-caption-text gallery-caption' id='gallery-11-7828'>\n\t\t\t\tVideomapping in the tower\n\t\t\t\t<\/dd><\/dl><dl class='gallery-item'>\n\t\t\t<dt class='gallery-icon landscape'>\n\t\t\t\t<a href='https:\/\/cestysemtam.cz\/wp-content\/uploads\/2025\/09\/22_Praha_Novamlynska_vodarenska_vez.jpg'><img loading=\"lazy\" decoding=\"async\" width=\"1024\" height=\"720\" src=\"https:\/\/cestysemtam.cz\/wp-content\/uploads\/2025\/09\/22_Praha_Novamlynska_vodarenska_vez-1024x720.jpg\" class=\"attachment-large size-large\" alt=\"\" aria-describedby=\"gallery-11-7829\" srcset=\"https:\/\/cestysemtam.cz\/wp-content\/uploads\/2025\/09\/22_Praha_Novamlynska_vodarenska_vez-980x689.jpg 980w, https:\/\/cestysemtam.cz\/wp-content\/uploads\/2025\/09\/22_Praha_Novamlynska_vodarenska_vez-480x338.jpg 480w\" sizes=\"(min-width: 0px) and (max-width: 480px) 480px, (min-width: 481px) and (max-width: 980px) 980px, (min-width: 981px) 1024px, 100vw\" \/><\/a>\n\t\t\t<\/dt>\n\t\t\t\t<dd class='wp-caption-text gallery-caption' id='gallery-11-7829'>\n\t\t\t\tStories of Prague's firefighters\n\t\t\t\t<\/dd><\/dl><br style=\"clear: both\" \/>\n\t\t<\/div>\n\n<p>On the top floor, at a height of 30 meters, there is a hall with a panoramic view of Prague. The so-called <strong>Lusthaus<\/strong>, with windows facing all four cardinal directions, is a rarity worldwide and is considered the first historically known lookout tower in Prague. The Lusthaus, or summer house, was built by wealthy city councillors who were following the contemporary fashion of summer houses constructed on the roofs of aristocratic residences.<\/p>\n<p>Address: Nov\u00e9 ml\u00fdny 3a, Prague<\/p>\n\n\t\t<style type=\"text\/css\">\n\t\t\t#gallery-12 {\n\t\t\t\tmargin: auto;\n\t\t\t}\n\t\t\t#gallery-12 .gallery-item {\n\t\t\t\tfloat: left;\n\t\t\t\tmargin-top: 10px;\n\t\t\t\ttext-align: center;\n\t\t\t\twidth: 50%;\n\t\t\t}\n\t\t\t#gallery-12 img {\n\t\t\t\tborder: 2px solid #cfcfcf;\n\t\t\t}\n\t\t\t#gallery-12 .gallery-caption {\n\t\t\t\tmargin-left: 0;\n\t\t\t}\n\t\t\t\/* see gallery_shortcode() in wp-includes\/media.php *\/\n\t\t<\/style>\n\t\t<div id='gallery-12' class='gallery galleryid-7762 gallery-columns-2 gallery-size-large'><dl class='gallery-item'>\n\t\t\t<dt class='gallery-icon landscape'>\n\t\t\t\t<a href='https:\/\/cestysemtam.cz\/wp-content\/uploads\/2025\/09\/23_Praha_Novamlynska_vodarenska_vez.jpg'><img loading=\"lazy\" decoding=\"async\" width=\"1024\" height=\"720\" src=\"https:\/\/cestysemtam.cz\/wp-content\/uploads\/2025\/09\/23_Praha_Novamlynska_vodarenska_vez-1024x720.jpg\" class=\"attachment-large size-large\" alt=\"\" aria-describedby=\"gallery-12-7830\" srcset=\"https:\/\/cestysemtam.cz\/wp-content\/uploads\/2025\/09\/23_Praha_Novamlynska_vodarenska_vez-980x689.jpg 980w, https:\/\/cestysemtam.cz\/wp-content\/uploads\/2025\/09\/23_Praha_Novamlynska_vodarenska_vez-480x338.jpg 480w\" sizes=\"(min-width: 0px) and (max-width: 480px) 480px, (min-width: 481px) and (max-width: 980px) 980px, (min-width: 981px) 1024px, 100vw\" \/><\/a>\n\t\t\t<\/dt>\n\t\t\t\t<dd class='wp-caption-text gallery-caption' id='gallery-12-7830'>\n\t\t\t\tPrague fires on postcards\n\t\t\t\t<\/dd><\/dl><dl class='gallery-item'>\n\t\t\t<dt class='gallery-icon landscape'>\n\t\t\t\t<a href='https:\/\/cestysemtam.cz\/wp-content\/uploads\/2025\/09\/24_Praha_Novamlynska_vodarenska_vez.jpg'><img loading=\"lazy\" decoding=\"async\" width=\"1024\" height=\"720\" src=\"https:\/\/cestysemtam.cz\/wp-content\/uploads\/2025\/09\/24_Praha_Novamlynska_vodarenska_vez-1024x720.jpg\" class=\"attachment-large size-large\" alt=\"\" aria-describedby=\"gallery-12-7831\" srcset=\"https:\/\/cestysemtam.cz\/wp-content\/uploads\/2025\/09\/24_Praha_Novamlynska_vodarenska_vez-980x689.jpg 980w, https:\/\/cestysemtam.cz\/wp-content\/uploads\/2025\/09\/24_Praha_Novamlynska_vodarenska_vez-480x338.jpg 480w\" sizes=\"(min-width: 0px) and (max-width: 480px) 480px, (min-width: 481px) and (max-width: 980px) 980px, (min-width: 981px) 1024px, 100vw\" \/><\/a>\n\t\t\t<\/dt>\n\t\t\t\t<dd class='wp-caption-text gallery-caption' id='gallery-12-7831'>\n\t\t\t\tVideomapping in the tower\n\t\t\t\t<\/dd><\/dl><br style=\"clear: both\" \/>\n\t\t<\/div>\n\n<p>&nbsp;<\/p>\n<h5>Our final tip:<\/h5>\n<p>If you decide to explore the hidden stories of Prague's towers like we did, we recommend buying a single <strong><a href=\"https:\/\/prague.eu\/cs\/produkt\/kouzelna-vstupenka\/\" target=\"_blank\" rel=\"noopener\">multi-entry ticket<\/a><\/strong> for all the monuments, \"9 attractions in 365 days.\" Not only is it cheaper, but it's also valid for 365 days from the date of purchase.<\/p>\n<p>You can also take advantage of the <strong>morning discount<\/strong>, where entry to each tower is 50% off for the first hour after opening.<\/p>","protected":false},"excerpt":{"rendered":"<p>U\u017e v\u00e1s nebav\u00ed propl\u00e9tat se davy lid\u00ed po pra\u017esk\u00fdch uli\u010dk\u00e1ch? P\u0159\u00e1li jste si n\u011bkdy vid\u011bt Prahu jinak? My jsme vym\u011bnili tradi\u010dn\u00ed pohled zdola za ten nej\u00fachvatn\u011bj\u0161\u00ed mo\u017en\u00fd \u2013 pohled shora. Vyrazili jsme na pou\u0165 za osmi nejok\u00e1zalej\u0161\u00edmi pra\u017esk\u00fdmi v\u011b\u017eemi, kter\u00e9 nejsou jen n\u011bm\u00fdmi str\u00e1\u017eci historie, ale \u017eiv\u00fdmi branami k dechberouc\u00edm v\u00fdhled\u016fm. Dech se v\u00e1m zataj\u00ed [&hellip;]<\/p>\n","protected":false},"author":3,"featured_media":7806,"comment_status":"closed","ping_status":"closed","sticky":false,"template":"","format":"standard","meta":{"_et_pb_use_builder":"","_et_pb_old_content":"","_et_gb_content_width":"","footnotes":""},"categories":[14],"tags":[144,51],"class_list":["post-7762","post","type-post","status-publish","format-standard","has-post-thumbnail","hentry","category-cesko","tag-expozice","tag-veze"],"yoast_head":"<!-- This site is optimized with the Yoast SEO plugin v27.1.1 - https:\/\/yoast.com\/product\/yoast-seo-wordpress\/ -->\n<title>Praha z pta\u010d\u00ed perspektivy: proch\u00e1zka v oblac\u00edch po osmi ikonick\u00fdch v\u011b\u017e\u00edch - Cesty Sem Tam<\/title>\n<meta name=\"robots\" content=\"index, follow, max-snippet:-1, max-image-preview:large, max-video-preview:-1\" \/>\n<link rel=\"canonical\" href=\"https:\/\/cestysemtam.cz\/en\/cesko\/praha-z-ptaci-perspektivy-prochazka-v-oblacich-po-osmi-ikonickych-vezich\/\" \/>\n<meta property=\"og:locale\" content=\"en_GB\" \/>\n<meta property=\"og:type\" content=\"article\" \/>\n<meta property=\"og:title\" content=\"Praha z pta\u010d\u00ed perspektivy: proch\u00e1zka v oblac\u00edch po osmi ikonick\u00fdch v\u011b\u017e\u00edch - Cesty Sem Tam\" \/>\n<meta property=\"og:description\" content=\"U\u017e v\u00e1s nebav\u00ed propl\u00e9tat se davy lid\u00ed po pra\u017esk\u00fdch uli\u010dk\u00e1ch? P\u0159\u00e1li jste si n\u011bkdy vid\u011bt Prahu jinak? My jsme vym\u011bnili tradi\u010dn\u00ed pohled zdola za ten nej\u00fachvatn\u011bj\u0161\u00ed mo\u017en\u00fd \u2013 pohled shora. Vyrazili jsme na pou\u0165 za osmi nejok\u00e1zalej\u0161\u00edmi pra\u017esk\u00fdmi v\u011b\u017eemi, kter\u00e9 nejsou jen n\u011bm\u00fdmi str\u00e1\u017eci historie, ale \u017eiv\u00fdmi branami k dechberouc\u00edm v\u00fdhled\u016fm. Dech se v\u00e1m zataj\u00ed [&hellip;]\" \/>\n<meta property=\"og:url\" content=\"https:\/\/cestysemtam.cz\/en\/cesko\/praha-z-ptaci-perspektivy-prochazka-v-oblacich-po-osmi-ikonickych-vezich\/\" \/>\n<meta property=\"og:site_name\" content=\"Cesty Sem Tam\" \/>\n<meta property=\"article:publisher\" content=\"https:\/\/www.facebook.com\/profile.php?id=61572455318171\" \/>\n<meta property=\"article:published_time\" content=\"2025-09-02T07:49:12+00:00\" \/>\n<meta property=\"article:modified_time\" content=\"2025-09-02T08:37:07+00:00\" \/>\n<meta property=\"og:image\" content=\"https:\/\/cestysemtam.cz\/wp-content\/uploads\/2025\/09\/00_Praha_PB.jpg\" \/>\n\t<meta property=\"og:image:width\" content=\"1300\" \/>\n\t<meta property=\"og:image:height\" content=\"867\" \/>\n\t<meta property=\"og:image:type\" content=\"image\/jpeg\" \/>\n<meta name=\"author\" content=\"kata\" \/>\n<meta name=\"twitter:card\" content=\"summary_large_image\" \/>\n<meta name=\"twitter:creator\" content=\"@Cestysemtam\" \/>\n<meta name=\"twitter:site\" content=\"@Cestysemtam\" \/>\n<meta name=\"twitter:label1\" content=\"Written by\" \/>\n\t<meta name=\"twitter:data1\" content=\"kata\" \/>\n\t<meta name=\"twitter:label2\" content=\"Estimated reading time\" \/>\n\t<meta name=\"twitter:data2\" content=\"10 minutes\" \/>\n<script type=\"application\/ld+json\" class=\"yoast-schema-graph\">{\"@context\":\"https:\/\/schema.org\",\"@graph\":[{\"@type\":\"Article\",\"@id\":\"https:\/\/cestysemtam.cz\/cesko\/praha-z-ptaci-perspektivy-prochazka-v-oblacich-po-osmi-ikonickych-vezich\/#article\",\"isPartOf\":{\"@id\":\"https:\/\/cestysemtam.cz\/cesko\/praha-z-ptaci-perspektivy-prochazka-v-oblacich-po-osmi-ikonickych-vezich\/\"},\"author\":{\"name\":\"kata\",\"@id\":\"https:\/\/cestysemtam.cz\/#\/schema\/person\/2fcc6bbe4d0fc0052a39d9e68b43ea56\"},\"headline\":\"Praha z pta\u010d\u00ed perspektivy: proch\u00e1zka v oblac\u00edch po osmi ikonick\u00fdch v\u011b\u017e\u00edch\",\"datePublished\":\"2025-09-02T07:49:12+00:00\",\"dateModified\":\"2025-09-02T08:37:07+00:00\",\"mainEntityOfPage\":{\"@id\":\"https:\/\/cestysemtam.cz\/cesko\/praha-z-ptaci-perspektivy-prochazka-v-oblacich-po-osmi-ikonickych-vezich\/\"},\"wordCount\":2036,\"publisher\":{\"@id\":\"https:\/\/cestysemtam.cz\/#organization\"},\"image\":{\"@id\":\"https:\/\/cestysemtam.cz\/cesko\/praha-z-ptaci-perspektivy-prochazka-v-oblacich-po-osmi-ikonickych-vezich\/#primaryimage\"},\"thumbnailUrl\":\"https:\/\/cestysemtam.cz\/wp-content\/uploads\/2025\/09\/00_Praha_PB.jpg\",\"keywords\":[\"Expozice\",\"V\u011b\u017ee\"],\"articleSection\":[\"\u010cesko\"],\"inLanguage\":\"en-GB\"},{\"@type\":\"WebPage\",\"@id\":\"https:\/\/cestysemtam.cz\/cesko\/praha-z-ptaci-perspektivy-prochazka-v-oblacich-po-osmi-ikonickych-vezich\/\",\"url\":\"https:\/\/cestysemtam.cz\/cesko\/praha-z-ptaci-perspektivy-prochazka-v-oblacich-po-osmi-ikonickych-vezich\/\",\"name\":\"Praha z pta\u010d\u00ed perspektivy: proch\u00e1zka v oblac\u00edch po osmi ikonick\u00fdch v\u011b\u017e\u00edch - Cesty Sem Tam\",\"isPartOf\":{\"@id\":\"https:\/\/cestysemtam.cz\/#website\"},\"primaryImageOfPage\":{\"@id\":\"https:\/\/cestysemtam.cz\/cesko\/praha-z-ptaci-perspektivy-prochazka-v-oblacich-po-osmi-ikonickych-vezich\/#primaryimage\"},\"image\":{\"@id\":\"https:\/\/cestysemtam.cz\/cesko\/praha-z-ptaci-perspektivy-prochazka-v-oblacich-po-osmi-ikonickych-vezich\/#primaryimage\"},\"thumbnailUrl\":\"https:\/\/cestysemtam.cz\/wp-content\/uploads\/2025\/09\/00_Praha_PB.jpg\",\"datePublished\":\"2025-09-02T07:49:12+00:00\",\"dateModified\":\"2025-09-02T08:37:07+00:00\",\"breadcrumb\":{\"@id\":\"https:\/\/cestysemtam.cz\/cesko\/praha-z-ptaci-perspektivy-prochazka-v-oblacich-po-osmi-ikonickych-vezich\/#breadcrumb\"},\"inLanguage\":\"en-GB\",\"potentialAction\":[{\"@type\":\"ReadAction\",\"target\":[\"https:\/\/cestysemtam.cz\/cesko\/praha-z-ptaci-perspektivy-prochazka-v-oblacich-po-osmi-ikonickych-vezich\/\"]}]},{\"@type\":\"ImageObject\",\"inLanguage\":\"en-GB\",\"@id\":\"https:\/\/cestysemtam.cz\/cesko\/praha-z-ptaci-perspektivy-prochazka-v-oblacich-po-osmi-ikonickych-vezich\/#primaryimage\",\"url\":\"https:\/\/cestysemtam.cz\/wp-content\/uploads\/2025\/09\/00_Praha_PB.jpg\",\"contentUrl\":\"https:\/\/cestysemtam.cz\/wp-content\/uploads\/2025\/09\/00_Praha_PB.jpg\",\"width\":1300,\"height\":867},{\"@type\":\"BreadcrumbList\",\"@id\":\"https:\/\/cestysemtam.cz\/cesko\/praha-z-ptaci-perspektivy-prochazka-v-oblacich-po-osmi-ikonickych-vezich\/#breadcrumb\",\"itemListElement\":[{\"@type\":\"ListItem\",\"position\":1,\"name\":\"Dom\u016f\",\"item\":\"https:\/\/cestysemtam.cz\/\"},{\"@type\":\"ListItem\",\"position\":2,\"name\":\"Praha z pta\u010d\u00ed perspektivy: proch\u00e1zka v oblac\u00edch po osmi ikonick\u00fdch v\u011b\u017e\u00edch\"}]},{\"@type\":\"WebSite\",\"@id\":\"https:\/\/cestysemtam.cz\/#website\",\"url\":\"https:\/\/cestysemtam.cz\/\",\"name\":\"Cesty Sem Tam\",\"description\":\"Cestovatelsk\u00fd blog\",\"publisher\":{\"@id\":\"https:\/\/cestysemtam.cz\/#organization\"},\"potentialAction\":[{\"@type\":\"SearchAction\",\"target\":{\"@type\":\"EntryPoint\",\"urlTemplate\":\"https:\/\/cestysemtam.cz\/?s={search_term_string}\"},\"query-input\":{\"@type\":\"PropertyValueSpecification\",\"valueRequired\":true,\"valueName\":\"search_term_string\"}}],\"inLanguage\":\"en-GB\"},{\"@type\":\"Organization\",\"@id\":\"https:\/\/cestysemtam.cz\/#organization\",\"name\":\"Cesty Sem Tam\",\"url\":\"https:\/\/cestysemtam.cz\/\",\"logo\":{\"@type\":\"ImageObject\",\"inLanguage\":\"en-GB\",\"@id\":\"https:\/\/cestysemtam.cz\/#\/schema\/logo\/image\/\",\"url\":\"https:\/\/cestysemtam.cz\/wp-content\/uploads\/2023\/12\/logo-Cesty-Sem-Tam-1000px.png\",\"contentUrl\":\"https:\/\/cestysemtam.cz\/wp-content\/uploads\/2023\/12\/logo-Cesty-Sem-Tam-1000px.png\",\"width\":1000,\"height\":249,\"caption\":\"Cesty Sem Tam\"},\"image\":{\"@id\":\"https:\/\/cestysemtam.cz\/#\/schema\/logo\/image\/\"},\"sameAs\":[\"https:\/\/www.facebook.com\/profile.php?id=61572455318171\",\"https:\/\/x.com\/Cestysemtam\",\"https:\/\/www.instagram.com\/cestysemtam\/\",\"https:\/\/cz.pinterest.com\/katka1430\/_created\/\"]},{\"@type\":\"Person\",\"@id\":\"https:\/\/cestysemtam.cz\/#\/schema\/person\/2fcc6bbe4d0fc0052a39d9e68b43ea56\",\"name\":\"kata\",\"url\":\"https:\/\/cestysemtam.cz\/en\/author\/kata\/\"}]}<\/script>\n<!-- \/ Yoast SEO plugin. -->","yoast_head_json":{"title":"Praha z pta\u010d\u00ed perspektivy: proch\u00e1zka v oblac\u00edch po osmi ikonick\u00fdch v\u011b\u017e\u00edch - Cesty Sem Tam","robots":{"index":"index","follow":"follow","max-snippet":"max-snippet:-1","max-image-preview":"max-image-preview:large","max-video-preview":"max-video-preview:-1"},"canonical":"https:\/\/cestysemtam.cz\/en\/cesko\/praha-z-ptaci-perspektivy-prochazka-v-oblacich-po-osmi-ikonickych-vezich\/","og_locale":"en_GB","og_type":"article","og_title":"Praha z pta\u010d\u00ed perspektivy: proch\u00e1zka v oblac\u00edch po osmi ikonick\u00fdch v\u011b\u017e\u00edch - Cesty Sem Tam","og_description":"U\u017e v\u00e1s nebav\u00ed propl\u00e9tat se davy lid\u00ed po pra\u017esk\u00fdch uli\u010dk\u00e1ch? P\u0159\u00e1li jste si n\u011bkdy vid\u011bt Prahu jinak? My jsme vym\u011bnili tradi\u010dn\u00ed pohled zdola za ten nej\u00fachvatn\u011bj\u0161\u00ed mo\u017en\u00fd \u2013 pohled shora. Vyrazili jsme na pou\u0165 za osmi nejok\u00e1zalej\u0161\u00edmi pra\u017esk\u00fdmi v\u011b\u017eemi, kter\u00e9 nejsou jen n\u011bm\u00fdmi str\u00e1\u017eci historie, ale \u017eiv\u00fdmi branami k dechberouc\u00edm v\u00fdhled\u016fm. Dech se v\u00e1m zataj\u00ed [&hellip;]","og_url":"https:\/\/cestysemtam.cz\/en\/cesko\/praha-z-ptaci-perspektivy-prochazka-v-oblacich-po-osmi-ikonickych-vezich\/","og_site_name":"Cesty Sem Tam","article_publisher":"https:\/\/www.facebook.com\/profile.php?id=61572455318171","article_published_time":"2025-09-02T07:49:12+00:00","article_modified_time":"2025-09-02T08:37:07+00:00","og_image":[{"width":1300,"height":867,"url":"https:\/\/cestysemtam.cz\/wp-content\/uploads\/2025\/09\/00_Praha_PB.jpg","type":"image\/jpeg"}],"author":"kata","twitter_card":"summary_large_image","twitter_creator":"@Cestysemtam","twitter_site":"@Cestysemtam","twitter_misc":{"Written by":"kata","Estimated reading time":"10 minutes"},"schema":{"@context":"https:\/\/schema.org","@graph":[{"@type":"Article","@id":"https:\/\/cestysemtam.cz\/cesko\/praha-z-ptaci-perspektivy-prochazka-v-oblacich-po-osmi-ikonickych-vezich\/#article","isPartOf":{"@id":"https:\/\/cestysemtam.cz\/cesko\/praha-z-ptaci-perspektivy-prochazka-v-oblacich-po-osmi-ikonickych-vezich\/"},"author":{"name":"kata","@id":"https:\/\/cestysemtam.cz\/#\/schema\/person\/2fcc6bbe4d0fc0052a39d9e68b43ea56"},"headline":"Praha z pta\u010d\u00ed perspektivy: proch\u00e1zka v oblac\u00edch po osmi ikonick\u00fdch v\u011b\u017e\u00edch","datePublished":"2025-09-02T07:49:12+00:00","dateModified":"2025-09-02T08:37:07+00:00","mainEntityOfPage":{"@id":"https:\/\/cestysemtam.cz\/cesko\/praha-z-ptaci-perspektivy-prochazka-v-oblacich-po-osmi-ikonickych-vezich\/"},"wordCount":2036,"publisher":{"@id":"https:\/\/cestysemtam.cz\/#organization"},"image":{"@id":"https:\/\/cestysemtam.cz\/cesko\/praha-z-ptaci-perspektivy-prochazka-v-oblacich-po-osmi-ikonickych-vezich\/#primaryimage"},"thumbnailUrl":"https:\/\/cestysemtam.cz\/wp-content\/uploads\/2025\/09\/00_Praha_PB.jpg","keywords":["Expozice","V\u011b\u017ee"],"articleSection":["\u010cesko"],"inLanguage":"en-GB"},{"@type":"WebPage","@id":"https:\/\/cestysemtam.cz\/cesko\/praha-z-ptaci-perspektivy-prochazka-v-oblacich-po-osmi-ikonickych-vezich\/","url":"https:\/\/cestysemtam.cz\/cesko\/praha-z-ptaci-perspektivy-prochazka-v-oblacich-po-osmi-ikonickych-vezich\/","name":"Praha z pta\u010d\u00ed perspektivy: proch\u00e1zka v oblac\u00edch po osmi ikonick\u00fdch v\u011b\u017e\u00edch - Cesty Sem Tam","isPartOf":{"@id":"https:\/\/cestysemtam.cz\/#website"},"primaryImageOfPage":{"@id":"https:\/\/cestysemtam.cz\/cesko\/praha-z-ptaci-perspektivy-prochazka-v-oblacich-po-osmi-ikonickych-vezich\/#primaryimage"},"image":{"@id":"https:\/\/cestysemtam.cz\/cesko\/praha-z-ptaci-perspektivy-prochazka-v-oblacich-po-osmi-ikonickych-vezich\/#primaryimage"},"thumbnailUrl":"https:\/\/cestysemtam.cz\/wp-content\/uploads\/2025\/09\/00_Praha_PB.jpg","datePublished":"2025-09-02T07:49:12+00:00","dateModified":"2025-09-02T08:37:07+00:00","breadcrumb":{"@id":"https:\/\/cestysemtam.cz\/cesko\/praha-z-ptaci-perspektivy-prochazka-v-oblacich-po-osmi-ikonickych-vezich\/#breadcrumb"},"inLanguage":"en-GB","potentialAction":[{"@type":"ReadAction","target":["https:\/\/cestysemtam.cz\/cesko\/praha-z-ptaci-perspektivy-prochazka-v-oblacich-po-osmi-ikonickych-vezich\/"]}]},{"@type":"ImageObject","inLanguage":"en-GB","@id":"https:\/\/cestysemtam.cz\/cesko\/praha-z-ptaci-perspektivy-prochazka-v-oblacich-po-osmi-ikonickych-vezich\/#primaryimage","url":"https:\/\/cestysemtam.cz\/wp-content\/uploads\/2025\/09\/00_Praha_PB.jpg","contentUrl":"https:\/\/cestysemtam.cz\/wp-content\/uploads\/2025\/09\/00_Praha_PB.jpg","width":1300,"height":867},{"@type":"BreadcrumbList","@id":"https:\/\/cestysemtam.cz\/cesko\/praha-z-ptaci-perspektivy-prochazka-v-oblacich-po-osmi-ikonickych-vezich\/#breadcrumb","itemListElement":[{"@type":"ListItem","position":1,"name":"Dom\u016f","item":"https:\/\/cestysemtam.cz\/"},{"@type":"ListItem","position":2,"name":"Praha z pta\u010d\u00ed perspektivy: proch\u00e1zka v oblac\u00edch po osmi ikonick\u00fdch v\u011b\u017e\u00edch"}]},{"@type":"WebSite","@id":"https:\/\/cestysemtam.cz\/#website","url":"https:\/\/cestysemtam.cz\/","name":"Cesty Sem Tam","description":"Cestovatelsk\u00fd blog","publisher":{"@id":"https:\/\/cestysemtam.cz\/#organization"},"potentialAction":[{"@type":"SearchAction","target":{"@type":"EntryPoint","urlTemplate":"https:\/\/cestysemtam.cz\/?s={search_term_string}"},"query-input":{"@type":"PropertyValueSpecification","valueRequired":true,"valueName":"search_term_string"}}],"inLanguage":"en-GB"},{"@type":"Organization","@id":"https:\/\/cestysemtam.cz\/#organization","name":"Cesty Sem Tam","url":"https:\/\/cestysemtam.cz\/","logo":{"@type":"ImageObject","inLanguage":"en-GB","@id":"https:\/\/cestysemtam.cz\/#\/schema\/logo\/image\/","url":"https:\/\/cestysemtam.cz\/wp-content\/uploads\/2023\/12\/logo-Cesty-Sem-Tam-1000px.png","contentUrl":"https:\/\/cestysemtam.cz\/wp-content\/uploads\/2023\/12\/logo-Cesty-Sem-Tam-1000px.png","width":1000,"height":249,"caption":"Cesty Sem Tam"},"image":{"@id":"https:\/\/cestysemtam.cz\/#\/schema\/logo\/image\/"},"sameAs":["https:\/\/www.facebook.com\/profile.php?id=61572455318171","https:\/\/x.com\/Cestysemtam","https:\/\/www.instagram.com\/cestysemtam\/","https:\/\/cz.pinterest.com\/katka1430\/_created\/"]},{"@type":"Person","@id":"https:\/\/cestysemtam.cz\/#\/schema\/person\/2fcc6bbe4d0fc0052a39d9e68b43ea56","name":"kata","url":"https:\/\/cestysemtam.cz\/en\/author\/kata\/"}]}},"_links":{"self":[{"href":"https:\/\/cestysemtam.cz\/en\/wp-json\/wp\/v2\/posts\/7762","targetHints":{"allow":["GET"]}}],"collection":[{"href":"https:\/\/cestysemtam.cz\/en\/wp-json\/wp\/v2\/posts"}],"about":[{"href":"https:\/\/cestysemtam.cz\/en\/wp-json\/wp\/v2\/types\/post"}],"author":[{"embeddable":true,"href":"https:\/\/cestysemtam.cz\/en\/wp-json\/wp\/v2\/users\/3"}],"replies":[{"embeddable":true,"href":"https:\/\/cestysemtam.cz\/en\/wp-json\/wp\/v2\/comments?post=7762"}],"version-history":[{"count":9,"href":"https:\/\/cestysemtam.cz\/en\/wp-json\/wp\/v2\/posts\/7762\/revisions"}],"predecessor-version":[{"id":7836,"href":"https:\/\/cestysemtam.cz\/en\/wp-json\/wp\/v2\/posts\/7762\/revisions\/7836"}],"wp:featuredmedia":[{"embeddable":true,"href":"https:\/\/cestysemtam.cz\/en\/wp-json\/wp\/v2\/media\/7806"}],"wp:attachment":[{"href":"https:\/\/cestysemtam.cz\/en\/wp-json\/wp\/v2\/media?parent=7762"}],"wp:term":[{"taxonomy":"category","embeddable":true,"href":"https:\/\/cestysemtam.cz\/en\/wp-json\/wp\/v2\/categories?post=7762"},{"taxonomy":"post_tag","embeddable":true,"href":"https:\/\/cestysemtam.cz\/en\/wp-json\/wp\/v2\/tags?post=7762"}],"curies":[{"name":"wp","href":"https:\/\/api.w.org\/{rel}","templated":true}]}}