{"id":7865,"date":"2025-09-06T15:24:04","date_gmt":"2025-09-06T14:24:04","guid":{"rendered":"https:\/\/cestysemtam.cz\/?p=7865"},"modified":"2025-09-06T15:27:33","modified_gmt":"2025-09-06T14:27:33","slug":"udoli-wachau-modro-zelena-perla-rakouska","status":"publish","type":"post","link":"https:\/\/cestysemtam.cz\/en\/rakousko\/udoli-wachau-modro-zelena-perla-rakouska\/","title":{"rendered":"The Wachau Valley: Austria\u2019s blue-green gem"},"content":{"rendered":"<p>The Wachau, one of the most beautiful valleys in Lower Austria, is shaped by the elegant bends of the crystal-blue Danube River and the green surrounding hills dotted with terraced <strong>vineyards<\/strong> and <strong>apricot orchards<\/strong>.<\/p>\n<p>This unique river landscape between the towns of Melk and Krems an der Donau makes the Wachau Valley, a UNESCO World Heritage Site, arguably Austria\u2019s most significant wine jewel. However, the entire region offers much more, as world-renowned wines are complemented here by delicate apricot products, the atmosphere of picturesque towns, and cultural heritage of immeasurable value.<\/p>\n<p>In the following lines, we offer you a taste of the best that you can discover in this famous Austrian valley.<\/p>\n<p>&nbsp;<\/p>\n<h4>Melk Abbey<\/h4>\n<p>We decided to begin our journey through the Wachau Valley at\u00a0<a href=\"https:\/\/www.stiftmelk.at\/en\/visit-experience\/melk-abbey-highlights-of-your-visit\/\" target=\"_blank\" rel=\"noopener\">Melk Abbey<\/a> (Stift Melk). This sacred structure from the 11th century, perched atop a rocky outcrop, is a masterpiece of Baroque art so perfectly integrated into the surrounding landscape that the artistic and natural elements create an impression of perfect harmony and unity. For more than 900 years, this impressive Benedictine abbey has been the spiritual and cultural centre of the region and is rightfully called the \"Gateway to the Wachau.\"<\/p>\n\n\t\t<style type=\"text\/css\">\n\t\t\t#gallery-1 {\n\t\t\t\tmargin: auto;\n\t\t\t}\n\t\t\t#gallery-1 .gallery-item {\n\t\t\t\tfloat: left;\n\t\t\t\tmargin-top: 10px;\n\t\t\t\ttext-align: center;\n\t\t\t\twidth: 50%;\n\t\t\t}\n\t\t\t#gallery-1 img {\n\t\t\t\tborder: 2px solid #cfcfcf;\n\t\t\t}\n\t\t\t#gallery-1 .gallery-caption {\n\t\t\t\tmargin-left: 0;\n\t\t\t}\n\t\t\t\/* see gallery_shortcode() in wp-includes\/media.php *\/\n\t\t<\/style>\n\t\t<div id='gallery-1' class='gallery galleryid-7865 gallery-columns-2 gallery-size-large'><dl class='gallery-item'>\n\t\t\t<dt class='gallery-icon landscape'>\n\t\t\t\t<a href='https:\/\/cestysemtam.cz\/wp-content\/uploads\/2025\/09\/01_Melk_Austria_PB.jpg'><img loading=\"lazy\" decoding=\"async\" width=\"1024\" height=\"720\" src=\"https:\/\/cestysemtam.cz\/wp-content\/uploads\/2025\/09\/01_Melk_Austria_PB-1024x720.jpg\" class=\"attachment-large size-large\" alt=\"\" aria-describedby=\"gallery-1-7872\" srcset=\"https:\/\/cestysemtam.cz\/wp-content\/uploads\/2025\/09\/01_Melk_Austria_PB-980x689.jpg 980w, https:\/\/cestysemtam.cz\/wp-content\/uploads\/2025\/09\/01_Melk_Austria_PB-480x338.jpg 480w\" sizes=\"(min-width: 0px) and (max-width: 480px) 480px, (min-width: 481px) and (max-width: 980px) 980px, (min-width: 981px) 1024px, 100vw\" \/><\/a>\n\t\t\t<\/dt>\n\t\t\t\t<dd class='wp-caption-text gallery-caption' id='gallery-1-7872'>\n\t\t\t\tMelk Abbey\n\t\t\t\t<\/dd><\/dl><dl class='gallery-item'>\n\t\t\t<dt class='gallery-icon landscape'>\n\t\t\t\t<a href='https:\/\/cestysemtam.cz\/wp-content\/uploads\/2025\/09\/02_Melk_Austria_PB.jpg'><img loading=\"lazy\" decoding=\"async\" width=\"1024\" height=\"720\" src=\"https:\/\/cestysemtam.cz\/wp-content\/uploads\/2025\/09\/02_Melk_Austria_PB-1024x720.jpg\" class=\"attachment-large size-large\" alt=\"\" aria-describedby=\"gallery-1-7873\" srcset=\"https:\/\/cestysemtam.cz\/wp-content\/uploads\/2025\/09\/02_Melk_Austria_PB-980x689.jpg 980w, https:\/\/cestysemtam.cz\/wp-content\/uploads\/2025\/09\/02_Melk_Austria_PB-480x338.jpg 480w\" sizes=\"(min-width: 0px) and (max-width: 480px) 480px, (min-width: 481px) and (max-width: 980px) 980px, (min-width: 981px) 1024px, 100vw\" \/><\/a>\n\t\t\t<\/dt>\n\t\t\t\t<dd class='wp-caption-text gallery-caption' id='gallery-1-7873'>\n\t\t\t\tMelk Abbey\n\t\t\t\t<\/dd><\/dl><br style=\"clear: both\" \/>\n\t\t<\/div>\n\n<p>The tour route first took us to the <strong>Imperial Rooms<\/strong>, which today serve as a museum, impressively documenting the historical, artistic and even the contemporary significance of the monastery.<\/p>\n<p>This was followed by the large, ceremonial <strong>Marble Hall<\/strong>, whose walls, adorned with stucco marble, harmonize with the ceiling fresco depicting the victory of Hercules over vices, created by the Tyrolean painter Paul Troger.<\/p>\n\n\t\t<style type=\"text\/css\">\n\t\t\t#gallery-2 {\n\t\t\t\tmargin: auto;\n\t\t\t}\n\t\t\t#gallery-2 .gallery-item {\n\t\t\t\tfloat: left;\n\t\t\t\tmargin-top: 10px;\n\t\t\t\ttext-align: center;\n\t\t\t\twidth: 50%;\n\t\t\t}\n\t\t\t#gallery-2 img {\n\t\t\t\tborder: 2px solid #cfcfcf;\n\t\t\t}\n\t\t\t#gallery-2 .gallery-caption {\n\t\t\t\tmargin-left: 0;\n\t\t\t}\n\t\t\t\/* see gallery_shortcode() in wp-includes\/media.php *\/\n\t\t<\/style>\n\t\t<div id='gallery-2' class='gallery galleryid-7865 gallery-columns-2 gallery-size-large'><dl class='gallery-item'>\n\t\t\t<dt class='gallery-icon landscape'>\n\t\t\t\t<a href='https:\/\/cestysemtam.cz\/wp-content\/uploads\/2025\/09\/03_Melk_Austria.jpg'><img loading=\"lazy\" decoding=\"async\" width=\"1024\" height=\"720\" src=\"https:\/\/cestysemtam.cz\/wp-content\/uploads\/2025\/09\/03_Melk_Austria-1024x720.jpg\" class=\"attachment-large size-large\" alt=\"\" aria-describedby=\"gallery-2-7874\" srcset=\"https:\/\/cestysemtam.cz\/wp-content\/uploads\/2025\/09\/03_Melk_Austria-980x689.jpg 980w, https:\/\/cestysemtam.cz\/wp-content\/uploads\/2025\/09\/03_Melk_Austria-480x338.jpg 480w\" sizes=\"(min-width: 0px) and (max-width: 480px) 480px, (min-width: 481px) and (max-width: 980px) 980px, (min-width: 981px) 1024px, 100vw\" \/><\/a>\n\t\t\t<\/dt>\n\t\t\t\t<dd class='wp-caption-text gallery-caption' id='gallery-2-7874'>\n\t\t\t\tCourtyard with fountain\n\t\t\t\t<\/dd><\/dl><dl class='gallery-item'>\n\t\t\t<dt class='gallery-icon landscape'>\n\t\t\t\t<a href='https:\/\/cestysemtam.cz\/wp-content\/uploads\/2025\/09\/04_Melk_Austria_PB.jpg'><img loading=\"lazy\" decoding=\"async\" width=\"1024\" height=\"720\" src=\"https:\/\/cestysemtam.cz\/wp-content\/uploads\/2025\/09\/04_Melk_Austria_PB-1024x720.jpg\" class=\"attachment-large size-large\" alt=\"\" aria-describedby=\"gallery-2-7875\" srcset=\"https:\/\/cestysemtam.cz\/wp-content\/uploads\/2025\/09\/04_Melk_Austria_PB-980x689.jpg 980w, https:\/\/cestysemtam.cz\/wp-content\/uploads\/2025\/09\/04_Melk_Austria_PB-480x338.jpg 480w\" sizes=\"(min-width: 0px) and (max-width: 480px) 480px, (min-width: 481px) and (max-width: 980px) 980px, (min-width: 981px) 1024px, 100vw\" \/><\/a>\n\t\t\t<\/dt>\n\t\t\t\t<dd class='wp-caption-text gallery-caption' id='gallery-2-7875'>\n\t\t\t\tCourtyard with terrace\n\t\t\t\t<\/dd><\/dl><br style=\"clear: both\" \/>\n\t\t<\/div>\n\n<p>From the hall, we then proceeded to the magnificent <strong>terrace<\/strong>, which offers a view not only of the church facade but also of the surrounding landscape and the crystal-clear Danube River.<\/p>\n\n\t\t<style type=\"text\/css\">\n\t\t\t#gallery-3 {\n\t\t\t\tmargin: auto;\n\t\t\t}\n\t\t\t#gallery-3 .gallery-item {\n\t\t\t\tfloat: left;\n\t\t\t\tmargin-top: 10px;\n\t\t\t\ttext-align: center;\n\t\t\t\twidth: 50%;\n\t\t\t}\n\t\t\t#gallery-3 img {\n\t\t\t\tborder: 2px solid #cfcfcf;\n\t\t\t}\n\t\t\t#gallery-3 .gallery-caption {\n\t\t\t\tmargin-left: 0;\n\t\t\t}\n\t\t\t\/* see gallery_shortcode() in wp-includes\/media.php *\/\n\t\t<\/style>\n\t\t<div id='gallery-3' class='gallery galleryid-7865 gallery-columns-2 gallery-size-large'><dl class='gallery-item'>\n\t\t\t<dt class='gallery-icon portrait'>\n\t\t\t\t<a href='https:\/\/cestysemtam.cz\/wp-content\/uploads\/2025\/09\/05_Melk_Austria.jpg'><img loading=\"lazy\" decoding=\"async\" width=\"809\" height=\"1024\" src=\"https:\/\/cestysemtam.cz\/wp-content\/uploads\/2025\/09\/05_Melk_Austria-809x1024.jpg\" class=\"attachment-large size-large\" alt=\"\" aria-describedby=\"gallery-3-7876\" srcset=\"https:\/\/cestysemtam.cz\/wp-content\/uploads\/2025\/09\/05_Melk_Austria-809x1024.jpg 809w, https:\/\/cestysemtam.cz\/wp-content\/uploads\/2025\/09\/05_Melk_Austria-480x608.jpg 480w\" sizes=\"(min-width: 0px) and (max-width: 480px) 480px, (min-width: 481px) 809px, 100vw\" \/><\/a>\n\t\t\t<\/dt>\n\t\t\t\t<dd class='wp-caption-text gallery-caption' id='gallery-3-7876'>\n\t\t\t\tMarble Hall\n\t\t\t\t<\/dd><\/dl><dl class='gallery-item'>\n\t\t\t<dt class='gallery-icon portrait'>\n\t\t\t\t<a href='https:\/\/cestysemtam.cz\/wp-content\/uploads\/2025\/09\/06_Melk_Austria_PB.jpg'><img loading=\"lazy\" decoding=\"async\" width=\"809\" height=\"1024\" src=\"https:\/\/cestysemtam.cz\/wp-content\/uploads\/2025\/09\/06_Melk_Austria_PB-809x1024.jpg\" class=\"attachment-large size-large\" alt=\"\" aria-describedby=\"gallery-3-7877\" srcset=\"https:\/\/cestysemtam.cz\/wp-content\/uploads\/2025\/09\/06_Melk_Austria_PB-809x1024.jpg 809w, https:\/\/cestysemtam.cz\/wp-content\/uploads\/2025\/09\/06_Melk_Austria_PB-480x608.jpg 480w\" sizes=\"(min-width: 0px) and (max-width: 480px) 480px, (min-width: 481px) 809px, 100vw\" \/><\/a>\n\t\t\t<\/dt>\n\t\t\t\t<dd class='wp-caption-text gallery-caption' id='gallery-3-7877'>\n\t\t\t\tStaircase\n\t\t\t\t<\/dd><\/dl><br style=\"clear: both\" \/>\n\t\t<\/div>\n\n<p>From the terrace, we then entered the impressive <strong>library<\/strong> that is decorated with paintings embodying the four cardinal virtues: cleverness, justice, courage, and temperance. The monastery library itself contains around 100,000 volumes and manuscripts spanning from the 9th to the 18th century.<\/p>\n\n\t\t<style type=\"text\/css\">\n\t\t\t#gallery-4 {\n\t\t\t\tmargin: auto;\n\t\t\t}\n\t\t\t#gallery-4 .gallery-item {\n\t\t\t\tfloat: left;\n\t\t\t\tmargin-top: 10px;\n\t\t\t\ttext-align: center;\n\t\t\t\twidth: 50%;\n\t\t\t}\n\t\t\t#gallery-4 img {\n\t\t\t\tborder: 2px solid #cfcfcf;\n\t\t\t}\n\t\t\t#gallery-4 .gallery-caption {\n\t\t\t\tmargin-left: 0;\n\t\t\t}\n\t\t\t\/* see gallery_shortcode() in wp-includes\/media.php *\/\n\t\t<\/style>\n\t\t<div id='gallery-4' class='gallery galleryid-7865 gallery-columns-2 gallery-size-large'><dl class='gallery-item'>\n\t\t\t<dt class='gallery-icon landscape'>\n\t\t\t\t<a href='https:\/\/cestysemtam.cz\/wp-content\/uploads\/2025\/09\/07_Melk_Austria_PB.jpg'><img loading=\"lazy\" decoding=\"async\" width=\"1024\" height=\"720\" src=\"https:\/\/cestysemtam.cz\/wp-content\/uploads\/2025\/09\/07_Melk_Austria_PB-1024x720.jpg\" class=\"attachment-large size-large\" alt=\"\" aria-describedby=\"gallery-4-7878\" srcset=\"https:\/\/cestysemtam.cz\/wp-content\/uploads\/2025\/09\/07_Melk_Austria_PB-980x689.jpg 980w, https:\/\/cestysemtam.cz\/wp-content\/uploads\/2025\/09\/07_Melk_Austria_PB-480x338.jpg 480w\" sizes=\"(min-width: 0px) and (max-width: 480px) 480px, (min-width: 481px) and (max-width: 980px) 980px, (min-width: 981px) 1024px, 100vw\" \/><\/a>\n\t\t\t<\/dt>\n\t\t\t\t<dd class='wp-caption-text gallery-caption' id='gallery-4-7878'>\n\t\t\t\tChurch of St. Peter and Paul\n\t\t\t\t<\/dd><\/dl><dl class='gallery-item'>\n\t\t\t<dt class='gallery-icon landscape'>\n\t\t\t\t<a href='https:\/\/cestysemtam.cz\/wp-content\/uploads\/2025\/09\/08_Melk_Austria.jpg'><img loading=\"lazy\" decoding=\"async\" width=\"1024\" height=\"720\" src=\"https:\/\/cestysemtam.cz\/wp-content\/uploads\/2025\/09\/08_Melk_Austria-1024x720.jpg\" class=\"attachment-large size-large\" alt=\"\" aria-describedby=\"gallery-4-7879\" srcset=\"https:\/\/cestysemtam.cz\/wp-content\/uploads\/2025\/09\/08_Melk_Austria-980x689.jpg 980w, https:\/\/cestysemtam.cz\/wp-content\/uploads\/2025\/09\/08_Melk_Austria-480x338.jpg 480w\" sizes=\"(min-width: 0px) and (max-width: 480px) 480px, (min-width: 481px) and (max-width: 980px) 980px, (min-width: 981px) 1024px, 100vw\" \/><\/a>\n\t\t\t<\/dt>\n\t\t\t\t<dd class='wp-caption-text gallery-caption' id='gallery-4-7879'>\n\t\t\t\tBaroque Garden Pavilion\n\t\t\t\t<\/dd><\/dl><br style=\"clear: both\" \/>\n\t\t<\/div>\n\n<p>The tour of the interiors was crowned by a visit to the impressive Baroque <strong>church of Saint Peter and Paul<\/strong>, which captivated us with its perfect symphony of colours and tones.<\/p>\n<p>The admission ticket also includes access to other special temporary exhibitions in the so-called \"Wachau Lab,\" as well as the \"Northern Bastion,\" which offers a superb view of the entire abbey complex and the monastery park with its garden.<\/p>\n<p>You will certainly also be pleased to know that free <strong>parking<\/strong> is provided for visitors to the abbey. However, the parking ticket must be validated at the ticket office in the first courtyard when purchasing your entrance ticket.<\/p>\n<p>Address: Abt-Berthold-Dietmayr-Stra\u00dfe 1, Melk<\/p>\n\n\t\t<style type=\"text\/css\">\n\t\t\t#gallery-5 {\n\t\t\t\tmargin: auto;\n\t\t\t}\n\t\t\t#gallery-5 .gallery-item {\n\t\t\t\tfloat: left;\n\t\t\t\tmargin-top: 10px;\n\t\t\t\ttext-align: center;\n\t\t\t\twidth: 50%;\n\t\t\t}\n\t\t\t#gallery-5 img {\n\t\t\t\tborder: 2px solid #cfcfcf;\n\t\t\t}\n\t\t\t#gallery-5 .gallery-caption {\n\t\t\t\tmargin-left: 0;\n\t\t\t}\n\t\t\t\/* see gallery_shortcode() in wp-includes\/media.php *\/\n\t\t<\/style>\n\t\t<div id='gallery-5' class='gallery galleryid-7865 gallery-columns-2 gallery-size-large'><dl class='gallery-item'>\n\t\t\t<dt class='gallery-icon landscape'>\n\t\t\t\t<a href='https:\/\/cestysemtam.cz\/wp-content\/uploads\/2025\/09\/09_Melk_Austria.jpg'><img loading=\"lazy\" decoding=\"async\" width=\"1024\" height=\"720\" src=\"https:\/\/cestysemtam.cz\/wp-content\/uploads\/2025\/09\/09_Melk_Austria-1024x720.jpg\" class=\"attachment-large size-large\" alt=\"\" aria-describedby=\"gallery-5-7880\" srcset=\"https:\/\/cestysemtam.cz\/wp-content\/uploads\/2025\/09\/09_Melk_Austria-980x689.jpg 980w, https:\/\/cestysemtam.cz\/wp-content\/uploads\/2025\/09\/09_Melk_Austria-480x338.jpg 480w\" sizes=\"(min-width: 0px) and (max-width: 480px) 480px, (min-width: 481px) and (max-width: 980px) 980px, (min-width: 981px) 1024px, 100vw\" \/><\/a>\n\t\t\t<\/dt>\n\t\t\t\t<dd class='wp-caption-text gallery-caption' id='gallery-5-7880'>\n\t\t\t\tMonastery garden\n\t\t\t\t<\/dd><\/dl><dl class='gallery-item'>\n\t\t\t<dt class='gallery-icon landscape'>\n\t\t\t\t<a href='https:\/\/cestysemtam.cz\/wp-content\/uploads\/2025\/09\/10_Melk_Austria.jpg'><img loading=\"lazy\" decoding=\"async\" width=\"1024\" height=\"720\" src=\"https:\/\/cestysemtam.cz\/wp-content\/uploads\/2025\/09\/10_Melk_Austria-1024x720.jpg\" class=\"attachment-large size-large\" alt=\"\" aria-describedby=\"gallery-5-7881\" srcset=\"https:\/\/cestysemtam.cz\/wp-content\/uploads\/2025\/09\/10_Melk_Austria-980x689.jpg 980w, https:\/\/cestysemtam.cz\/wp-content\/uploads\/2025\/09\/10_Melk_Austria-480x338.jpg 480w\" sizes=\"(min-width: 0px) and (max-width: 480px) 480px, (min-width: 481px) and (max-width: 980px) 980px, (min-width: 981px) 1024px, 100vw\" \/><\/a>\n\t\t\t<\/dt>\n\t\t\t\t<dd class='wp-caption-text gallery-caption' id='gallery-5-7881'>\n\t\t\t\tMonastery garden\n\t\t\t\t<\/dd><\/dl><br style=\"clear: both\" \/>\n\t\t<\/div>\n\n<p>&nbsp;<\/p>\n<h4>Spitz an der Donau<\/h4>\n<p>Our next stop was the town of Spitz an der Donau, which is located in the heart of the Wachau region and is part of a renowned wine trail offering not only wine taverns and noble white wines but also views of the captivating landscape.<\/p>\n<p>We visited the landmark of this historic town, the Parish <strong>church of Saint Maurice <\/strong>(Pfarrkirche Hl. Mauritius). This beautiful late-Gothic structure is distinguished by its high gable roof and prism-shaped tower.<\/p>\n\n\t\t<style type=\"text\/css\">\n\t\t\t#gallery-6 {\n\t\t\t\tmargin: auto;\n\t\t\t}\n\t\t\t#gallery-6 .gallery-item {\n\t\t\t\tfloat: left;\n\t\t\t\tmargin-top: 10px;\n\t\t\t\ttext-align: center;\n\t\t\t\twidth: 50%;\n\t\t\t}\n\t\t\t#gallery-6 img {\n\t\t\t\tborder: 2px solid #cfcfcf;\n\t\t\t}\n\t\t\t#gallery-6 .gallery-caption {\n\t\t\t\tmargin-left: 0;\n\t\t\t}\n\t\t\t\/* see gallery_shortcode() in wp-includes\/media.php *\/\n\t\t<\/style>\n\t\t<div id='gallery-6' class='gallery galleryid-7865 gallery-columns-2 gallery-size-large'><dl class='gallery-item'>\n\t\t\t<dt class='gallery-icon landscape'>\n\t\t\t\t<a href='https:\/\/cestysemtam.cz\/wp-content\/uploads\/2025\/09\/11_Spitz_Austria.jpg'><img loading=\"lazy\" decoding=\"async\" width=\"1024\" height=\"720\" src=\"https:\/\/cestysemtam.cz\/wp-content\/uploads\/2025\/09\/11_Spitz_Austria-1024x720.jpg\" class=\"attachment-large size-large\" alt=\"\" aria-describedby=\"gallery-6-7882\" srcset=\"https:\/\/cestysemtam.cz\/wp-content\/uploads\/2025\/09\/11_Spitz_Austria-980x689.jpg 980w, https:\/\/cestysemtam.cz\/wp-content\/uploads\/2025\/09\/11_Spitz_Austria-480x338.jpg 480w\" sizes=\"(min-width: 0px) and (max-width: 480px) 480px, (min-width: 481px) and (max-width: 980px) 980px, (min-width: 981px) 1024px, 100vw\" \/><\/a>\n\t\t\t<\/dt>\n\t\t\t\t<dd class='wp-caption-text gallery-caption' id='gallery-6-7882'>\n\t\t\t\tChurch of St. Maurice\n\t\t\t\t<\/dd><\/dl><dl class='gallery-item'>\n\t\t\t<dt class='gallery-icon landscape'>\n\t\t\t\t<a href='https:\/\/cestysemtam.cz\/wp-content\/uploads\/2025\/09\/12_Spitz_Austria.jpg'><img loading=\"lazy\" decoding=\"async\" width=\"1024\" height=\"720\" src=\"https:\/\/cestysemtam.cz\/wp-content\/uploads\/2025\/09\/12_Spitz_Austria-1024x720.jpg\" class=\"attachment-large size-large\" alt=\"\" aria-describedby=\"gallery-6-7883\" srcset=\"https:\/\/cestysemtam.cz\/wp-content\/uploads\/2025\/09\/12_Spitz_Austria-980x689.jpg 980w, https:\/\/cestysemtam.cz\/wp-content\/uploads\/2025\/09\/12_Spitz_Austria-480x338.jpg 480w\" sizes=\"(min-width: 0px) and (max-width: 480px) 480px, (min-width: 481px) and (max-width: 980px) 980px, (min-width: 981px) 1024px, 100vw\" \/><\/a>\n\t\t\t<\/dt>\n\t\t\t\t<dd class='wp-caption-text gallery-caption' id='gallery-6-7883'>\n\t\t\t\tChurch of St. Maurice\n\t\t\t\t<\/dd><\/dl><br style=\"clear: both\" \/>\n\t\t<\/div>\n\n<p>We also recommend trying the regional specialty: <strong>apricot dumplings<\/strong>. We ordered them on the summer terrace of the <strong><a href=\"https:\/\/www.spitzerl.at\/lokale\/spitzerl\/\" target=\"_blank\" rel=\"noopener\">Spitzerl restaurant<\/a><\/strong> (Gasthaus Spitzerl). And not just those; we also chose a light apricot sparkling wine as an aperitif, which perfectly complemented the cozy atmosphere in the garden surrounded by apricot and apple trees. However, lovers of other Austrian specialties like schnitzel or roast pork will also find something to their liking.<\/p>\n<p>It is also undoubtedly worth mentioning that the apricots and apricot products from the Wachau Valley have been granted the Protected Designation of Origin by the EU.<\/p>\n<p>Address: Mittergasse 1b, Spitz<\/p>\n\n\t\t<style type=\"text\/css\">\n\t\t\t#gallery-7 {\n\t\t\t\tmargin: auto;\n\t\t\t}\n\t\t\t#gallery-7 .gallery-item {\n\t\t\t\tfloat: left;\n\t\t\t\tmargin-top: 10px;\n\t\t\t\ttext-align: center;\n\t\t\t\twidth: 50%;\n\t\t\t}\n\t\t\t#gallery-7 img {\n\t\t\t\tborder: 2px solid #cfcfcf;\n\t\t\t}\n\t\t\t#gallery-7 .gallery-caption {\n\t\t\t\tmargin-left: 0;\n\t\t\t}\n\t\t\t\/* see gallery_shortcode() in wp-includes\/media.php *\/\n\t\t<\/style>\n\t\t<div id='gallery-7' class='gallery galleryid-7865 gallery-columns-2 gallery-size-large'><dl class='gallery-item'>\n\t\t\t<dt class='gallery-icon landscape'>\n\t\t\t\t<a href='https:\/\/cestysemtam.cz\/wp-content\/uploads\/2025\/09\/13_Spitz_Austria.jpg'><img loading=\"lazy\" decoding=\"async\" width=\"1024\" height=\"720\" src=\"https:\/\/cestysemtam.cz\/wp-content\/uploads\/2025\/09\/13_Spitz_Austria-1024x720.jpg\" class=\"attachment-large size-large\" alt=\"\" aria-describedby=\"gallery-7-7884\" srcset=\"https:\/\/cestysemtam.cz\/wp-content\/uploads\/2025\/09\/13_Spitz_Austria-980x689.jpg 980w, https:\/\/cestysemtam.cz\/wp-content\/uploads\/2025\/09\/13_Spitz_Austria-480x338.jpg 480w\" sizes=\"(min-width: 0px) and (max-width: 480px) 480px, (min-width: 481px) and (max-width: 980px) 980px, (min-width: 981px) 1024px, 100vw\" \/><\/a>\n\t\t\t<\/dt>\n\t\t\t\t<dd class='wp-caption-text gallery-caption' id='gallery-7-7884'>\n\t\t\t\tApricot dumplings\n\t\t\t\t<\/dd><\/dl><dl class='gallery-item'>\n\t\t\t<dt class='gallery-icon landscape'>\n\t\t\t\t<a href='https:\/\/cestysemtam.cz\/wp-content\/uploads\/2025\/09\/14_Wachau_Austria_PB.jpg'><img loading=\"lazy\" decoding=\"async\" width=\"1024\" height=\"720\" src=\"https:\/\/cestysemtam.cz\/wp-content\/uploads\/2025\/09\/14_Wachau_Austria_PB-1024x720.jpg\" class=\"attachment-large size-large\" alt=\"\" aria-describedby=\"gallery-7-7885\" srcset=\"https:\/\/cestysemtam.cz\/wp-content\/uploads\/2025\/09\/14_Wachau_Austria_PB-980x689.jpg 980w, https:\/\/cestysemtam.cz\/wp-content\/uploads\/2025\/09\/14_Wachau_Austria_PB-480x338.jpg 480w\" sizes=\"(min-width: 0px) and (max-width: 480px) 480px, (min-width: 481px) and (max-width: 980px) 980px, (min-width: 981px) 1024px, 100vw\" \/><\/a>\n\t\t\t<\/dt>\n\t\t\t\t<dd class='wp-caption-text gallery-caption' id='gallery-7-7885'>\n\t\t\t\tApricot orchard in the Wachau Valley\n\t\t\t\t<\/dd><\/dl><br style=\"clear: both\" \/>\n\t\t<\/div>\n\n<p>&nbsp;<\/p>\n<h5>Our tip:<\/h5>\n<p>Opposite the Spitzerl restaurant, you will find the tourist information centre, where you can park for free.<\/p>\n<p>&nbsp;<\/p>\n<h4>D\u00fcrnstein<\/h4>\n<p>On our trip, we couldn't miss the picturesque town of D\u00fcrnstein either. While walking through it, we discovered a number of small shops with\u00a0<strong>local products<\/strong>, especially those made from wine and apricots. An undeniable advantage is the opportunity to taste the offered products directly at most of the vendors.<\/p>\n\n\t\t<style type=\"text\/css\">\n\t\t\t#gallery-8 {\n\t\t\t\tmargin: auto;\n\t\t\t}\n\t\t\t#gallery-8 .gallery-item {\n\t\t\t\tfloat: left;\n\t\t\t\tmargin-top: 10px;\n\t\t\t\ttext-align: center;\n\t\t\t\twidth: 50%;\n\t\t\t}\n\t\t\t#gallery-8 img {\n\t\t\t\tborder: 2px solid #cfcfcf;\n\t\t\t}\n\t\t\t#gallery-8 .gallery-caption {\n\t\t\t\tmargin-left: 0;\n\t\t\t}\n\t\t\t\/* see gallery_shortcode() in wp-includes\/media.php *\/\n\t\t<\/style>\n\t\t<div id='gallery-8' class='gallery galleryid-7865 gallery-columns-2 gallery-size-large'><dl class='gallery-item'>\n\t\t\t<dt class='gallery-icon landscape'>\n\t\t\t\t<a href='https:\/\/cestysemtam.cz\/wp-content\/uploads\/2025\/09\/15_Duernstein_Austria_PB.jpg'><img loading=\"lazy\" decoding=\"async\" width=\"1024\" height=\"720\" src=\"https:\/\/cestysemtam.cz\/wp-content\/uploads\/2025\/09\/15_Duernstein_Austria_PB-1024x720.jpg\" class=\"attachment-large size-large\" alt=\"\" aria-describedby=\"gallery-8-7886\" srcset=\"https:\/\/cestysemtam.cz\/wp-content\/uploads\/2025\/09\/15_Duernstein_Austria_PB-980x689.jpg 980w, https:\/\/cestysemtam.cz\/wp-content\/uploads\/2025\/09\/15_Duernstein_Austria_PB-480x338.jpg 480w\" sizes=\"(min-width: 0px) and (max-width: 480px) 480px, (min-width: 481px) and (max-width: 980px) 980px, (min-width: 981px) 1024px, 100vw\" \/><\/a>\n\t\t\t<\/dt>\n\t\t\t\t<dd class='wp-caption-text gallery-caption' id='gallery-8-7886'>\n\t\t\t\tD\u00fcrnstein\n\t\t\t\t<\/dd><\/dl><dl class='gallery-item'>\n\t\t\t<dt class='gallery-icon landscape'>\n\t\t\t\t<a href='https:\/\/cestysemtam.cz\/wp-content\/uploads\/2025\/09\/16_Duernstein_Austria.jpg'><img loading=\"lazy\" decoding=\"async\" width=\"1024\" height=\"720\" src=\"https:\/\/cestysemtam.cz\/wp-content\/uploads\/2025\/09\/16_Duernstein_Austria-1024x720.jpg\" class=\"attachment-large size-large\" alt=\"\" aria-describedby=\"gallery-8-7887\" srcset=\"https:\/\/cestysemtam.cz\/wp-content\/uploads\/2025\/09\/16_Duernstein_Austria-980x689.jpg 980w, https:\/\/cestysemtam.cz\/wp-content\/uploads\/2025\/09\/16_Duernstein_Austria-480x338.jpg 480w\" sizes=\"(min-width: 0px) and (max-width: 480px) 480px, (min-width: 481px) and (max-width: 980px) 980px, (min-width: 981px) 1024px, 100vw\" \/><\/a>\n\t\t\t<\/dt>\n\t\t\t\t<dd class='wp-caption-text gallery-caption' id='gallery-8-7887'>\n\t\t\t\tD\u00fcrnstein\n\t\t\t\t<\/dd><\/dl><br style=\"clear: both\" \/>\n\t\t<\/div>\n\n<p>The dominant feature of this magical place is the blue-coloured tower of the church belonging to a former monastery, which was founded here in the 15th century. The monastery complex today (Stift D\u00fcrnstein) serves as a <strong><a href=\"https:\/\/www.stift-duernstein.at\/en\/\" target=\"_blank\" rel=\"noopener\">museum<\/a><\/strong> and we admired not only the beautiful Baroque architecture but also the stunning view of the flowing Danube River and the nearby surroundings.<\/p>\n<p>Address: D\u00fcrnstein 1<\/p>\n\n\t\t<style type=\"text\/css\">\n\t\t\t#gallery-9 {\n\t\t\t\tmargin: auto;\n\t\t\t}\n\t\t\t#gallery-9 .gallery-item {\n\t\t\t\tfloat: left;\n\t\t\t\tmargin-top: 10px;\n\t\t\t\ttext-align: center;\n\t\t\t\twidth: 50%;\n\t\t\t}\n\t\t\t#gallery-9 img {\n\t\t\t\tborder: 2px solid #cfcfcf;\n\t\t\t}\n\t\t\t#gallery-9 .gallery-caption {\n\t\t\t\tmargin-left: 0;\n\t\t\t}\n\t\t\t\/* see gallery_shortcode() in wp-includes\/media.php *\/\n\t\t<\/style>\n\t\t<div id='gallery-9' class='gallery galleryid-7865 gallery-columns-2 gallery-size-large'><dl class='gallery-item'>\n\t\t\t<dt class='gallery-icon landscape'>\n\t\t\t\t<a href='https:\/\/cestysemtam.cz\/wp-content\/uploads\/2025\/09\/17_Duernstein_Austria.jpg'><img loading=\"lazy\" decoding=\"async\" width=\"1024\" height=\"720\" src=\"https:\/\/cestysemtam.cz\/wp-content\/uploads\/2025\/09\/17_Duernstein_Austria-1024x720.jpg\" class=\"attachment-large size-large\" alt=\"\" aria-describedby=\"gallery-9-7888\" srcset=\"https:\/\/cestysemtam.cz\/wp-content\/uploads\/2025\/09\/17_Duernstein_Austria-980x689.jpg 980w, https:\/\/cestysemtam.cz\/wp-content\/uploads\/2025\/09\/17_Duernstein_Austria-480x338.jpg 480w\" sizes=\"(min-width: 0px) and (max-width: 480px) 480px, (min-width: 481px) and (max-width: 980px) 980px, (min-width: 981px) 1024px, 100vw\" \/><\/a>\n\t\t\t<\/dt>\n\t\t\t\t<dd class='wp-caption-text gallery-caption' id='gallery-9-7888'>\n\t\t\t\tMonastery museum\n\t\t\t\t<\/dd><\/dl><dl class='gallery-item'>\n\t\t\t<dt class='gallery-icon landscape'>\n\t\t\t\t<a href='https:\/\/cestysemtam.cz\/wp-content\/uploads\/2025\/09\/18_Duernstein_Austria.jpg'><img loading=\"lazy\" decoding=\"async\" width=\"1024\" height=\"720\" src=\"https:\/\/cestysemtam.cz\/wp-content\/uploads\/2025\/09\/18_Duernstein_Austria-1024x720.jpg\" class=\"attachment-large size-large\" alt=\"\" aria-describedby=\"gallery-9-7889\" srcset=\"https:\/\/cestysemtam.cz\/wp-content\/uploads\/2025\/09\/18_Duernstein_Austria-980x689.jpg 980w, https:\/\/cestysemtam.cz\/wp-content\/uploads\/2025\/09\/18_Duernstein_Austria-480x338.jpg 480w\" sizes=\"(min-width: 0px) and (max-width: 480px) 480px, (min-width: 481px) and (max-width: 980px) 980px, (min-width: 981px) 1024px, 100vw\" \/><\/a>\n\t\t\t<\/dt>\n\t\t\t\t<dd class='wp-caption-text gallery-caption' id='gallery-9-7889'>\n\t\t\t\tMonastery museum\n\t\t\t\t<\/dd><\/dl><br style=\"clear: both\" \/>\n\t\t<\/div>\n\n\n\t\t<style type=\"text\/css\">\n\t\t\t#gallery-10 {\n\t\t\t\tmargin: auto;\n\t\t\t}\n\t\t\t#gallery-10 .gallery-item {\n\t\t\t\tfloat: left;\n\t\t\t\tmargin-top: 10px;\n\t\t\t\ttext-align: center;\n\t\t\t\twidth: 50%;\n\t\t\t}\n\t\t\t#gallery-10 img {\n\t\t\t\tborder: 2px solid #cfcfcf;\n\t\t\t}\n\t\t\t#gallery-10 .gallery-caption {\n\t\t\t\tmargin-left: 0;\n\t\t\t}\n\t\t\t\/* see gallery_shortcode() in wp-includes\/media.php *\/\n\t\t<\/style>\n\t\t<div id='gallery-10' class='gallery galleryid-7865 gallery-columns-2 gallery-size-large'><dl class='gallery-item'>\n\t\t\t<dt class='gallery-icon portrait'>\n\t\t\t\t<a href='https:\/\/cestysemtam.cz\/wp-content\/uploads\/2025\/09\/19_Duernstein_Austria.jpg'><img loading=\"lazy\" decoding=\"async\" width=\"806\" height=\"1021\" src=\"https:\/\/cestysemtam.cz\/wp-content\/uploads\/2025\/09\/19_Duernstein_Austria.jpg\" class=\"attachment-large size-large\" alt=\"\" aria-describedby=\"gallery-10-7890\" srcset=\"https:\/\/cestysemtam.cz\/wp-content\/uploads\/2025\/09\/19_Duernstein_Austria.jpg 806w, https:\/\/cestysemtam.cz\/wp-content\/uploads\/2025\/09\/19_Duernstein_Austria-480x608.jpg 480w\" sizes=\"(min-width: 0px) and (max-width: 480px) 480px, (min-width: 481px) 806px, 100vw\" \/><\/a>\n\t\t\t<\/dt>\n\t\t\t\t<dd class='wp-caption-text gallery-caption' id='gallery-10-7890'>\n\t\t\t\tMonastery church\n\t\t\t\t<\/dd><\/dl><dl class='gallery-item'>\n\t\t\t<dt class='gallery-icon portrait'>\n\t\t\t\t<a href='https:\/\/cestysemtam.cz\/wp-content\/uploads\/2025\/09\/20_Duernstein_Austria_PB.jpg'><img loading=\"lazy\" decoding=\"async\" width=\"809\" height=\"1024\" src=\"https:\/\/cestysemtam.cz\/wp-content\/uploads\/2025\/09\/20_Duernstein_Austria_PB-809x1024.jpg\" class=\"attachment-large size-large\" alt=\"\" aria-describedby=\"gallery-10-7891\" srcset=\"https:\/\/cestysemtam.cz\/wp-content\/uploads\/2025\/09\/20_Duernstein_Austria_PB-809x1024.jpg 809w, https:\/\/cestysemtam.cz\/wp-content\/uploads\/2025\/09\/20_Duernstein_Austria_PB-480x608.jpg 480w\" sizes=\"(min-width: 0px) and (max-width: 480px) 480px, (min-width: 481px) 809px, 100vw\" \/><\/a>\n\t\t\t<\/dt>\n\t\t\t\t<dd class='wp-caption-text gallery-caption' id='gallery-10-7891'>\n\t\t\t\tTower of the monastery church\n\t\t\t\t<\/dd><\/dl><br style=\"clear: both\" \/>\n\t\t<\/div>\n\n<p>Another unmissable gem is the romantic <strong>ruins of D\u00fcrnstein Castle<\/strong> from the 12th century, which towers on an elevated rock directly above the town. The castle is freely accessible all year round and the climb from the town takes about 20 minutes; however, you will be rewarded with a stunning view of the town and the beautiful landscape.<\/p>\n<p>It was in this very castle that the English king, <strong>Richard the Lionheart<\/strong>, was once imprisoned while returning from the Third Crusade. He was eventually ransomed from captivity for 100,000 marks of silver. The money was subsequently used for further construction in Vienna and its fortification.<\/p>\n\n\t\t<style type=\"text\/css\">\n\t\t\t#gallery-11 {\n\t\t\t\tmargin: auto;\n\t\t\t}\n\t\t\t#gallery-11 .gallery-item {\n\t\t\t\tfloat: left;\n\t\t\t\tmargin-top: 10px;\n\t\t\t\ttext-align: center;\n\t\t\t\twidth: 50%;\n\t\t\t}\n\t\t\t#gallery-11 img {\n\t\t\t\tborder: 2px solid #cfcfcf;\n\t\t\t}\n\t\t\t#gallery-11 .gallery-caption {\n\t\t\t\tmargin-left: 0;\n\t\t\t}\n\t\t\t\/* see gallery_shortcode() in wp-includes\/media.php *\/\n\t\t<\/style>\n\t\t<div id='gallery-11' class='gallery galleryid-7865 gallery-columns-2 gallery-size-large'><dl class='gallery-item'>\n\t\t\t<dt class='gallery-icon landscape'>\n\t\t\t\t<a href='https:\/\/cestysemtam.cz\/wp-content\/uploads\/2025\/09\/21_Duernstein_Austria_PB.jpg'><img loading=\"lazy\" decoding=\"async\" width=\"1024\" height=\"720\" src=\"https:\/\/cestysemtam.cz\/wp-content\/uploads\/2025\/09\/21_Duernstein_Austria_PB-1024x720.jpg\" class=\"attachment-large size-large\" alt=\"\" aria-describedby=\"gallery-11-7892\" srcset=\"https:\/\/cestysemtam.cz\/wp-content\/uploads\/2025\/09\/21_Duernstein_Austria_PB-980x689.jpg 980w, https:\/\/cestysemtam.cz\/wp-content\/uploads\/2025\/09\/21_Duernstein_Austria_PB-480x338.jpg 480w\" sizes=\"(min-width: 0px) and (max-width: 480px) 480px, (min-width: 481px) and (max-width: 980px) 980px, (min-width: 981px) 1024px, 100vw\" \/><\/a>\n\t\t\t<\/dt>\n\t\t\t\t<dd class='wp-caption-text gallery-caption' id='gallery-11-7892'>\n\t\t\t\tRuins of D\u00fcrnstein Castle\n\t\t\t\t<\/dd><\/dl><dl class='gallery-item'>\n\t\t\t<dt class='gallery-icon landscape'>\n\t\t\t\t<a href='https:\/\/cestysemtam.cz\/wp-content\/uploads\/2025\/09\/22_Duernstein_Austria_PB.jpg'><img loading=\"lazy\" decoding=\"async\" width=\"1024\" height=\"720\" src=\"https:\/\/cestysemtam.cz\/wp-content\/uploads\/2025\/09\/22_Duernstein_Austria_PB-1024x720.jpg\" class=\"attachment-large size-large\" alt=\"\" aria-describedby=\"gallery-11-7893\" srcset=\"https:\/\/cestysemtam.cz\/wp-content\/uploads\/2025\/09\/22_Duernstein_Austria_PB-980x689.jpg 980w, https:\/\/cestysemtam.cz\/wp-content\/uploads\/2025\/09\/22_Duernstein_Austria_PB-480x338.jpg 480w\" sizes=\"(min-width: 0px) and (max-width: 480px) 480px, (min-width: 481px) and (max-width: 980px) 980px, (min-width: 981px) 1024px, 100vw\" \/><\/a>\n\t\t\t<\/dt>\n\t\t\t\t<dd class='wp-caption-text gallery-caption' id='gallery-11-7893'>\n\t\t\t\tD\u00fcrnstein\n\t\t\t\t<\/dd><\/dl><br style=\"clear: both\" \/>\n\t\t<\/div>\n\n<p>Vehicle access to the centre is prohibited, but we used the paid parking area right before the town entrance (D\u00fcrnstein Parking Lot).<\/p>\n<p>&nbsp;<\/p>\n<h5>Where to shop?<\/h5>\n<p>We bought excellent apricot jam and apricot liqueur at a small shop called <strong>Vinothek D\u00fcrnstein<\/strong>, located right at the beginning of the town. Not only did we like the taste of the products offered here the most, but they were also available at very friendly prices.<\/p>\n<p>Address: D\u00fcrnstein 63<\/p>\n\n\t\t<style type=\"text\/css\">\n\t\t\t#gallery-12 {\n\t\t\t\tmargin: auto;\n\t\t\t}\n\t\t\t#gallery-12 .gallery-item {\n\t\t\t\tfloat: left;\n\t\t\t\tmargin-top: 10px;\n\t\t\t\ttext-align: center;\n\t\t\t\twidth: 50%;\n\t\t\t}\n\t\t\t#gallery-12 img {\n\t\t\t\tborder: 2px solid #cfcfcf;\n\t\t\t}\n\t\t\t#gallery-12 .gallery-caption {\n\t\t\t\tmargin-left: 0;\n\t\t\t}\n\t\t\t\/* see gallery_shortcode() in wp-includes\/media.php *\/\n\t\t<\/style>\n\t\t<div id='gallery-12' class='gallery galleryid-7865 gallery-columns-2 gallery-size-large'><dl class='gallery-item'>\n\t\t\t<dt class='gallery-icon portrait'>\n\t\t\t\t<a href='https:\/\/cestysemtam.cz\/wp-content\/uploads\/2025\/09\/23_Duernstein_Austria.jpg'><img loading=\"lazy\" decoding=\"async\" width=\"809\" height=\"1024\" src=\"https:\/\/cestysemtam.cz\/wp-content\/uploads\/2025\/09\/23_Duernstein_Austria-809x1024.jpg\" class=\"attachment-large size-large\" alt=\"\" aria-describedby=\"gallery-12-7894\" srcset=\"https:\/\/cestysemtam.cz\/wp-content\/uploads\/2025\/09\/23_Duernstein_Austria-809x1024.jpg 809w, https:\/\/cestysemtam.cz\/wp-content\/uploads\/2025\/09\/23_Duernstein_Austria-480x608.jpg 480w\" sizes=\"(min-width: 0px) and (max-width: 480px) 480px, (min-width: 481px) 809px, 100vw\" \/><\/a>\n\t\t\t<\/dt>\n\t\t\t\t<dd class='wp-caption-text gallery-caption' id='gallery-12-7894'>\n\t\t\t\tVinothek D\u00fcrnstein\n\t\t\t\t<\/dd><\/dl><dl class='gallery-item'>\n\t\t\t<dt class='gallery-icon portrait'>\n\t\t\t\t<a href='https:\/\/cestysemtam.cz\/wp-content\/uploads\/2025\/09\/24_Duernstein_Austria.jpg'><img loading=\"lazy\" decoding=\"async\" width=\"809\" height=\"1024\" src=\"https:\/\/cestysemtam.cz\/wp-content\/uploads\/2025\/09\/24_Duernstein_Austria-809x1024.jpg\" class=\"attachment-large size-large\" alt=\"\" aria-describedby=\"gallery-12-7895\" srcset=\"https:\/\/cestysemtam.cz\/wp-content\/uploads\/2025\/09\/24_Duernstein_Austria-809x1024.jpg 809w, https:\/\/cestysemtam.cz\/wp-content\/uploads\/2025\/09\/24_Duernstein_Austria-480x608.jpg 480w\" sizes=\"(min-width: 0px) and (max-width: 480px) 480px, (min-width: 481px) 809px, 100vw\" \/><\/a>\n\t\t\t<\/dt>\n\t\t\t\t<dd class='wp-caption-text gallery-caption' id='gallery-12-7895'>\n\t\t\t\tShop with local products\n\t\t\t\t<\/dd><\/dl><br style=\"clear: both\" \/>\n\t\t<\/div>\n\n<p>&nbsp;<\/p>\n<h4>G\u00f6ttweig Abbey<\/h4>\n<p>Our last stop was the beautiful <a href=\"https:\/\/www.stiftgoettweig.at\/portal\/en\/home\" target=\"_blank\" rel=\"noopener\">G\u00f6ttweig Abbey<\/a> (Stift G\u00f6ttweig), known for its mountain location as the <strong>Austrian Montecassino<\/strong>. This Benedictine abbey, with its Baroque architecture, dates back to the 11th century and still functions as a spiritual centre in the heart of Lower Austria today, its activities supported by a community of 41 monks.<\/p>\n<p>We visited the freely accessible areas of the monastery, which include the courtyards with greenery, the church and a permanent exhibition titled \"Life in the Monastery.\" This exhibition, which informs visitors about the life and work of the local monks, accompanied us from the reception all the way to the entrance of the courtyard.<\/p>\n\n\t\t<style type=\"text\/css\">\n\t\t\t#gallery-13 {\n\t\t\t\tmargin: auto;\n\t\t\t}\n\t\t\t#gallery-13 .gallery-item {\n\t\t\t\tfloat: left;\n\t\t\t\tmargin-top: 10px;\n\t\t\t\ttext-align: center;\n\t\t\t\twidth: 50%;\n\t\t\t}\n\t\t\t#gallery-13 img {\n\t\t\t\tborder: 2px solid #cfcfcf;\n\t\t\t}\n\t\t\t#gallery-13 .gallery-caption {\n\t\t\t\tmargin-left: 0;\n\t\t\t}\n\t\t\t\/* see gallery_shortcode() in wp-includes\/media.php *\/\n\t\t<\/style>\n\t\t<div id='gallery-13' class='gallery galleryid-7865 gallery-columns-2 gallery-size-large'><dl class='gallery-item'>\n\t\t\t<dt class='gallery-icon landscape'>\n\t\t\t\t<a href='https:\/\/cestysemtam.cz\/wp-content\/uploads\/2025\/09\/25_Goettweig_Austria_PB.jpg'><img loading=\"lazy\" decoding=\"async\" width=\"1024\" height=\"720\" src=\"https:\/\/cestysemtam.cz\/wp-content\/uploads\/2025\/09\/25_Goettweig_Austria_PB-1024x720.jpg\" class=\"attachment-large size-large\" alt=\"\" aria-describedby=\"gallery-13-7896\" srcset=\"https:\/\/cestysemtam.cz\/wp-content\/uploads\/2025\/09\/25_Goettweig_Austria_PB-980x689.jpg 980w, https:\/\/cestysemtam.cz\/wp-content\/uploads\/2025\/09\/25_Goettweig_Austria_PB-480x338.jpg 480w\" sizes=\"(min-width: 0px) and (max-width: 480px) 480px, (min-width: 481px) and (max-width: 980px) 980px, (min-width: 981px) 1024px, 100vw\" \/><\/a>\n\t\t\t<\/dt>\n\t\t\t\t<dd class='wp-caption-text gallery-caption' id='gallery-13-7896'>\n\t\t\t\tThe Church of the Assumption of the Virgin Mary\n\t\t\t\t<\/dd><\/dl><dl class='gallery-item'>\n\t\t\t<dt class='gallery-icon landscape'>\n\t\t\t\t<a href='https:\/\/cestysemtam.cz\/wp-content\/uploads\/2025\/09\/26_Goettweig_Austria.jpg'><img loading=\"lazy\" decoding=\"async\" width=\"1024\" height=\"720\" src=\"https:\/\/cestysemtam.cz\/wp-content\/uploads\/2025\/09\/26_Goettweig_Austria-1024x720.jpg\" class=\"attachment-large size-large\" alt=\"\" aria-describedby=\"gallery-13-7897\" srcset=\"https:\/\/cestysemtam.cz\/wp-content\/uploads\/2025\/09\/26_Goettweig_Austria-980x689.jpg 980w, https:\/\/cestysemtam.cz\/wp-content\/uploads\/2025\/09\/26_Goettweig_Austria-480x338.jpg 480w\" sizes=\"(min-width: 0px) and (max-width: 480px) 480px, (min-width: 481px) and (max-width: 980px) 980px, (min-width: 981px) 1024px, 100vw\" \/><\/a>\n\t\t\t<\/dt>\n\t\t\t\t<dd class='wp-caption-text gallery-caption' id='gallery-13-7897'>\n\t\t\t\tThe Church of the Assumption of the Virgin Mary\n\t\t\t\t<\/dd><\/dl><br style=\"clear: both\" \/>\n\t\t<\/div>\n\n<p>A substantial part of the collegiate <strong>church of the Assumption of the Virgin Mary<\/strong> dates back to the 18th century, when the church was renovated after a major fire. The dominant feature of the building is its two-tower facade, which was never fully completed. The main crypt beneath the presbytery contains a wooden pilgrimage statuette of the G\u00f6ttweig Piet\u00e0, and the silver reliquary of this saint is kept in the Altmann Crypt.<\/p>\n\n\t\t<style type=\"text\/css\">\n\t\t\t#gallery-14 {\n\t\t\t\tmargin: auto;\n\t\t\t}\n\t\t\t#gallery-14 .gallery-item {\n\t\t\t\tfloat: left;\n\t\t\t\tmargin-top: 10px;\n\t\t\t\ttext-align: center;\n\t\t\t\twidth: 50%;\n\t\t\t}\n\t\t\t#gallery-14 img {\n\t\t\t\tborder: 2px solid #cfcfcf;\n\t\t\t}\n\t\t\t#gallery-14 .gallery-caption {\n\t\t\t\tmargin-left: 0;\n\t\t\t}\n\t\t\t\/* see gallery_shortcode() in wp-includes\/media.php *\/\n\t\t<\/style>\n\t\t<div id='gallery-14' class='gallery galleryid-7865 gallery-columns-2 gallery-size-large'><dl class='gallery-item'>\n\t\t\t<dt class='gallery-icon portrait'>\n\t\t\t\t<a href='https:\/\/cestysemtam.cz\/wp-content\/uploads\/2025\/09\/27_Goettweig_Austria.jpg'><img loading=\"lazy\" decoding=\"async\" width=\"809\" height=\"1024\" src=\"https:\/\/cestysemtam.cz\/wp-content\/uploads\/2025\/09\/27_Goettweig_Austria-809x1024.jpg\" class=\"attachment-large size-large\" alt=\"\" aria-describedby=\"gallery-14-7898\" srcset=\"https:\/\/cestysemtam.cz\/wp-content\/uploads\/2025\/09\/27_Goettweig_Austria-809x1024.jpg 809w, https:\/\/cestysemtam.cz\/wp-content\/uploads\/2025\/09\/27_Goettweig_Austria-480x608.jpg 480w\" sizes=\"(min-width: 0px) and (max-width: 480px) 480px, (min-width: 481px) 809px, 100vw\" \/><\/a>\n\t\t\t<\/dt>\n\t\t\t\t<dd class='wp-caption-text gallery-caption' id='gallery-14-7898'>\n\t\t\t\tThe Church of the Assumption of the Virgin Mary\n\t\t\t\t<\/dd><\/dl><dl class='gallery-item'>\n\t\t\t<dt class='gallery-icon portrait'>\n\t\t\t\t<a href='https:\/\/cestysemtam.cz\/wp-content\/uploads\/2025\/09\/28_Goettweig_Austria.jpg'><img loading=\"lazy\" decoding=\"async\" width=\"809\" height=\"1024\" src=\"https:\/\/cestysemtam.cz\/wp-content\/uploads\/2025\/09\/28_Goettweig_Austria-809x1024.jpg\" class=\"attachment-large size-large\" alt=\"\" aria-describedby=\"gallery-14-7899\" srcset=\"https:\/\/cestysemtam.cz\/wp-content\/uploads\/2025\/09\/28_Goettweig_Austria-809x1024.jpg 809w, https:\/\/cestysemtam.cz\/wp-content\/uploads\/2025\/09\/28_Goettweig_Austria-480x608.jpg 480w\" sizes=\"(min-width: 0px) and (max-width: 480px) 480px, (min-width: 481px) 809px, 100vw\" \/><\/a>\n\t\t\t<\/dt>\n\t\t\t\t<dd class='wp-caption-text gallery-caption' id='gallery-14-7899'>\n\t\t\t\tThe Church of the Assumption of the Virgin Mary\n\t\t\t\t<\/dd><\/dl><br style=\"clear: both\" \/>\n\t\t<\/div>\n\n<p>Within the grounds, you can also visit the <strong>monastery museum<\/strong>, which features, among other things, the monumental Imperial Staircase with a ceiling fresco by Paul Troger. It is one of the most beautiful and largest Baroque staircases in Europe. Special exhibitions of the abbey's art collections are held annually in the adjacent princely and imperial rooms.<\/p>\n<p>At the restaurant with a panoramic view, you can enjoy regional specialties and wines from the abbey's own vineyards. The monastery also offers accommodation at the <strong><a href=\"https:\/\/www.stiftgoettweig.at\/portal\/en\/visitexperience\/guesthouse\" target=\"_blank\" rel=\"noopener\">G\u00f6ttweig Abbey Pension<\/a><\/strong>.<\/p>\n<p>Free parking is available directly in front of the monastery entrance.<\/p>\n<p>Address: Stift G\u00f6ttweig 1, Furth bei G\u00f6ttweig<\/p>\n<p>&nbsp;<\/p>\n<h5>Our final tip for cycling enthusiasts:<\/h5>\n<p>The entire Wachau Valley is part of the <strong><a href=\"https:\/\/www.danube-cycle-path.com\/\" target=\"_blank\" rel=\"noopener\">Danube Cycle Path<\/a><\/strong> that follows the EuroVelo 6 route through the legendary Nibelungengau and the unique Wachau region. It passes by Melk Abbey, the cultural city of Krems, and the flower city of Tulln, then continues through Klosterneuburg, Vienna, Petronell and Hainburg to Bratislava.<\/p>","protected":false},"excerpt":{"rendered":"<p>Wachau, jedno z\u00a0nejkr\u00e1sn\u011bj\u0161\u00edch \u00fadol\u00ed v\u00a0Doln\u00edch Rakous\u00edch, je utv\u00e1\u0159eno elegantn\u00edmi z\u00e1krutami pr\u016fzra\u010dn\u011b modr\u00e9 \u0159eky Dunaj a zelen\u00fdmi okoln\u00edmi kopci, kter\u00e9 jsou poset\u00e9 terasovit\u00fdmi vinicemi a meru\u0148kov\u00fdmi sady. Jedine\u010dn\u00e1 \u0159\u00ed\u010dn\u00ed krajina mezi m\u011bsty Melk a Krem\u017ee (Krems an der Donau) tak d\u011bl\u00e1 z\u00a0\u00fadol\u00ed Wachau, kter\u00e9 je na Seznamu sv\u011btov\u00e9ho d\u011bdictv\u00ed UNESCO, pravd\u011bpodobn\u011b nejv\u00fdznamn\u011bj\u0161\u00ed rakousk\u00fd vina\u0159sk\u00fd klenot. Cel\u00e1 [&hellip;]<\/p>\n","protected":false},"author":3,"featured_media":7871,"comment_status":"closed","ping_status":"closed","sticky":false,"template":"","format":"standard","meta":{"_et_pb_use_builder":"","_et_pb_old_content":"","_et_gb_content_width":"","footnotes":""},"categories":[15],"tags":[20,9,43,31],"class_list":["post-7865","post","type-post","status-publish","format-standard","has-post-thumbnail","hentry","category-rakousko","tag-hrady","tag-klastery","tag-kostely","tag-muzea"],"yoast_head":"<!-- This site is optimized with the Yoast SEO plugin v27.1.1 - https:\/\/yoast.com\/product\/yoast-seo-wordpress\/ -->\n<title>\u00dadol\u00ed Wachau: modro-zelen\u00e1 perla Rakouska - Cesty Sem Tam<\/title>\n<meta name=\"robots\" content=\"index, follow, max-snippet:-1, max-image-preview:large, max-video-preview:-1\" \/>\n<link rel=\"canonical\" href=\"https:\/\/cestysemtam.cz\/en\/rakousko\/udoli-wachau-modro-zelena-perla-rakouska\/\" \/>\n<meta property=\"og:locale\" content=\"en_GB\" \/>\n<meta property=\"og:type\" content=\"article\" \/>\n<meta property=\"og:title\" content=\"\u00dadol\u00ed Wachau: modro-zelen\u00e1 perla Rakouska - Cesty Sem Tam\" \/>\n<meta property=\"og:description\" content=\"Wachau, jedno z\u00a0nejkr\u00e1sn\u011bj\u0161\u00edch \u00fadol\u00ed v\u00a0Doln\u00edch Rakous\u00edch, je utv\u00e1\u0159eno elegantn\u00edmi z\u00e1krutami pr\u016fzra\u010dn\u011b modr\u00e9 \u0159eky Dunaj a zelen\u00fdmi okoln\u00edmi kopci, kter\u00e9 jsou poset\u00e9 terasovit\u00fdmi vinicemi a meru\u0148kov\u00fdmi sady. Jedine\u010dn\u00e1 \u0159\u00ed\u010dn\u00ed krajina mezi m\u011bsty Melk a Krem\u017ee (Krems an der Donau) tak d\u011bl\u00e1 z\u00a0\u00fadol\u00ed Wachau, kter\u00e9 je na Seznamu sv\u011btov\u00e9ho d\u011bdictv\u00ed UNESCO, pravd\u011bpodobn\u011b nejv\u00fdznamn\u011bj\u0161\u00ed rakousk\u00fd vina\u0159sk\u00fd klenot. Cel\u00e1 [&hellip;]\" \/>\n<meta property=\"og:url\" content=\"https:\/\/cestysemtam.cz\/en\/rakousko\/udoli-wachau-modro-zelena-perla-rakouska\/\" \/>\n<meta property=\"og:site_name\" content=\"Cesty Sem Tam\" \/>\n<meta property=\"article:publisher\" content=\"https:\/\/www.facebook.com\/profile.php?id=61572455318171\" \/>\n<meta property=\"article:published_time\" content=\"2025-09-06T14:24:04+00:00\" \/>\n<meta property=\"article:modified_time\" content=\"2025-09-06T14:27:33+00:00\" \/>\n<meta property=\"og:image\" content=\"https:\/\/cestysemtam.cz\/wp-content\/uploads\/2025\/09\/00_Wachau_Austria_PB.jpg\" \/>\n\t<meta property=\"og:image:width\" content=\"1300\" \/>\n\t<meta property=\"og:image:height\" content=\"867\" \/>\n\t<meta property=\"og:image:type\" content=\"image\/jpeg\" \/>\n<meta name=\"author\" content=\"kata\" \/>\n<meta name=\"twitter:card\" content=\"summary_large_image\" \/>\n<meta name=\"twitter:creator\" content=\"@Cestysemtam\" \/>\n<meta name=\"twitter:site\" content=\"@Cestysemtam\" \/>\n<meta name=\"twitter:label1\" content=\"Written by\" \/>\n\t<meta name=\"twitter:data1\" content=\"kata\" \/>\n\t<meta name=\"twitter:label2\" content=\"Estimated reading time\" \/>\n\t<meta name=\"twitter:data2\" content=\"8 minutes\" \/>\n<script type=\"application\/ld+json\" class=\"yoast-schema-graph\">{\"@context\":\"https:\/\/schema.org\",\"@graph\":[{\"@type\":\"Article\",\"@id\":\"https:\/\/cestysemtam.cz\/rakousko\/udoli-wachau-modro-zelena-perla-rakouska\/#article\",\"isPartOf\":{\"@id\":\"https:\/\/cestysemtam.cz\/rakousko\/udoli-wachau-modro-zelena-perla-rakouska\/\"},\"author\":{\"name\":\"kata\",\"@id\":\"https:\/\/cestysemtam.cz\/#\/schema\/person\/2fcc6bbe4d0fc0052a39d9e68b43ea56\"},\"headline\":\"\u00dadol\u00ed Wachau: modro-zelen\u00e1 perla Rakouska\",\"datePublished\":\"2025-09-06T14:24:04+00:00\",\"dateModified\":\"2025-09-06T14:27:33+00:00\",\"mainEntityOfPage\":{\"@id\":\"https:\/\/cestysemtam.cz\/rakousko\/udoli-wachau-modro-zelena-perla-rakouska\/\"},\"wordCount\":1559,\"publisher\":{\"@id\":\"https:\/\/cestysemtam.cz\/#organization\"},\"image\":{\"@id\":\"https:\/\/cestysemtam.cz\/rakousko\/udoli-wachau-modro-zelena-perla-rakouska\/#primaryimage\"},\"thumbnailUrl\":\"https:\/\/cestysemtam.cz\/wp-content\/uploads\/2025\/09\/00_Wachau_Austria_PB.jpg\",\"keywords\":[\"Hrady\",\"Kl\u00e1\u0161tery\",\"Kostely\",\"Muzea\"],\"articleSection\":[\"Rakousko\"],\"inLanguage\":\"en-GB\"},{\"@type\":\"WebPage\",\"@id\":\"https:\/\/cestysemtam.cz\/rakousko\/udoli-wachau-modro-zelena-perla-rakouska\/\",\"url\":\"https:\/\/cestysemtam.cz\/rakousko\/udoli-wachau-modro-zelena-perla-rakouska\/\",\"name\":\"\u00dadol\u00ed Wachau: modro-zelen\u00e1 perla Rakouska - Cesty Sem Tam\",\"isPartOf\":{\"@id\":\"https:\/\/cestysemtam.cz\/#website\"},\"primaryImageOfPage\":{\"@id\":\"https:\/\/cestysemtam.cz\/rakousko\/udoli-wachau-modro-zelena-perla-rakouska\/#primaryimage\"},\"image\":{\"@id\":\"https:\/\/cestysemtam.cz\/rakousko\/udoli-wachau-modro-zelena-perla-rakouska\/#primaryimage\"},\"thumbnailUrl\":\"https:\/\/cestysemtam.cz\/wp-content\/uploads\/2025\/09\/00_Wachau_Austria_PB.jpg\",\"datePublished\":\"2025-09-06T14:24:04+00:00\",\"dateModified\":\"2025-09-06T14:27:33+00:00\",\"breadcrumb\":{\"@id\":\"https:\/\/cestysemtam.cz\/rakousko\/udoli-wachau-modro-zelena-perla-rakouska\/#breadcrumb\"},\"inLanguage\":\"en-GB\",\"potentialAction\":[{\"@type\":\"ReadAction\",\"target\":[\"https:\/\/cestysemtam.cz\/rakousko\/udoli-wachau-modro-zelena-perla-rakouska\/\"]}]},{\"@type\":\"ImageObject\",\"inLanguage\":\"en-GB\",\"@id\":\"https:\/\/cestysemtam.cz\/rakousko\/udoli-wachau-modro-zelena-perla-rakouska\/#primaryimage\",\"url\":\"https:\/\/cestysemtam.cz\/wp-content\/uploads\/2025\/09\/00_Wachau_Austria_PB.jpg\",\"contentUrl\":\"https:\/\/cestysemtam.cz\/wp-content\/uploads\/2025\/09\/00_Wachau_Austria_PB.jpg\",\"width\":1300,\"height\":867},{\"@type\":\"BreadcrumbList\",\"@id\":\"https:\/\/cestysemtam.cz\/rakousko\/udoli-wachau-modro-zelena-perla-rakouska\/#breadcrumb\",\"itemListElement\":[{\"@type\":\"ListItem\",\"position\":1,\"name\":\"Dom\u016f\",\"item\":\"https:\/\/cestysemtam.cz\/\"},{\"@type\":\"ListItem\",\"position\":2,\"name\":\"\u00dadol\u00ed Wachau: modro-zelen\u00e1 perla Rakouska\"}]},{\"@type\":\"WebSite\",\"@id\":\"https:\/\/cestysemtam.cz\/#website\",\"url\":\"https:\/\/cestysemtam.cz\/\",\"name\":\"Cesty Sem Tam\",\"description\":\"Cestovatelsk\u00fd blog\",\"publisher\":{\"@id\":\"https:\/\/cestysemtam.cz\/#organization\"},\"potentialAction\":[{\"@type\":\"SearchAction\",\"target\":{\"@type\":\"EntryPoint\",\"urlTemplate\":\"https:\/\/cestysemtam.cz\/?s={search_term_string}\"},\"query-input\":{\"@type\":\"PropertyValueSpecification\",\"valueRequired\":true,\"valueName\":\"search_term_string\"}}],\"inLanguage\":\"en-GB\"},{\"@type\":\"Organization\",\"@id\":\"https:\/\/cestysemtam.cz\/#organization\",\"name\":\"Cesty Sem Tam\",\"url\":\"https:\/\/cestysemtam.cz\/\",\"logo\":{\"@type\":\"ImageObject\",\"inLanguage\":\"en-GB\",\"@id\":\"https:\/\/cestysemtam.cz\/#\/schema\/logo\/image\/\",\"url\":\"https:\/\/cestysemtam.cz\/wp-content\/uploads\/2023\/12\/logo-Cesty-Sem-Tam-1000px.png\",\"contentUrl\":\"https:\/\/cestysemtam.cz\/wp-content\/uploads\/2023\/12\/logo-Cesty-Sem-Tam-1000px.png\",\"width\":1000,\"height\":249,\"caption\":\"Cesty Sem Tam\"},\"image\":{\"@id\":\"https:\/\/cestysemtam.cz\/#\/schema\/logo\/image\/\"},\"sameAs\":[\"https:\/\/www.facebook.com\/profile.php?id=61572455318171\",\"https:\/\/x.com\/Cestysemtam\",\"https:\/\/www.instagram.com\/cestysemtam\/\",\"https:\/\/cz.pinterest.com\/katka1430\/_created\/\"]},{\"@type\":\"Person\",\"@id\":\"https:\/\/cestysemtam.cz\/#\/schema\/person\/2fcc6bbe4d0fc0052a39d9e68b43ea56\",\"name\":\"kata\",\"url\":\"https:\/\/cestysemtam.cz\/en\/author\/kata\/\"}]}<\/script>\n<!-- \/ Yoast SEO plugin. -->","yoast_head_json":{"title":"\u00dadol\u00ed Wachau: modro-zelen\u00e1 perla Rakouska - Cesty Sem Tam","robots":{"index":"index","follow":"follow","max-snippet":"max-snippet:-1","max-image-preview":"max-image-preview:large","max-video-preview":"max-video-preview:-1"},"canonical":"https:\/\/cestysemtam.cz\/en\/rakousko\/udoli-wachau-modro-zelena-perla-rakouska\/","og_locale":"en_GB","og_type":"article","og_title":"\u00dadol\u00ed Wachau: modro-zelen\u00e1 perla Rakouska - Cesty Sem Tam","og_description":"Wachau, jedno z\u00a0nejkr\u00e1sn\u011bj\u0161\u00edch \u00fadol\u00ed v\u00a0Doln\u00edch Rakous\u00edch, je utv\u00e1\u0159eno elegantn\u00edmi z\u00e1krutami pr\u016fzra\u010dn\u011b modr\u00e9 \u0159eky Dunaj a zelen\u00fdmi okoln\u00edmi kopci, kter\u00e9 jsou poset\u00e9 terasovit\u00fdmi vinicemi a meru\u0148kov\u00fdmi sady. Jedine\u010dn\u00e1 \u0159\u00ed\u010dn\u00ed krajina mezi m\u011bsty Melk a Krem\u017ee (Krems an der Donau) tak d\u011bl\u00e1 z\u00a0\u00fadol\u00ed Wachau, kter\u00e9 je na Seznamu sv\u011btov\u00e9ho d\u011bdictv\u00ed UNESCO, pravd\u011bpodobn\u011b nejv\u00fdznamn\u011bj\u0161\u00ed rakousk\u00fd vina\u0159sk\u00fd klenot. Cel\u00e1 [&hellip;]","og_url":"https:\/\/cestysemtam.cz\/en\/rakousko\/udoli-wachau-modro-zelena-perla-rakouska\/","og_site_name":"Cesty Sem Tam","article_publisher":"https:\/\/www.facebook.com\/profile.php?id=61572455318171","article_published_time":"2025-09-06T14:24:04+00:00","article_modified_time":"2025-09-06T14:27:33+00:00","og_image":[{"width":1300,"height":867,"url":"https:\/\/cestysemtam.cz\/wp-content\/uploads\/2025\/09\/00_Wachau_Austria_PB.jpg","type":"image\/jpeg"}],"author":"kata","twitter_card":"summary_large_image","twitter_creator":"@Cestysemtam","twitter_site":"@Cestysemtam","twitter_misc":{"Written by":"kata","Estimated reading time":"8 minutes"},"schema":{"@context":"https:\/\/schema.org","@graph":[{"@type":"Article","@id":"https:\/\/cestysemtam.cz\/rakousko\/udoli-wachau-modro-zelena-perla-rakouska\/#article","isPartOf":{"@id":"https:\/\/cestysemtam.cz\/rakousko\/udoli-wachau-modro-zelena-perla-rakouska\/"},"author":{"name":"kata","@id":"https:\/\/cestysemtam.cz\/#\/schema\/person\/2fcc6bbe4d0fc0052a39d9e68b43ea56"},"headline":"\u00dadol\u00ed Wachau: modro-zelen\u00e1 perla Rakouska","datePublished":"2025-09-06T14:24:04+00:00","dateModified":"2025-09-06T14:27:33+00:00","mainEntityOfPage":{"@id":"https:\/\/cestysemtam.cz\/rakousko\/udoli-wachau-modro-zelena-perla-rakouska\/"},"wordCount":1559,"publisher":{"@id":"https:\/\/cestysemtam.cz\/#organization"},"image":{"@id":"https:\/\/cestysemtam.cz\/rakousko\/udoli-wachau-modro-zelena-perla-rakouska\/#primaryimage"},"thumbnailUrl":"https:\/\/cestysemtam.cz\/wp-content\/uploads\/2025\/09\/00_Wachau_Austria_PB.jpg","keywords":["Hrady","Kl\u00e1\u0161tery","Kostely","Muzea"],"articleSection":["Rakousko"],"inLanguage":"en-GB"},{"@type":"WebPage","@id":"https:\/\/cestysemtam.cz\/rakousko\/udoli-wachau-modro-zelena-perla-rakouska\/","url":"https:\/\/cestysemtam.cz\/rakousko\/udoli-wachau-modro-zelena-perla-rakouska\/","name":"\u00dadol\u00ed Wachau: modro-zelen\u00e1 perla Rakouska - Cesty Sem Tam","isPartOf":{"@id":"https:\/\/cestysemtam.cz\/#website"},"primaryImageOfPage":{"@id":"https:\/\/cestysemtam.cz\/rakousko\/udoli-wachau-modro-zelena-perla-rakouska\/#primaryimage"},"image":{"@id":"https:\/\/cestysemtam.cz\/rakousko\/udoli-wachau-modro-zelena-perla-rakouska\/#primaryimage"},"thumbnailUrl":"https:\/\/cestysemtam.cz\/wp-content\/uploads\/2025\/09\/00_Wachau_Austria_PB.jpg","datePublished":"2025-09-06T14:24:04+00:00","dateModified":"2025-09-06T14:27:33+00:00","breadcrumb":{"@id":"https:\/\/cestysemtam.cz\/rakousko\/udoli-wachau-modro-zelena-perla-rakouska\/#breadcrumb"},"inLanguage":"en-GB","potentialAction":[{"@type":"ReadAction","target":["https:\/\/cestysemtam.cz\/rakousko\/udoli-wachau-modro-zelena-perla-rakouska\/"]}]},{"@type":"ImageObject","inLanguage":"en-GB","@id":"https:\/\/cestysemtam.cz\/rakousko\/udoli-wachau-modro-zelena-perla-rakouska\/#primaryimage","url":"https:\/\/cestysemtam.cz\/wp-content\/uploads\/2025\/09\/00_Wachau_Austria_PB.jpg","contentUrl":"https:\/\/cestysemtam.cz\/wp-content\/uploads\/2025\/09\/00_Wachau_Austria_PB.jpg","width":1300,"height":867},{"@type":"BreadcrumbList","@id":"https:\/\/cestysemtam.cz\/rakousko\/udoli-wachau-modro-zelena-perla-rakouska\/#breadcrumb","itemListElement":[{"@type":"ListItem","position":1,"name":"Dom\u016f","item":"https:\/\/cestysemtam.cz\/"},{"@type":"ListItem","position":2,"name":"\u00dadol\u00ed Wachau: modro-zelen\u00e1 perla Rakouska"}]},{"@type":"WebSite","@id":"https:\/\/cestysemtam.cz\/#website","url":"https:\/\/cestysemtam.cz\/","name":"Cesty Sem Tam","description":"Cestovatelsk\u00fd blog","publisher":{"@id":"https:\/\/cestysemtam.cz\/#organization"},"potentialAction":[{"@type":"SearchAction","target":{"@type":"EntryPoint","urlTemplate":"https:\/\/cestysemtam.cz\/?s={search_term_string}"},"query-input":{"@type":"PropertyValueSpecification","valueRequired":true,"valueName":"search_term_string"}}],"inLanguage":"en-GB"},{"@type":"Organization","@id":"https:\/\/cestysemtam.cz\/#organization","name":"Cesty Sem Tam","url":"https:\/\/cestysemtam.cz\/","logo":{"@type":"ImageObject","inLanguage":"en-GB","@id":"https:\/\/cestysemtam.cz\/#\/schema\/logo\/image\/","url":"https:\/\/cestysemtam.cz\/wp-content\/uploads\/2023\/12\/logo-Cesty-Sem-Tam-1000px.png","contentUrl":"https:\/\/cestysemtam.cz\/wp-content\/uploads\/2023\/12\/logo-Cesty-Sem-Tam-1000px.png","width":1000,"height":249,"caption":"Cesty Sem Tam"},"image":{"@id":"https:\/\/cestysemtam.cz\/#\/schema\/logo\/image\/"},"sameAs":["https:\/\/www.facebook.com\/profile.php?id=61572455318171","https:\/\/x.com\/Cestysemtam","https:\/\/www.instagram.com\/cestysemtam\/","https:\/\/cz.pinterest.com\/katka1430\/_created\/"]},{"@type":"Person","@id":"https:\/\/cestysemtam.cz\/#\/schema\/person\/2fcc6bbe4d0fc0052a39d9e68b43ea56","name":"kata","url":"https:\/\/cestysemtam.cz\/en\/author\/kata\/"}]}},"_links":{"self":[{"href":"https:\/\/cestysemtam.cz\/en\/wp-json\/wp\/v2\/posts\/7865","targetHints":{"allow":["GET"]}}],"collection":[{"href":"https:\/\/cestysemtam.cz\/en\/wp-json\/wp\/v2\/posts"}],"about":[{"href":"https:\/\/cestysemtam.cz\/en\/wp-json\/wp\/v2\/types\/post"}],"author":[{"embeddable":true,"href":"https:\/\/cestysemtam.cz\/en\/wp-json\/wp\/v2\/users\/3"}],"replies":[{"embeddable":true,"href":"https:\/\/cestysemtam.cz\/en\/wp-json\/wp\/v2\/comments?post=7865"}],"version-history":[{"count":5,"href":"https:\/\/cestysemtam.cz\/en\/wp-json\/wp\/v2\/posts\/7865\/revisions"}],"predecessor-version":[{"id":7903,"href":"https:\/\/cestysemtam.cz\/en\/wp-json\/wp\/v2\/posts\/7865\/revisions\/7903"}],"wp:featuredmedia":[{"embeddable":true,"href":"https:\/\/cestysemtam.cz\/en\/wp-json\/wp\/v2\/media\/7871"}],"wp:attachment":[{"href":"https:\/\/cestysemtam.cz\/en\/wp-json\/wp\/v2\/media?parent=7865"}],"wp:term":[{"taxonomy":"category","embeddable":true,"href":"https:\/\/cestysemtam.cz\/en\/wp-json\/wp\/v2\/categories?post=7865"},{"taxonomy":"post_tag","embeddable":true,"href":"https:\/\/cestysemtam.cz\/en\/wp-json\/wp\/v2\/tags?post=7865"}],"curies":[{"name":"wp","href":"https:\/\/api.w.org\/{rel}","templated":true}]}}