{"id":7868,"date":"2025-09-07T06:16:56","date_gmt":"2025-09-07T05:16:56","guid":{"rendered":"https:\/\/cestysemtam.cz\/?p=7868"},"modified":"2025-09-07T07:08:35","modified_gmt":"2025-09-07T06:08:35","slug":"za-poklady-korutan-od-hrdych-hradu-k-tichym-svatynim","status":"publish","type":"post","link":"https:\/\/cestysemtam.cz\/en\/rakousko\/za-poklady-korutan-od-hrdych-hradu-k-tichym-svatynim\/","title":{"rendered":"The treasures of Carinthia: from proud castles to quiet sanctuaries"},"content":{"rendered":"<p>The federal state of Carinthia (K\u00e4rnten), a jewel of southern Austria, represents a tranquil corner full of natural and historical treasures. It is a land of lakes with crystal blue water, mountain panoramas and monuments worth discovering.<\/p>\n<p>Join us on a journey to three icons you must experience firsthand: the guardian of the region, Hochosterwitz Castle; the spiritual centre of Maria Saal; and the treasury of art, Gurk Cathedral.<\/p>\n<p>&nbsp;<\/p>\n<h4>Maria Saal<\/h4>\n<p>Wandering through the market town of Maria Saal is like traveling from one historical epoch to another. The town is particularly famous for its <strong><a href=\"https:\/\/www.kath-kirche-kaernten.at\/pfarren\/detail\/C3060\/der_maria_saaler_dom\" target=\"_blank\" rel=\"noopener\">Cathedral of the Assumption of Mary<\/a><\/strong> (Dom Maria Himmelfahrt), which represents <strong>the most significant Gothic sacral building<\/strong> in Carinthia.<\/p>\n<p>The first pilgrimage church on the site of today's cathedral was built by Carinthia's apostle, Modestus, as early as the 8th century. From here, the second wave of Christianization spread throughout all of Carinthia. Modestus's tomb can still be found in the cathedral today.<\/p>\n\n\t\t<style type=\"text\/css\">\n\t\t\t#gallery-1 {\n\t\t\t\tmargin: auto;\n\t\t\t}\n\t\t\t#gallery-1 .gallery-item {\n\t\t\t\tfloat: left;\n\t\t\t\tmargin-top: 10px;\n\t\t\t\ttext-align: center;\n\t\t\t\twidth: 50%;\n\t\t\t}\n\t\t\t#gallery-1 img {\n\t\t\t\tborder: 2px solid #cfcfcf;\n\t\t\t}\n\t\t\t#gallery-1 .gallery-caption {\n\t\t\t\tmargin-left: 0;\n\t\t\t}\n\t\t\t\/* see gallery_shortcode() in wp-includes\/media.php *\/\n\t\t<\/style>\n\t\t<div id='gallery-1' class='gallery galleryid-7868 gallery-columns-2 gallery-size-large'><dl class='gallery-item'>\n\t\t\t<dt class='gallery-icon landscape'>\n\t\t\t\t<a href='https:\/\/cestysemtam.cz\/wp-content\/uploads\/2025\/09\/01_Maria_Saal_Austria_PB.jpg'><img loading=\"lazy\" decoding=\"async\" width=\"1024\" height=\"720\" src=\"https:\/\/cestysemtam.cz\/wp-content\/uploads\/2025\/09\/01_Maria_Saal_Austria_PB-1024x720.jpg\" class=\"attachment-large size-large\" alt=\"\" aria-describedby=\"gallery-1-7906\" srcset=\"https:\/\/cestysemtam.cz\/wp-content\/uploads\/2025\/09\/01_Maria_Saal_Austria_PB-980x689.jpg 980w, https:\/\/cestysemtam.cz\/wp-content\/uploads\/2025\/09\/01_Maria_Saal_Austria_PB-480x338.jpg 480w\" sizes=\"(min-width: 0px) and (max-width: 480px) 480px, (min-width: 481px) and (max-width: 980px) 980px, (min-width: 981px) 1024px, 100vw\" \/><\/a>\n\t\t\t<\/dt>\n\t\t\t\t<dd class='wp-caption-text gallery-caption' id='gallery-1-7906'>\n\t\t\t\tCathedral of the Assumption of Mary\n\t\t\t\t<\/dd><\/dl><dl class='gallery-item'>\n\t\t\t<dt class='gallery-icon landscape'>\n\t\t\t\t<a href='https:\/\/cestysemtam.cz\/wp-content\/uploads\/2025\/09\/02_Maria_Saal_Austria.jpg'><img loading=\"lazy\" decoding=\"async\" width=\"1024\" height=\"720\" src=\"https:\/\/cestysemtam.cz\/wp-content\/uploads\/2025\/09\/02_Maria_Saal_Austria-1024x720.jpg\" class=\"attachment-large size-large\" alt=\"\" aria-describedby=\"gallery-1-7907\" srcset=\"https:\/\/cestysemtam.cz\/wp-content\/uploads\/2025\/09\/02_Maria_Saal_Austria-980x689.jpg 980w, https:\/\/cestysemtam.cz\/wp-content\/uploads\/2025\/09\/02_Maria_Saal_Austria-480x338.jpg 480w\" sizes=\"(min-width: 0px) and (max-width: 480px) 480px, (min-width: 481px) and (max-width: 980px) 980px, (min-width: 981px) 1024px, 100vw\" \/><\/a>\n\t\t\t<\/dt>\n\t\t\t\t<dd class='wp-caption-text gallery-caption' id='gallery-1-7907'>\n\t\t\t\tEntrance to the cathedral complex\n\t\t\t\t<\/dd><\/dl><br style=\"clear: both\" \/>\n\t\t<\/div>\n\n<p>The church was later fortified along with the surrounding monastery buildings and thus withstood even the Turkish invasions of the 15th century. After a devastating fire in the 17th century, this sacred structure was restored and thus acquired its present form. On this occasion, the largest bell in Carinthia, the \"Maria Saalerin,\" was cast for the north tower and consecrated in 1688.<\/p>\n\n\t\t<style type=\"text\/css\">\n\t\t\t#gallery-2 {\n\t\t\t\tmargin: auto;\n\t\t\t}\n\t\t\t#gallery-2 .gallery-item {\n\t\t\t\tfloat: left;\n\t\t\t\tmargin-top: 10px;\n\t\t\t\ttext-align: center;\n\t\t\t\twidth: 50%;\n\t\t\t}\n\t\t\t#gallery-2 img {\n\t\t\t\tborder: 2px solid #cfcfcf;\n\t\t\t}\n\t\t\t#gallery-2 .gallery-caption {\n\t\t\t\tmargin-left: 0;\n\t\t\t}\n\t\t\t\/* see gallery_shortcode() in wp-includes\/media.php *\/\n\t\t<\/style>\n\t\t<div id='gallery-2' class='gallery galleryid-7868 gallery-columns-2 gallery-size-large'><dl class='gallery-item'>\n\t\t\t<dt class='gallery-icon portrait'>\n\t\t\t\t<a href='https:\/\/cestysemtam.cz\/wp-content\/uploads\/2025\/09\/03_Maria_Saal_Austria.jpg'><img loading=\"lazy\" decoding=\"async\" width=\"809\" height=\"1024\" src=\"https:\/\/cestysemtam.cz\/wp-content\/uploads\/2025\/09\/03_Maria_Saal_Austria-809x1024.jpg\" class=\"attachment-large size-large\" alt=\"\" aria-describedby=\"gallery-2-7908\" srcset=\"https:\/\/cestysemtam.cz\/wp-content\/uploads\/2025\/09\/03_Maria_Saal_Austria-809x1024.jpg 809w, https:\/\/cestysemtam.cz\/wp-content\/uploads\/2025\/09\/03_Maria_Saal_Austria-480x608.jpg 480w\" sizes=\"(min-width: 0px) and (max-width: 480px) 480px, (min-width: 481px) 809px, 100vw\" \/><\/a>\n\t\t\t<\/dt>\n\t\t\t\t<dd class='wp-caption-text gallery-caption' id='gallery-2-7908'>\n\t\t\t\tCathedral of the Assumption of Mary\n\t\t\t\t<\/dd><\/dl><dl class='gallery-item'>\n\t\t\t<dt class='gallery-icon portrait'>\n\t\t\t\t<a href='https:\/\/cestysemtam.cz\/wp-content\/uploads\/2025\/09\/04_Maria_Saal_Austria.jpg'><img loading=\"lazy\" decoding=\"async\" width=\"809\" height=\"1024\" src=\"https:\/\/cestysemtam.cz\/wp-content\/uploads\/2025\/09\/04_Maria_Saal_Austria-809x1024.jpg\" class=\"attachment-large size-large\" alt=\"\" aria-describedby=\"gallery-2-7909\" srcset=\"https:\/\/cestysemtam.cz\/wp-content\/uploads\/2025\/09\/04_Maria_Saal_Austria-809x1024.jpg 809w, https:\/\/cestysemtam.cz\/wp-content\/uploads\/2025\/09\/04_Maria_Saal_Austria-480x608.jpg 480w\" sizes=\"(min-width: 0px) and (max-width: 480px) 480px, (min-width: 481px) 809px, 100vw\" \/><\/a>\n\t\t\t<\/dt>\n\t\t\t\t<dd class='wp-caption-text gallery-caption' id='gallery-2-7909'>\n\t\t\t\tCathedral of the Assumption of Mary\n\t\t\t\t<\/dd><\/dl><br style=\"clear: both\" \/>\n\t\t<\/div>\n\n<p>Opposite the cathedral stands a late Gothic <strong>cemetery chapel<\/strong> with a mortuary, boasting magnificent ceiling frescoes. In its early days, the building likely also served as a baptistery. It is also known as the \"Octagon,\" despite actually having nine sides.<\/p>\n<p>The entire complex still serves today as a <strong>spiritual centre<\/strong> and a place of pilgrimage for believers from across the region.<\/p>\n<p>Address: Domplatz 94, Maria Saal<\/p>\n<p>&nbsp;<br \/>\nYou can park for free in the car park just below the cathedral at the intersection of the L86 and Arndorfer Stra\u03b2e roads.<\/p>\n\n\t\t<style type=\"text\/css\">\n\t\t\t#gallery-3 {\n\t\t\t\tmargin: auto;\n\t\t\t}\n\t\t\t#gallery-3 .gallery-item {\n\t\t\t\tfloat: left;\n\t\t\t\tmargin-top: 10px;\n\t\t\t\ttext-align: center;\n\t\t\t\twidth: 50%;\n\t\t\t}\n\t\t\t#gallery-3 img {\n\t\t\t\tborder: 2px solid #cfcfcf;\n\t\t\t}\n\t\t\t#gallery-3 .gallery-caption {\n\t\t\t\tmargin-left: 0;\n\t\t\t}\n\t\t\t\/* see gallery_shortcode() in wp-includes\/media.php *\/\n\t\t<\/style>\n\t\t<div id='gallery-3' class='gallery galleryid-7868 gallery-columns-2 gallery-size-large'><dl class='gallery-item'>\n\t\t\t<dt class='gallery-icon portrait'>\n\t\t\t\t<a href='https:\/\/cestysemtam.cz\/wp-content\/uploads\/2025\/09\/05_Maria_Saal_Austria_PB.jpg'><img loading=\"lazy\" decoding=\"async\" width=\"809\" height=\"1024\" src=\"https:\/\/cestysemtam.cz\/wp-content\/uploads\/2025\/09\/05_Maria_Saal_Austria_PB-809x1024.jpg\" class=\"attachment-large size-large\" alt=\"\" aria-describedby=\"gallery-3-7910\" srcset=\"https:\/\/cestysemtam.cz\/wp-content\/uploads\/2025\/09\/05_Maria_Saal_Austria_PB-809x1024.jpg 809w, https:\/\/cestysemtam.cz\/wp-content\/uploads\/2025\/09\/05_Maria_Saal_Austria_PB-480x608.jpg 480w\" sizes=\"(min-width: 0px) and (max-width: 480px) 480px, (min-width: 481px) 809px, 100vw\" \/><\/a>\n\t\t\t<\/dt>\n\t\t\t\t<dd class='wp-caption-text gallery-caption' id='gallery-3-7910'>\n\t\t\t\tCemetery chapel\n\t\t\t\t<\/dd><\/dl><dl class='gallery-item'>\n\t\t\t<dt class='gallery-icon portrait'>\n\t\t\t\t<a href='https:\/\/cestysemtam.cz\/wp-content\/uploads\/2025\/09\/06_Maria_Saal_Austria.jpg'><img loading=\"lazy\" decoding=\"async\" width=\"809\" height=\"1024\" src=\"https:\/\/cestysemtam.cz\/wp-content\/uploads\/2025\/09\/06_Maria_Saal_Austria-809x1024.jpg\" class=\"attachment-large size-large\" alt=\"\" aria-describedby=\"gallery-3-7911\" srcset=\"https:\/\/cestysemtam.cz\/wp-content\/uploads\/2025\/09\/06_Maria_Saal_Austria-809x1024.jpg 809w, https:\/\/cestysemtam.cz\/wp-content\/uploads\/2025\/09\/06_Maria_Saal_Austria-480x608.jpg 480w\" sizes=\"(min-width: 0px) and (max-width: 480px) 480px, (min-width: 481px) 809px, 100vw\" \/><\/a>\n\t\t\t<\/dt>\n\t\t\t\t<dd class='wp-caption-text gallery-caption' id='gallery-3-7911'>\n\t\t\t\tCemetery chapel\n\t\t\t\t<\/dd><\/dl><br style=\"clear: both\" \/>\n\t\t<\/div>\n\n<p>Another place definitely worth visiting is the <strong><a href=\"https:\/\/landesmuseum.ktn.gv.at\/standorte\/kfm\" target=\"_blank\" rel=\"noopener\">Carinthian Open-Air Museum<\/a><\/strong> (K\u00e4rntner Freilichtmuseum), which is <strong>the oldest museum<\/strong> of its kind in Austria. Rural rustic houses, farmsteads and mills collected from various parts of the federal state will transport you back centuries. This idyllic village, created with herb gardens and enclosures, uniquely reveals the way of life in the countryside at that time.<\/p>\n<p>Address: Museumweg 10, Maria Saal<\/p>\n<p>&nbsp;<br \/>\nFree parking is available in the large car park before the footpath to the museum.<\/p>\n\n\t\t<style type=\"text\/css\">\n\t\t\t#gallery-4 {\n\t\t\t\tmargin: auto;\n\t\t\t}\n\t\t\t#gallery-4 .gallery-item {\n\t\t\t\tfloat: left;\n\t\t\t\tmargin-top: 10px;\n\t\t\t\ttext-align: center;\n\t\t\t\twidth: 50%;\n\t\t\t}\n\t\t\t#gallery-4 img {\n\t\t\t\tborder: 2px solid #cfcfcf;\n\t\t\t}\n\t\t\t#gallery-4 .gallery-caption {\n\t\t\t\tmargin-left: 0;\n\t\t\t}\n\t\t\t\/* see gallery_shortcode() in wp-includes\/media.php *\/\n\t\t<\/style>\n\t\t<div id='gallery-4' class='gallery galleryid-7868 gallery-columns-2 gallery-size-large'><dl class='gallery-item'>\n\t\t\t<dt class='gallery-icon landscape'>\n\t\t\t\t<a href='https:\/\/cestysemtam.cz\/wp-content\/uploads\/2025\/09\/07_Maria_Saal_Austria.jpg'><img loading=\"lazy\" decoding=\"async\" width=\"1024\" height=\"720\" src=\"https:\/\/cestysemtam.cz\/wp-content\/uploads\/2025\/09\/07_Maria_Saal_Austria-1024x720.jpg\" class=\"attachment-large size-large\" alt=\"\" aria-describedby=\"gallery-4-7912\" srcset=\"https:\/\/cestysemtam.cz\/wp-content\/uploads\/2025\/09\/07_Maria_Saal_Austria-980x689.jpg 980w, https:\/\/cestysemtam.cz\/wp-content\/uploads\/2025\/09\/07_Maria_Saal_Austria-480x338.jpg 480w\" sizes=\"(min-width: 0px) and (max-width: 480px) 480px, (min-width: 481px) and (max-width: 980px) 980px, (min-width: 981px) 1024px, 100vw\" \/><\/a>\n\t\t\t<\/dt>\n\t\t\t\t<dd class='wp-caption-text gallery-caption' id='gallery-4-7912'>\n\t\t\t\tCarinthian Open-Air Museum\n\t\t\t\t<\/dd><\/dl><dl class='gallery-item'>\n\t\t\t<dt class='gallery-icon landscape'>\n\t\t\t\t<a href='https:\/\/cestysemtam.cz\/wp-content\/uploads\/2025\/09\/08_Maria_Saal_Austria.jpg'><img loading=\"lazy\" decoding=\"async\" width=\"1024\" height=\"720\" src=\"https:\/\/cestysemtam.cz\/wp-content\/uploads\/2025\/09\/08_Maria_Saal_Austria-1024x720.jpg\" class=\"attachment-large size-large\" alt=\"\" aria-describedby=\"gallery-4-7913\" srcset=\"https:\/\/cestysemtam.cz\/wp-content\/uploads\/2025\/09\/08_Maria_Saal_Austria-980x689.jpg 980w, https:\/\/cestysemtam.cz\/wp-content\/uploads\/2025\/09\/08_Maria_Saal_Austria-480x338.jpg 480w\" sizes=\"(min-width: 0px) and (max-width: 480px) 480px, (min-width: 481px) and (max-width: 980px) 980px, (min-width: 981px) 1024px, 100vw\" \/><\/a>\n\t\t\t<\/dt>\n\t\t\t\t<dd class='wp-caption-text gallery-caption' id='gallery-4-7913'>\n\t\t\t\tCarinthian Open-Air Museum\n\t\t\t\t<\/dd><\/dl><br style=\"clear: both\" \/>\n\t\t<\/div>\n\n<p>&nbsp;<\/p>\n<h5>Our tip:<\/h5>\n<p>During the time of the Roman province of Noricum, the site of today's Maria Saal was home to its capital town, called Virunum. Subsequent archaeological excavations have brought to light splendid artifacts, including a stone throne from the Bronze Age.<\/p>\n<p>It was here that the dukes would sit to take their oath of allegiance after their coronation. This tradition turned the\u00a0<strong>Ducal Throne of Carinthia<\/strong> (K\u00e4rntner Herzogstuhl) in the open air into a symbol of the legislative power and independence of the Carinthian prince.<\/p>\n<p>The first person verifiably known to have sat on it was Duke Meinhard von Goerz-Tirol in 1286, to whom the German King Rudolf I had granted Carinthia in recognition of his services.<\/p>\n<p>Address: L71, Maria Saal<\/p>\n<p>&nbsp;<br \/>\nFree parking is available a few steps from the monument.<\/p>\n\n\t\t<style type=\"text\/css\">\n\t\t\t#gallery-5 {\n\t\t\t\tmargin: auto;\n\t\t\t}\n\t\t\t#gallery-5 .gallery-item {\n\t\t\t\tfloat: left;\n\t\t\t\tmargin-top: 10px;\n\t\t\t\ttext-align: center;\n\t\t\t\twidth: 50%;\n\t\t\t}\n\t\t\t#gallery-5 img {\n\t\t\t\tborder: 2px solid #cfcfcf;\n\t\t\t}\n\t\t\t#gallery-5 .gallery-caption {\n\t\t\t\tmargin-left: 0;\n\t\t\t}\n\t\t\t\/* see gallery_shortcode() in wp-includes\/media.php *\/\n\t\t<\/style>\n\t\t<div id='gallery-5' class='gallery galleryid-7868 gallery-columns-2 gallery-size-large'><dl class='gallery-item'>\n\t\t\t<dt class='gallery-icon portrait'>\n\t\t\t\t<a href='https:\/\/cestysemtam.cz\/wp-content\/uploads\/2025\/09\/09_Maria_Saal_Austria.jpg'><img loading=\"lazy\" decoding=\"async\" width=\"809\" height=\"1024\" src=\"https:\/\/cestysemtam.cz\/wp-content\/uploads\/2025\/09\/09_Maria_Saal_Austria-809x1024.jpg\" class=\"attachment-large size-large\" alt=\"\" aria-describedby=\"gallery-5-7914\" srcset=\"https:\/\/cestysemtam.cz\/wp-content\/uploads\/2025\/09\/09_Maria_Saal_Austria-809x1024.jpg 809w, https:\/\/cestysemtam.cz\/wp-content\/uploads\/2025\/09\/09_Maria_Saal_Austria-480x608.jpg 480w\" sizes=\"(min-width: 0px) and (max-width: 480px) 480px, (min-width: 481px) 809px, 100vw\" \/><\/a>\n\t\t\t<\/dt>\n\t\t\t\t<dd class='wp-caption-text gallery-caption' id='gallery-5-7914'>\n\t\t\t\tDucal Throne\n\t\t\t\t<\/dd><\/dl><dl class='gallery-item'>\n\t\t\t<dt class='gallery-icon portrait'>\n\t\t\t\t<a href='https:\/\/cestysemtam.cz\/wp-content\/uploads\/2025\/09\/10_Maria_Saal_Austria.jpg'><img loading=\"lazy\" decoding=\"async\" width=\"802\" height=\"1015\" src=\"https:\/\/cestysemtam.cz\/wp-content\/uploads\/2025\/09\/10_Maria_Saal_Austria.jpg\" class=\"attachment-large size-large\" alt=\"\" aria-describedby=\"gallery-5-7915\" srcset=\"https:\/\/cestysemtam.cz\/wp-content\/uploads\/2025\/09\/10_Maria_Saal_Austria.jpg 802w, https:\/\/cestysemtam.cz\/wp-content\/uploads\/2025\/09\/10_Maria_Saal_Austria-480x607.jpg 480w\" sizes=\"(min-width: 0px) and (max-width: 480px) 480px, (min-width: 481px) 802px, 100vw\" \/><\/a>\n\t\t\t<\/dt>\n\t\t\t\t<dd class='wp-caption-text gallery-caption' id='gallery-5-7915'>\n\t\t\t\tDucal Throne\n\t\t\t\t<\/dd><\/dl><br style=\"clear: both\" \/>\n\t\t<\/div>\n\n<p>&nbsp;<\/p>\n<h4>Hochosterwitz Castle<\/h4>\n<p>On our journey, we could not miss one of Austria's most impressive castles, called <a href=\"https:\/\/www.burg-hochosterwitz.com\/en\/\" target=\"_blank\" rel=\"noopener\">Hochosterwitz<\/a>, which proudly towers on a steep dolomite rock.<\/p>\n\n\t\t<style type=\"text\/css\">\n\t\t\t#gallery-6 {\n\t\t\t\tmargin: auto;\n\t\t\t}\n\t\t\t#gallery-6 .gallery-item {\n\t\t\t\tfloat: left;\n\t\t\t\tmargin-top: 10px;\n\t\t\t\ttext-align: center;\n\t\t\t\twidth: 50%;\n\t\t\t}\n\t\t\t#gallery-6 img {\n\t\t\t\tborder: 2px solid #cfcfcf;\n\t\t\t}\n\t\t\t#gallery-6 .gallery-caption {\n\t\t\t\tmargin-left: 0;\n\t\t\t}\n\t\t\t\/* see gallery_shortcode() in wp-includes\/media.php *\/\n\t\t<\/style>\n\t\t<div id='gallery-6' class='gallery galleryid-7868 gallery-columns-2 gallery-size-large'><dl class='gallery-item'>\n\t\t\t<dt class='gallery-icon landscape'>\n\t\t\t\t<a href='https:\/\/cestysemtam.cz\/wp-content\/uploads\/2025\/09\/11_Hochosterwitz_Austria_PB.jpg'><img loading=\"lazy\" decoding=\"async\" width=\"1024\" height=\"720\" src=\"https:\/\/cestysemtam.cz\/wp-content\/uploads\/2025\/09\/11_Hochosterwitz_Austria_PB-1024x720.jpg\" class=\"attachment-large size-large\" alt=\"\" aria-describedby=\"gallery-6-7916\" srcset=\"https:\/\/cestysemtam.cz\/wp-content\/uploads\/2025\/09\/11_Hochosterwitz_Austria_PB-980x689.jpg 980w, https:\/\/cestysemtam.cz\/wp-content\/uploads\/2025\/09\/11_Hochosterwitz_Austria_PB-480x338.jpg 480w\" sizes=\"(min-width: 0px) and (max-width: 480px) 480px, (min-width: 481px) and (max-width: 980px) 980px, (min-width: 981px) 1024px, 100vw\" \/><\/a>\n\t\t\t<\/dt>\n\t\t\t\t<dd class='wp-caption-text gallery-caption' id='gallery-6-7916'>\n\t\t\t\tHochosterwitz Castle\n\t\t\t\t<\/dd><\/dl><dl class='gallery-item'>\n\t\t\t<dt class='gallery-icon landscape'>\n\t\t\t\t<a href='https:\/\/cestysemtam.cz\/wp-content\/uploads\/2025\/09\/12_Hochosterwitz_Austria.jpg'><img loading=\"lazy\" decoding=\"async\" width=\"1024\" height=\"720\" src=\"https:\/\/cestysemtam.cz\/wp-content\/uploads\/2025\/09\/12_Hochosterwitz_Austria-1024x720.jpg\" class=\"attachment-large size-large\" alt=\"\" aria-describedby=\"gallery-6-7917\" srcset=\"https:\/\/cestysemtam.cz\/wp-content\/uploads\/2025\/09\/12_Hochosterwitz_Austria-980x689.jpg 980w, https:\/\/cestysemtam.cz\/wp-content\/uploads\/2025\/09\/12_Hochosterwitz_Austria-480x338.jpg 480w\" sizes=\"(min-width: 0px) and (max-width: 480px) 480px, (min-width: 481px) and (max-width: 980px) 980px, (min-width: 981px) 1024px, 100vw\" \/><\/a>\n\t\t\t<\/dt>\n\t\t\t\t<dd class='wp-caption-text gallery-caption' id='gallery-6-7917'>\n\t\t\t\tView from the castle\n\t\t\t\t<\/dd><\/dl><br style=\"clear: both\" \/>\n\t\t<\/div>\n\n<p>This imposing castle served as a fortified site during the period of the greatest expansion of the Ottoman Empire. Its advantageous position on a high rock was further secured by fourteen large gates built on the steep access path.<\/p>\n<p>Nowadays, of course, less athletic tourists can also visit the structure. They just need to hop on the <strong>panoramic elevator<\/strong> standing right below the rock next to the spacious free parking lot.<\/p>\n\n\t\t<style type=\"text\/css\">\n\t\t\t#gallery-7 {\n\t\t\t\tmargin: auto;\n\t\t\t}\n\t\t\t#gallery-7 .gallery-item {\n\t\t\t\tfloat: left;\n\t\t\t\tmargin-top: 10px;\n\t\t\t\ttext-align: center;\n\t\t\t\twidth: 50%;\n\t\t\t}\n\t\t\t#gallery-7 img {\n\t\t\t\tborder: 2px solid #cfcfcf;\n\t\t\t}\n\t\t\t#gallery-7 .gallery-caption {\n\t\t\t\tmargin-left: 0;\n\t\t\t}\n\t\t\t\/* see gallery_shortcode() in wp-includes\/media.php *\/\n\t\t<\/style>\n\t\t<div id='gallery-7' class='gallery galleryid-7868 gallery-columns-2 gallery-size-large'><dl class='gallery-item'>\n\t\t\t<dt class='gallery-icon landscape'>\n\t\t\t\t<a href='https:\/\/cestysemtam.cz\/wp-content\/uploads\/2025\/09\/13_Hochosterwitz_Austria_.jpg'><img loading=\"lazy\" decoding=\"async\" width=\"1024\" height=\"720\" src=\"https:\/\/cestysemtam.cz\/wp-content\/uploads\/2025\/09\/13_Hochosterwitz_Austria_-1024x720.jpg\" class=\"attachment-large size-large\" alt=\"\" aria-describedby=\"gallery-7-7918\" srcset=\"https:\/\/cestysemtam.cz\/wp-content\/uploads\/2025\/09\/13_Hochosterwitz_Austria_-980x689.jpg 980w, https:\/\/cestysemtam.cz\/wp-content\/uploads\/2025\/09\/13_Hochosterwitz_Austria_-480x338.jpg 480w\" sizes=\"(min-width: 0px) and (max-width: 480px) 480px, (min-width: 481px) and (max-width: 980px) 980px, (min-width: 981px) 1024px, 100vw\" \/><\/a>\n\t\t\t<\/dt>\n\t\t\t\t<dd class='wp-caption-text gallery-caption' id='gallery-7-7918'>\n\t\t\t\tChurch with rose garden\n\t\t\t\t<\/dd><\/dl><dl class='gallery-item'>\n\t\t\t<dt class='gallery-icon landscape'>\n\t\t\t\t<a href='https:\/\/cestysemtam.cz\/wp-content\/uploads\/2025\/09\/14_Hochosterwitz_Austria.jpg'><img loading=\"lazy\" decoding=\"async\" width=\"1024\" height=\"720\" src=\"https:\/\/cestysemtam.cz\/wp-content\/uploads\/2025\/09\/14_Hochosterwitz_Austria-1024x720.jpg\" class=\"attachment-large size-large\" alt=\"\" aria-describedby=\"gallery-7-7919\" srcset=\"https:\/\/cestysemtam.cz\/wp-content\/uploads\/2025\/09\/14_Hochosterwitz_Austria-980x689.jpg 980w, https:\/\/cestysemtam.cz\/wp-content\/uploads\/2025\/09\/14_Hochosterwitz_Austria-480x338.jpg 480w\" sizes=\"(min-width: 0px) and (max-width: 480px) 480px, (min-width: 481px) and (max-width: 980px) 980px, (min-width: 981px) 1024px, 100vw\" \/><\/a>\n\t\t\t<\/dt>\n\t\t\t\t<dd class='wp-caption-text gallery-caption' id='gallery-7-7919'>\n\t\t\t\tView from the castle\n\t\t\t\t<\/dd><\/dl><br style=\"clear: both\" \/>\n\t\t<\/div>\n\n<p>This unique complex includes an armoury, a weapons collection and an interesting gallery of Renaissance paintings. During our walk inside the fortifications, we also visited the castle chapel and the Protestant church, whose entrance gate is made of Italian marble and adorned with figures of penitents.<\/p>\n\n\t\t<style type=\"text\/css\">\n\t\t\t#gallery-8 {\n\t\t\t\tmargin: auto;\n\t\t\t}\n\t\t\t#gallery-8 .gallery-item {\n\t\t\t\tfloat: left;\n\t\t\t\tmargin-top: 10px;\n\t\t\t\ttext-align: center;\n\t\t\t\twidth: 50%;\n\t\t\t}\n\t\t\t#gallery-8 img {\n\t\t\t\tborder: 2px solid #cfcfcf;\n\t\t\t}\n\t\t\t#gallery-8 .gallery-caption {\n\t\t\t\tmargin-left: 0;\n\t\t\t}\n\t\t\t\/* see gallery_shortcode() in wp-includes\/media.php *\/\n\t\t<\/style>\n\t\t<div id='gallery-8' class='gallery galleryid-7868 gallery-columns-2 gallery-size-large'><dl class='gallery-item'>\n\t\t\t<dt class='gallery-icon landscape'>\n\t\t\t\t<a href='https:\/\/cestysemtam.cz\/wp-content\/uploads\/2025\/09\/15_Hochosterwitz_Austria.jpg'><img loading=\"lazy\" decoding=\"async\" width=\"1024\" height=\"720\" src=\"https:\/\/cestysemtam.cz\/wp-content\/uploads\/2025\/09\/15_Hochosterwitz_Austria-1024x720.jpg\" class=\"attachment-large size-large\" alt=\"\" aria-describedby=\"gallery-8-7920\" srcset=\"https:\/\/cestysemtam.cz\/wp-content\/uploads\/2025\/09\/15_Hochosterwitz_Austria-980x689.jpg 980w, https:\/\/cestysemtam.cz\/wp-content\/uploads\/2025\/09\/15_Hochosterwitz_Austria-480x338.jpg 480w\" sizes=\"(min-width: 0px) and (max-width: 480px) 480px, (min-width: 481px) and (max-width: 980px) 980px, (min-width: 981px) 1024px, 100vw\" \/><\/a>\n\t\t\t<\/dt>\n\t\t\t\t<dd class='wp-caption-text gallery-caption' id='gallery-8-7920'>\n\t\t\t\tCastle chapel\n\t\t\t\t<\/dd><\/dl><dl class='gallery-item'>\n\t\t\t<dt class='gallery-icon landscape'>\n\t\t\t\t<a href='https:\/\/cestysemtam.cz\/wp-content\/uploads\/2025\/09\/16_Hochosterwitz_Austria.jpg'><img loading=\"lazy\" decoding=\"async\" width=\"1024\" height=\"720\" src=\"https:\/\/cestysemtam.cz\/wp-content\/uploads\/2025\/09\/16_Hochosterwitz_Austria-1024x720.jpg\" class=\"attachment-large size-large\" alt=\"\" aria-describedby=\"gallery-8-7921\" srcset=\"https:\/\/cestysemtam.cz\/wp-content\/uploads\/2025\/09\/16_Hochosterwitz_Austria-980x689.jpg 980w, https:\/\/cestysemtam.cz\/wp-content\/uploads\/2025\/09\/16_Hochosterwitz_Austria-480x338.jpg 480w\" sizes=\"(min-width: 0px) and (max-width: 480px) 480px, (min-width: 481px) and (max-width: 980px) 980px, (min-width: 981px) 1024px, 100vw\" \/><\/a>\n\t\t\t<\/dt>\n\t\t\t\t<dd class='wp-caption-text gallery-caption' id='gallery-8-7921'>\n\t\t\t\tCastle museum\n\t\t\t\t<\/dd><\/dl><br style=\"clear: both\" \/>\n\t\t<\/div>\n\n<p>The castle also offers an extensive <strong>cultural program<\/strong> with concerts, art exhibitions and festivals. Therefore, we recommend checking out their website as well.<\/p>\n<p>It is also worth mentioning that the current owners of the castle are the Khevenh\u00fcller family, who purchased this unique structure back in the 16th century.<\/p>\n<p>Address: Hochosterwitz 1, Launsdorf<\/p>\n<p>&nbsp;<\/p>\n<h5>Our tip:<\/h5>\n<p>We also visited the <strong>castle restaurant<\/strong> that offers a wide culinary selection, and took the opportunity to sample traditional Carinthian cuisine.<\/p>\n\n\t\t<style type=\"text\/css\">\n\t\t\t#gallery-9 {\n\t\t\t\tmargin: auto;\n\t\t\t}\n\t\t\t#gallery-9 .gallery-item {\n\t\t\t\tfloat: left;\n\t\t\t\tmargin-top: 10px;\n\t\t\t\ttext-align: center;\n\t\t\t\twidth: 50%;\n\t\t\t}\n\t\t\t#gallery-9 img {\n\t\t\t\tborder: 2px solid #cfcfcf;\n\t\t\t}\n\t\t\t#gallery-9 .gallery-caption {\n\t\t\t\tmargin-left: 0;\n\t\t\t}\n\t\t\t\/* see gallery_shortcode() in wp-includes\/media.php *\/\n\t\t<\/style>\n\t\t<div id='gallery-9' class='gallery galleryid-7868 gallery-columns-2 gallery-size-large'><dl class='gallery-item'>\n\t\t\t<dt class='gallery-icon landscape'>\n\t\t\t\t<a href='https:\/\/cestysemtam.cz\/wp-content\/uploads\/2025\/09\/17_Hochosterwitz_Austria.jpg'><img loading=\"lazy\" decoding=\"async\" width=\"1024\" height=\"720\" src=\"https:\/\/cestysemtam.cz\/wp-content\/uploads\/2025\/09\/17_Hochosterwitz_Austria-1024x720.jpg\" class=\"attachment-large size-large\" alt=\"\" aria-describedby=\"gallery-9-7922\" srcset=\"https:\/\/cestysemtam.cz\/wp-content\/uploads\/2025\/09\/17_Hochosterwitz_Austria-980x689.jpg 980w, https:\/\/cestysemtam.cz\/wp-content\/uploads\/2025\/09\/17_Hochosterwitz_Austria-480x338.jpg 480w\" sizes=\"(min-width: 0px) and (max-width: 480px) 480px, (min-width: 481px) and (max-width: 980px) 980px, (min-width: 981px) 1024px, 100vw\" \/><\/a>\n\t\t\t<\/dt>\n\t\t\t\t<dd class='wp-caption-text gallery-caption' id='gallery-9-7922'>\n\t\t\t\tGoulash soup in bread\n\t\t\t\t<\/dd><\/dl><dl class='gallery-item'>\n\t\t\t<dt class='gallery-icon landscape'>\n\t\t\t\t<a href='https:\/\/cestysemtam.cz\/wp-content\/uploads\/2025\/09\/18_Hochosterwitz_Austria.jpg'><img loading=\"lazy\" decoding=\"async\" width=\"1024\" height=\"720\" src=\"https:\/\/cestysemtam.cz\/wp-content\/uploads\/2025\/09\/18_Hochosterwitz_Austria-1024x720.jpg\" class=\"attachment-large size-large\" alt=\"\" aria-describedby=\"gallery-9-7923\" srcset=\"https:\/\/cestysemtam.cz\/wp-content\/uploads\/2025\/09\/18_Hochosterwitz_Austria-980x689.jpg 980w, https:\/\/cestysemtam.cz\/wp-content\/uploads\/2025\/09\/18_Hochosterwitz_Austria-480x338.jpg 480w\" sizes=\"(min-width: 0px) and (max-width: 480px) 480px, (min-width: 481px) and (max-width: 980px) 980px, (min-width: 981px) 1024px, 100vw\" \/><\/a>\n\t\t\t<\/dt>\n\t\t\t\t<dd class='wp-caption-text gallery-caption' id='gallery-9-7923'>\n\t\t\t\tF\u00e4hnrichtor Gate from 1580\n\t\t\t\t<\/dd><\/dl><br style=\"clear: both\" \/>\n\t\t<\/div>\n\n<p>&nbsp;<\/p>\n<h4>Gurk Cathedral<\/h4>\n<p>Our last stop was the beautiful <a href=\"https:\/\/www.kath-kirche-kaernten.at\/dioezese\/organisation\/C2509\" target=\"_blank\" rel=\"noopener\">Gurk Cathedral<\/a> (Dom zu Gurk) with its two 60-meter-high towers. It is one of the most significant preserved Romanesque buildings in Europe.<\/p>\n\n\t\t<style type=\"text\/css\">\n\t\t\t#gallery-10 {\n\t\t\t\tmargin: auto;\n\t\t\t}\n\t\t\t#gallery-10 .gallery-item {\n\t\t\t\tfloat: left;\n\t\t\t\tmargin-top: 10px;\n\t\t\t\ttext-align: center;\n\t\t\t\twidth: 50%;\n\t\t\t}\n\t\t\t#gallery-10 img {\n\t\t\t\tborder: 2px solid #cfcfcf;\n\t\t\t}\n\t\t\t#gallery-10 .gallery-caption {\n\t\t\t\tmargin-left: 0;\n\t\t\t}\n\t\t\t\/* see gallery_shortcode() in wp-includes\/media.php *\/\n\t\t<\/style>\n\t\t<div id='gallery-10' class='gallery galleryid-7868 gallery-columns-2 gallery-size-large'><dl class='gallery-item'>\n\t\t\t<dt class='gallery-icon portrait'>\n\t\t\t\t<a href='https:\/\/cestysemtam.cz\/wp-content\/uploads\/2025\/09\/19_Gurk_Austria.jpg'><img loading=\"lazy\" decoding=\"async\" width=\"808\" height=\"1023\" src=\"https:\/\/cestysemtam.cz\/wp-content\/uploads\/2025\/09\/19_Gurk_Austria.jpg\" class=\"attachment-large size-large\" alt=\"\" aria-describedby=\"gallery-10-7924\" srcset=\"https:\/\/cestysemtam.cz\/wp-content\/uploads\/2025\/09\/19_Gurk_Austria.jpg 808w, https:\/\/cestysemtam.cz\/wp-content\/uploads\/2025\/09\/19_Gurk_Austria-480x608.jpg 480w\" sizes=\"(min-width: 0px) and (max-width: 480px) 480px, (min-width: 481px) 808px, 100vw\" \/><\/a>\n\t\t\t<\/dt>\n\t\t\t\t<dd class='wp-caption-text gallery-caption' id='gallery-10-7924'>\n\t\t\t\tGurk Cathedral\n\t\t\t\t<\/dd><\/dl><dl class='gallery-item'>\n\t\t\t<dt class='gallery-icon portrait'>\n\t\t\t\t<a href='https:\/\/cestysemtam.cz\/wp-content\/uploads\/2025\/09\/20_Gurk_Austria.jpg'><img loading=\"lazy\" decoding=\"async\" width=\"809\" height=\"1024\" src=\"https:\/\/cestysemtam.cz\/wp-content\/uploads\/2025\/09\/20_Gurk_Austria-809x1024.jpg\" class=\"attachment-large size-large\" alt=\"\" aria-describedby=\"gallery-10-7925\" srcset=\"https:\/\/cestysemtam.cz\/wp-content\/uploads\/2025\/09\/20_Gurk_Austria-809x1024.jpg 809w, https:\/\/cestysemtam.cz\/wp-content\/uploads\/2025\/09\/20_Gurk_Austria-480x608.jpg 480w\" sizes=\"(min-width: 0px) and (max-width: 480px) 480px, (min-width: 481px) 809px, 100vw\" \/><\/a>\n\t\t\t<\/dt>\n\t\t\t\t<dd class='wp-caption-text gallery-caption' id='gallery-10-7925'>\n\t\t\t\tGurk Cathedral\n\t\t\t\t<\/dd><\/dl><br style=\"clear: both\" \/>\n\t\t<\/div>\n\n<p>Its most important treasures include the crypt with 100 columns and the tomb of the patron saint of Carinthia, <strong>Saint Hemma<\/strong> of Gurk (Hemma von Gurk), the high Baroque altar and the Lenten veil. The complex also houses a treasury featuring over 300 items that showcase the history of Carinthian sacred art.<\/p>\n<p>The entire site is surrounded by a partially preserved defensive wall with two round towers. Inside the southeastern tower (on the right side of the cathedral) is the modernized <strong>Hemma Spring <\/strong>(Hemmaquelle), whose water is said to be invigorating and strengthening.<\/p>\n<p>Address: Domplatz 11, Gurk<\/p>\n<p>&nbsp;<br \/>\nParking: We parked the car at the Domplatz right next to the \"Cafe Dom\".<\/p>\n\n\t\t<style type=\"text\/css\">\n\t\t\t#gallery-11 {\n\t\t\t\tmargin: auto;\n\t\t\t}\n\t\t\t#gallery-11 .gallery-item {\n\t\t\t\tfloat: left;\n\t\t\t\tmargin-top: 10px;\n\t\t\t\ttext-align: center;\n\t\t\t\twidth: 50%;\n\t\t\t}\n\t\t\t#gallery-11 img {\n\t\t\t\tborder: 2px solid #cfcfcf;\n\t\t\t}\n\t\t\t#gallery-11 .gallery-caption {\n\t\t\t\tmargin-left: 0;\n\t\t\t}\n\t\t\t\/* see gallery_shortcode() in wp-includes\/media.php *\/\n\t\t<\/style>\n\t\t<div id='gallery-11' class='gallery galleryid-7868 gallery-columns-2 gallery-size-large'><dl class='gallery-item'>\n\t\t\t<dt class='gallery-icon portrait'>\n\t\t\t\t<a href='https:\/\/cestysemtam.cz\/wp-content\/uploads\/2025\/09\/21_Gurk_Austria.jpg'><img loading=\"lazy\" decoding=\"async\" width=\"809\" height=\"1024\" src=\"https:\/\/cestysemtam.cz\/wp-content\/uploads\/2025\/09\/21_Gurk_Austria-809x1024.jpg\" class=\"attachment-large size-large\" alt=\"\" aria-describedby=\"gallery-11-7926\" srcset=\"https:\/\/cestysemtam.cz\/wp-content\/uploads\/2025\/09\/21_Gurk_Austria-809x1024.jpg 809w, https:\/\/cestysemtam.cz\/wp-content\/uploads\/2025\/09\/21_Gurk_Austria-480x608.jpg 480w\" sizes=\"(min-width: 0px) and (max-width: 480px) 480px, (min-width: 481px) 809px, 100vw\" \/><\/a>\n\t\t\t<\/dt>\n\t\t\t\t<dd class='wp-caption-text gallery-caption' id='gallery-11-7926'>\n\t\t\t\tHemma Spring\n\t\t\t\t<\/dd><\/dl><dl class='gallery-item'>\n\t\t\t<dt class='gallery-icon portrait'>\n\t\t\t\t<a href='https:\/\/cestysemtam.cz\/wp-content\/uploads\/2025\/09\/22_Gurk_Austria.jpg'><img loading=\"lazy\" decoding=\"async\" width=\"809\" height=\"1024\" src=\"https:\/\/cestysemtam.cz\/wp-content\/uploads\/2025\/09\/22_Gurk_Austria-809x1024.jpg\" class=\"attachment-large size-large\" alt=\"\" aria-describedby=\"gallery-11-7927\" srcset=\"https:\/\/cestysemtam.cz\/wp-content\/uploads\/2025\/09\/22_Gurk_Austria-809x1024.jpg 809w, https:\/\/cestysemtam.cz\/wp-content\/uploads\/2025\/09\/22_Gurk_Austria-480x608.jpg 480w\" sizes=\"(min-width: 0px) and (max-width: 480px) 480px, (min-width: 481px) 809px, 100vw\" \/><\/a>\n\t\t\t<\/dt>\n\t\t\t\t<dd class='wp-caption-text gallery-caption' id='gallery-11-7927'>\n\t\t\t\tSt. Hemma\n\t\t\t\t<\/dd><\/dl><br style=\"clear: both\" \/>\n\t\t<\/div>\n\n<p>&nbsp;<\/p>\n<p>&nbsp;<\/p>\n<h5>A tip for something sweet:<\/h5>\n<p>After a busy trip, we replenished our energy at the\u00a0<strong>Erian pastry shop<\/strong>, which stands opposite the cathedral and has a great selection of desserts and drinks. We had hot raspberries, which the locals call \"Hei\u00dfe Liebe\" or \"Hot Love\".<\/p>\n<p>Address: Domplatz 6, Gurk<\/p>\n\n\t\t<style type=\"text\/css\">\n\t\t\t#gallery-12 {\n\t\t\t\tmargin: auto;\n\t\t\t}\n\t\t\t#gallery-12 .gallery-item {\n\t\t\t\tfloat: left;\n\t\t\t\tmargin-top: 10px;\n\t\t\t\ttext-align: center;\n\t\t\t\twidth: 50%;\n\t\t\t}\n\t\t\t#gallery-12 img {\n\t\t\t\tborder: 2px solid #cfcfcf;\n\t\t\t}\n\t\t\t#gallery-12 .gallery-caption {\n\t\t\t\tmargin-left: 0;\n\t\t\t}\n\t\t\t\/* see gallery_shortcode() in wp-includes\/media.php *\/\n\t\t<\/style>\n\t\t<div id='gallery-12' class='gallery galleryid-7868 gallery-columns-2 gallery-size-large'><dl class='gallery-item'>\n\t\t\t<dt class='gallery-icon portrait'>\n\t\t\t\t<a href='https:\/\/cestysemtam.cz\/wp-content\/uploads\/2025\/09\/23_Gurk_Austria.jpg'><img loading=\"lazy\" decoding=\"async\" width=\"809\" height=\"1024\" src=\"https:\/\/cestysemtam.cz\/wp-content\/uploads\/2025\/09\/23_Gurk_Austria-809x1024.jpg\" class=\"attachment-large size-large\" alt=\"\" aria-describedby=\"gallery-12-7928\" srcset=\"https:\/\/cestysemtam.cz\/wp-content\/uploads\/2025\/09\/23_Gurk_Austria-809x1024.jpg 809w, https:\/\/cestysemtam.cz\/wp-content\/uploads\/2025\/09\/23_Gurk_Austria-480x608.jpg 480w\" sizes=\"(min-width: 0px) and (max-width: 480px) 480px, (min-width: 481px) 809px, 100vw\" \/><\/a>\n\t\t\t<\/dt>\n\t\t\t\t<dd class='wp-caption-text gallery-caption' id='gallery-12-7928'>\n\t\t\t\tHot raspberries\n\t\t\t\t<\/dd><\/dl><dl class='gallery-item'>\n\t\t\t<dt class='gallery-icon portrait'>\n\t\t\t\t<a href='https:\/\/cestysemtam.cz\/wp-content\/uploads\/2025\/09\/24_Strohmaier_Trachten_Austria.jpg'><img loading=\"lazy\" decoding=\"async\" width=\"809\" height=\"1024\" src=\"https:\/\/cestysemtam.cz\/wp-content\/uploads\/2025\/09\/24_Strohmaier_Trachten_Austria-809x1024.jpg\" class=\"attachment-large size-large\" alt=\"\" aria-describedby=\"gallery-12-7929\" srcset=\"https:\/\/cestysemtam.cz\/wp-content\/uploads\/2025\/09\/24_Strohmaier_Trachten_Austria-809x1024.jpg 809w, https:\/\/cestysemtam.cz\/wp-content\/uploads\/2025\/09\/24_Strohmaier_Trachten_Austria-480x608.jpg 480w\" sizes=\"(min-width: 0px) and (max-width: 480px) 480px, (min-width: 481px) 809px, 100vw\" \/><\/a>\n\t\t\t<\/dt>\n\t\t\t\t<dd class='wp-caption-text gallery-caption' id='gallery-12-7929'>\n\t\t\t\tTraditional clothing store\n\t\t\t\t<\/dd><\/dl><br style=\"clear: both\" \/>\n\t\t<\/div>\n\n<p>&nbsp;<\/p>\n<h5>Final invitation for lovers of traditional fashion:<\/h5>\n<p>Just a short distance from Gurk, you'll find the excellent traditional Austrian clothing store \"<a href=\"https:\/\/www.alpeadriamanufaktur.com\/\" target=\"_blank\" rel=\"noopener\">Alpe Adria factory Strohmaier<\/a>\" with a long-standing tradition. If you like these kinds of pieces, we highly recommend visiting this place.<\/p>\n<p>Furthermore, the design of today's handcrafted clothing is often adapted so that it can be perfectly combined with, for example, classic jeans. Additionally, you can buy clothing at the company store for less than in regular boutiques in tourist centres or department stores.<\/p>\n<p>Not far from the regular store, there\u2019s also a genuine outlet paradise of the same brand.<\/p>\n<p>Store address: Gurktal Stra\u00dfe 15, Weitensfeld im Gurktal<\/p>\n<p>Outlet address: Kirchgasse 13, Weitensfeld im Gurktal<\/p>","protected":false},"excerpt":{"rendered":"<p>Spolkov\u00e1 zem\u011b Korutany (K\u00e4rnten), klenot ji\u017en\u00edho Rakouska, p\u0159edstavuje poklidn\u00fd kout pln\u00fd p\u0159\u00edrodn\u00edch i historick\u00fdch skvost\u016f. Je to zem\u011b jezer s\u00a0pr\u016fzra\u010dn\u011b modrou vodou, horsk\u00fdch panoramat a pam\u00e1tek, kter\u00e9 stoj\u00ed za to objevovat. Vydejte se s n\u00e1mi na cestu po t\u0159ech ikon\u00e1ch, kter\u00e9 mus\u00edte za\u017e\u00edt na vlastn\u00ed k\u016f\u017ei: str\u00e1\u017ece kraje hrad Hochosterwitz, duchovn\u00ed centrum Maria Saal a [&hellip;]<\/p>\n","protected":false},"author":3,"featured_media":7905,"comment_status":"closed","ping_status":"closed","sticky":false,"template":"","format":"standard","meta":{"_et_pb_use_builder":"","_et_pb_old_content":"","_et_gb_content_width":"","footnotes":""},"categories":[15],"tags":[20,153,43,50],"class_list":["post-7868","post","type-post","status-publish","format-standard","has-post-thumbnail","hentry","category-rakousko","tag-hrady","tag-kaple","tag-kostely","tag-skanzeny"],"yoast_head":"<!-- This site is optimized with the Yoast SEO plugin v27.1.1 - https:\/\/yoast.com\/product\/yoast-seo-wordpress\/ -->\n<title>Za poklady Korutan: od hrd\u00fdch hrad\u016f k tich\u00fdm svatyn\u00edm - Cesty Sem Tam<\/title>\n<meta name=\"robots\" content=\"index, follow, max-snippet:-1, max-image-preview:large, max-video-preview:-1\" \/>\n<link rel=\"canonical\" href=\"https:\/\/cestysemtam.cz\/en\/rakousko\/za-poklady-korutan-od-hrdych-hradu-k-tichym-svatynim\/\" \/>\n<meta property=\"og:locale\" content=\"en_GB\" \/>\n<meta property=\"og:type\" content=\"article\" \/>\n<meta property=\"og:title\" content=\"Za poklady Korutan: od hrd\u00fdch hrad\u016f k tich\u00fdm svatyn\u00edm - Cesty Sem Tam\" \/>\n<meta property=\"og:description\" content=\"Spolkov\u00e1 zem\u011b Korutany (K\u00e4rnten), klenot ji\u017en\u00edho Rakouska, p\u0159edstavuje poklidn\u00fd kout pln\u00fd p\u0159\u00edrodn\u00edch i historick\u00fdch skvost\u016f. Je to zem\u011b jezer s\u00a0pr\u016fzra\u010dn\u011b modrou vodou, horsk\u00fdch panoramat a pam\u00e1tek, kter\u00e9 stoj\u00ed za to objevovat. Vydejte se s n\u00e1mi na cestu po t\u0159ech ikon\u00e1ch, kter\u00e9 mus\u00edte za\u017e\u00edt na vlastn\u00ed k\u016f\u017ei: str\u00e1\u017ece kraje hrad Hochosterwitz, duchovn\u00ed centrum Maria Saal a [&hellip;]\" \/>\n<meta property=\"og:url\" content=\"https:\/\/cestysemtam.cz\/en\/rakousko\/za-poklady-korutan-od-hrdych-hradu-k-tichym-svatynim\/\" \/>\n<meta property=\"og:site_name\" content=\"Cesty Sem Tam\" \/>\n<meta property=\"article:publisher\" content=\"https:\/\/www.facebook.com\/profile.php?id=61572455318171\" \/>\n<meta property=\"article:published_time\" content=\"2025-09-07T05:16:56+00:00\" \/>\n<meta property=\"article:modified_time\" content=\"2025-09-07T06:08:35+00:00\" \/>\n<meta property=\"og:image\" content=\"https:\/\/cestysemtam.cz\/wp-content\/uploads\/2025\/09\/00_Hochosterwitz_Austria_PB.jpg\" \/>\n\t<meta property=\"og:image:width\" content=\"1300\" \/>\n\t<meta property=\"og:image:height\" content=\"867\" \/>\n\t<meta property=\"og:image:type\" content=\"image\/jpeg\" \/>\n<meta name=\"author\" content=\"kata\" \/>\n<meta name=\"twitter:card\" content=\"summary_large_image\" \/>\n<meta name=\"twitter:creator\" content=\"@Cestysemtam\" \/>\n<meta name=\"twitter:site\" content=\"@Cestysemtam\" \/>\n<meta name=\"twitter:label1\" content=\"Written by\" \/>\n\t<meta name=\"twitter:data1\" content=\"kata\" \/>\n\t<meta name=\"twitter:label2\" content=\"Estimated reading time\" \/>\n\t<meta name=\"twitter:data2\" content=\"6 minutes\" \/>\n<script type=\"application\/ld+json\" class=\"yoast-schema-graph\">{\"@context\":\"https:\/\/schema.org\",\"@graph\":[{\"@type\":\"Article\",\"@id\":\"https:\/\/cestysemtam.cz\/rakousko\/za-poklady-korutan-od-hrdych-hradu-k-tichym-svatynim\/#article\",\"isPartOf\":{\"@id\":\"https:\/\/cestysemtam.cz\/rakousko\/za-poklady-korutan-od-hrdych-hradu-k-tichym-svatynim\/\"},\"author\":{\"name\":\"kata\",\"@id\":\"https:\/\/cestysemtam.cz\/#\/schema\/person\/2fcc6bbe4d0fc0052a39d9e68b43ea56\"},\"headline\":\"Za poklady Korutan: od hrd\u00fdch hrad\u016f k tich\u00fdm svatyn\u00edm\",\"datePublished\":\"2025-09-07T05:16:56+00:00\",\"dateModified\":\"2025-09-07T06:08:35+00:00\",\"mainEntityOfPage\":{\"@id\":\"https:\/\/cestysemtam.cz\/rakousko\/za-poklady-korutan-od-hrdych-hradu-k-tichym-svatynim\/\"},\"wordCount\":1280,\"publisher\":{\"@id\":\"https:\/\/cestysemtam.cz\/#organization\"},\"image\":{\"@id\":\"https:\/\/cestysemtam.cz\/rakousko\/za-poklady-korutan-od-hrdych-hradu-k-tichym-svatynim\/#primaryimage\"},\"thumbnailUrl\":\"https:\/\/cestysemtam.cz\/wp-content\/uploads\/2025\/09\/00_Hochosterwitz_Austria_PB.jpg\",\"keywords\":[\"Hrady\",\"Kaple\",\"Kostely\",\"Skanzeny\"],\"articleSection\":[\"Rakousko\"],\"inLanguage\":\"en-GB\"},{\"@type\":\"WebPage\",\"@id\":\"https:\/\/cestysemtam.cz\/rakousko\/za-poklady-korutan-od-hrdych-hradu-k-tichym-svatynim\/\",\"url\":\"https:\/\/cestysemtam.cz\/rakousko\/za-poklady-korutan-od-hrdych-hradu-k-tichym-svatynim\/\",\"name\":\"Za poklady Korutan: od hrd\u00fdch hrad\u016f k tich\u00fdm svatyn\u00edm - Cesty Sem Tam\",\"isPartOf\":{\"@id\":\"https:\/\/cestysemtam.cz\/#website\"},\"primaryImageOfPage\":{\"@id\":\"https:\/\/cestysemtam.cz\/rakousko\/za-poklady-korutan-od-hrdych-hradu-k-tichym-svatynim\/#primaryimage\"},\"image\":{\"@id\":\"https:\/\/cestysemtam.cz\/rakousko\/za-poklady-korutan-od-hrdych-hradu-k-tichym-svatynim\/#primaryimage\"},\"thumbnailUrl\":\"https:\/\/cestysemtam.cz\/wp-content\/uploads\/2025\/09\/00_Hochosterwitz_Austria_PB.jpg\",\"datePublished\":\"2025-09-07T05:16:56+00:00\",\"dateModified\":\"2025-09-07T06:08:35+00:00\",\"breadcrumb\":{\"@id\":\"https:\/\/cestysemtam.cz\/rakousko\/za-poklady-korutan-od-hrdych-hradu-k-tichym-svatynim\/#breadcrumb\"},\"inLanguage\":\"en-GB\",\"potentialAction\":[{\"@type\":\"ReadAction\",\"target\":[\"https:\/\/cestysemtam.cz\/rakousko\/za-poklady-korutan-od-hrdych-hradu-k-tichym-svatynim\/\"]}]},{\"@type\":\"ImageObject\",\"inLanguage\":\"en-GB\",\"@id\":\"https:\/\/cestysemtam.cz\/rakousko\/za-poklady-korutan-od-hrdych-hradu-k-tichym-svatynim\/#primaryimage\",\"url\":\"https:\/\/cestysemtam.cz\/wp-content\/uploads\/2025\/09\/00_Hochosterwitz_Austria_PB.jpg\",\"contentUrl\":\"https:\/\/cestysemtam.cz\/wp-content\/uploads\/2025\/09\/00_Hochosterwitz_Austria_PB.jpg\",\"width\":1300,\"height\":867},{\"@type\":\"BreadcrumbList\",\"@id\":\"https:\/\/cestysemtam.cz\/rakousko\/za-poklady-korutan-od-hrdych-hradu-k-tichym-svatynim\/#breadcrumb\",\"itemListElement\":[{\"@type\":\"ListItem\",\"position\":1,\"name\":\"Dom\u016f\",\"item\":\"https:\/\/cestysemtam.cz\/\"},{\"@type\":\"ListItem\",\"position\":2,\"name\":\"Za poklady Korutan: od hrd\u00fdch hrad\u016f k tich\u00fdm svatyn\u00edm\"}]},{\"@type\":\"WebSite\",\"@id\":\"https:\/\/cestysemtam.cz\/#website\",\"url\":\"https:\/\/cestysemtam.cz\/\",\"name\":\"Cesty Sem Tam\",\"description\":\"Cestovatelsk\u00fd blog\",\"publisher\":{\"@id\":\"https:\/\/cestysemtam.cz\/#organization\"},\"potentialAction\":[{\"@type\":\"SearchAction\",\"target\":{\"@type\":\"EntryPoint\",\"urlTemplate\":\"https:\/\/cestysemtam.cz\/?s={search_term_string}\"},\"query-input\":{\"@type\":\"PropertyValueSpecification\",\"valueRequired\":true,\"valueName\":\"search_term_string\"}}],\"inLanguage\":\"en-GB\"},{\"@type\":\"Organization\",\"@id\":\"https:\/\/cestysemtam.cz\/#organization\",\"name\":\"Cesty Sem Tam\",\"url\":\"https:\/\/cestysemtam.cz\/\",\"logo\":{\"@type\":\"ImageObject\",\"inLanguage\":\"en-GB\",\"@id\":\"https:\/\/cestysemtam.cz\/#\/schema\/logo\/image\/\",\"url\":\"https:\/\/cestysemtam.cz\/wp-content\/uploads\/2023\/12\/logo-Cesty-Sem-Tam-1000px.png\",\"contentUrl\":\"https:\/\/cestysemtam.cz\/wp-content\/uploads\/2023\/12\/logo-Cesty-Sem-Tam-1000px.png\",\"width\":1000,\"height\":249,\"caption\":\"Cesty Sem Tam\"},\"image\":{\"@id\":\"https:\/\/cestysemtam.cz\/#\/schema\/logo\/image\/\"},\"sameAs\":[\"https:\/\/www.facebook.com\/profile.php?id=61572455318171\",\"https:\/\/x.com\/Cestysemtam\",\"https:\/\/www.instagram.com\/cestysemtam\/\",\"https:\/\/cz.pinterest.com\/katka1430\/_created\/\"]},{\"@type\":\"Person\",\"@id\":\"https:\/\/cestysemtam.cz\/#\/schema\/person\/2fcc6bbe4d0fc0052a39d9e68b43ea56\",\"name\":\"kata\",\"url\":\"https:\/\/cestysemtam.cz\/en\/author\/kata\/\"}]}<\/script>\n<!-- \/ Yoast SEO plugin. -->","yoast_head_json":{"title":"Za poklady Korutan: od hrd\u00fdch hrad\u016f k tich\u00fdm svatyn\u00edm - Cesty Sem Tam","robots":{"index":"index","follow":"follow","max-snippet":"max-snippet:-1","max-image-preview":"max-image-preview:large","max-video-preview":"max-video-preview:-1"},"canonical":"https:\/\/cestysemtam.cz\/en\/rakousko\/za-poklady-korutan-od-hrdych-hradu-k-tichym-svatynim\/","og_locale":"en_GB","og_type":"article","og_title":"Za poklady Korutan: od hrd\u00fdch hrad\u016f k tich\u00fdm svatyn\u00edm - Cesty Sem Tam","og_description":"Spolkov\u00e1 zem\u011b Korutany (K\u00e4rnten), klenot ji\u017en\u00edho Rakouska, p\u0159edstavuje poklidn\u00fd kout pln\u00fd p\u0159\u00edrodn\u00edch i historick\u00fdch skvost\u016f. Je to zem\u011b jezer s\u00a0pr\u016fzra\u010dn\u011b modrou vodou, horsk\u00fdch panoramat a pam\u00e1tek, kter\u00e9 stoj\u00ed za to objevovat. Vydejte se s n\u00e1mi na cestu po t\u0159ech ikon\u00e1ch, kter\u00e9 mus\u00edte za\u017e\u00edt na vlastn\u00ed k\u016f\u017ei: str\u00e1\u017ece kraje hrad Hochosterwitz, duchovn\u00ed centrum Maria Saal a [&hellip;]","og_url":"https:\/\/cestysemtam.cz\/en\/rakousko\/za-poklady-korutan-od-hrdych-hradu-k-tichym-svatynim\/","og_site_name":"Cesty Sem Tam","article_publisher":"https:\/\/www.facebook.com\/profile.php?id=61572455318171","article_published_time":"2025-09-07T05:16:56+00:00","article_modified_time":"2025-09-07T06:08:35+00:00","og_image":[{"width":1300,"height":867,"url":"https:\/\/cestysemtam.cz\/wp-content\/uploads\/2025\/09\/00_Hochosterwitz_Austria_PB.jpg","type":"image\/jpeg"}],"author":"kata","twitter_card":"summary_large_image","twitter_creator":"@Cestysemtam","twitter_site":"@Cestysemtam","twitter_misc":{"Written by":"kata","Estimated reading time":"6 minutes"},"schema":{"@context":"https:\/\/schema.org","@graph":[{"@type":"Article","@id":"https:\/\/cestysemtam.cz\/rakousko\/za-poklady-korutan-od-hrdych-hradu-k-tichym-svatynim\/#article","isPartOf":{"@id":"https:\/\/cestysemtam.cz\/rakousko\/za-poklady-korutan-od-hrdych-hradu-k-tichym-svatynim\/"},"author":{"name":"kata","@id":"https:\/\/cestysemtam.cz\/#\/schema\/person\/2fcc6bbe4d0fc0052a39d9e68b43ea56"},"headline":"Za poklady Korutan: od hrd\u00fdch hrad\u016f k tich\u00fdm svatyn\u00edm","datePublished":"2025-09-07T05:16:56+00:00","dateModified":"2025-09-07T06:08:35+00:00","mainEntityOfPage":{"@id":"https:\/\/cestysemtam.cz\/rakousko\/za-poklady-korutan-od-hrdych-hradu-k-tichym-svatynim\/"},"wordCount":1280,"publisher":{"@id":"https:\/\/cestysemtam.cz\/#organization"},"image":{"@id":"https:\/\/cestysemtam.cz\/rakousko\/za-poklady-korutan-od-hrdych-hradu-k-tichym-svatynim\/#primaryimage"},"thumbnailUrl":"https:\/\/cestysemtam.cz\/wp-content\/uploads\/2025\/09\/00_Hochosterwitz_Austria_PB.jpg","keywords":["Hrady","Kaple","Kostely","Skanzeny"],"articleSection":["Rakousko"],"inLanguage":"en-GB"},{"@type":"WebPage","@id":"https:\/\/cestysemtam.cz\/rakousko\/za-poklady-korutan-od-hrdych-hradu-k-tichym-svatynim\/","url":"https:\/\/cestysemtam.cz\/rakousko\/za-poklady-korutan-od-hrdych-hradu-k-tichym-svatynim\/","name":"Za poklady Korutan: od hrd\u00fdch hrad\u016f k tich\u00fdm svatyn\u00edm - Cesty Sem Tam","isPartOf":{"@id":"https:\/\/cestysemtam.cz\/#website"},"primaryImageOfPage":{"@id":"https:\/\/cestysemtam.cz\/rakousko\/za-poklady-korutan-od-hrdych-hradu-k-tichym-svatynim\/#primaryimage"},"image":{"@id":"https:\/\/cestysemtam.cz\/rakousko\/za-poklady-korutan-od-hrdych-hradu-k-tichym-svatynim\/#primaryimage"},"thumbnailUrl":"https:\/\/cestysemtam.cz\/wp-content\/uploads\/2025\/09\/00_Hochosterwitz_Austria_PB.jpg","datePublished":"2025-09-07T05:16:56+00:00","dateModified":"2025-09-07T06:08:35+00:00","breadcrumb":{"@id":"https:\/\/cestysemtam.cz\/rakousko\/za-poklady-korutan-od-hrdych-hradu-k-tichym-svatynim\/#breadcrumb"},"inLanguage":"en-GB","potentialAction":[{"@type":"ReadAction","target":["https:\/\/cestysemtam.cz\/rakousko\/za-poklady-korutan-od-hrdych-hradu-k-tichym-svatynim\/"]}]},{"@type":"ImageObject","inLanguage":"en-GB","@id":"https:\/\/cestysemtam.cz\/rakousko\/za-poklady-korutan-od-hrdych-hradu-k-tichym-svatynim\/#primaryimage","url":"https:\/\/cestysemtam.cz\/wp-content\/uploads\/2025\/09\/00_Hochosterwitz_Austria_PB.jpg","contentUrl":"https:\/\/cestysemtam.cz\/wp-content\/uploads\/2025\/09\/00_Hochosterwitz_Austria_PB.jpg","width":1300,"height":867},{"@type":"BreadcrumbList","@id":"https:\/\/cestysemtam.cz\/rakousko\/za-poklady-korutan-od-hrdych-hradu-k-tichym-svatynim\/#breadcrumb","itemListElement":[{"@type":"ListItem","position":1,"name":"Dom\u016f","item":"https:\/\/cestysemtam.cz\/"},{"@type":"ListItem","position":2,"name":"Za poklady Korutan: od hrd\u00fdch hrad\u016f k tich\u00fdm svatyn\u00edm"}]},{"@type":"WebSite","@id":"https:\/\/cestysemtam.cz\/#website","url":"https:\/\/cestysemtam.cz\/","name":"Cesty Sem Tam","description":"Cestovatelsk\u00fd blog","publisher":{"@id":"https:\/\/cestysemtam.cz\/#organization"},"potentialAction":[{"@type":"SearchAction","target":{"@type":"EntryPoint","urlTemplate":"https:\/\/cestysemtam.cz\/?s={search_term_string}"},"query-input":{"@type":"PropertyValueSpecification","valueRequired":true,"valueName":"search_term_string"}}],"inLanguage":"en-GB"},{"@type":"Organization","@id":"https:\/\/cestysemtam.cz\/#organization","name":"Cesty Sem Tam","url":"https:\/\/cestysemtam.cz\/","logo":{"@type":"ImageObject","inLanguage":"en-GB","@id":"https:\/\/cestysemtam.cz\/#\/schema\/logo\/image\/","url":"https:\/\/cestysemtam.cz\/wp-content\/uploads\/2023\/12\/logo-Cesty-Sem-Tam-1000px.png","contentUrl":"https:\/\/cestysemtam.cz\/wp-content\/uploads\/2023\/12\/logo-Cesty-Sem-Tam-1000px.png","width":1000,"height":249,"caption":"Cesty Sem Tam"},"image":{"@id":"https:\/\/cestysemtam.cz\/#\/schema\/logo\/image\/"},"sameAs":["https:\/\/www.facebook.com\/profile.php?id=61572455318171","https:\/\/x.com\/Cestysemtam","https:\/\/www.instagram.com\/cestysemtam\/","https:\/\/cz.pinterest.com\/katka1430\/_created\/"]},{"@type":"Person","@id":"https:\/\/cestysemtam.cz\/#\/schema\/person\/2fcc6bbe4d0fc0052a39d9e68b43ea56","name":"kata","url":"https:\/\/cestysemtam.cz\/en\/author\/kata\/"}]}},"_links":{"self":[{"href":"https:\/\/cestysemtam.cz\/en\/wp-json\/wp\/v2\/posts\/7868","targetHints":{"allow":["GET"]}}],"collection":[{"href":"https:\/\/cestysemtam.cz\/en\/wp-json\/wp\/v2\/posts"}],"about":[{"href":"https:\/\/cestysemtam.cz\/en\/wp-json\/wp\/v2\/types\/post"}],"author":[{"embeddable":true,"href":"https:\/\/cestysemtam.cz\/en\/wp-json\/wp\/v2\/users\/3"}],"replies":[{"embeddable":true,"href":"https:\/\/cestysemtam.cz\/en\/wp-json\/wp\/v2\/comments?post=7868"}],"version-history":[{"count":6,"href":"https:\/\/cestysemtam.cz\/en\/wp-json\/wp\/v2\/posts\/7868\/revisions"}],"predecessor-version":[{"id":7932,"href":"https:\/\/cestysemtam.cz\/en\/wp-json\/wp\/v2\/posts\/7868\/revisions\/7932"}],"wp:featuredmedia":[{"embeddable":true,"href":"https:\/\/cestysemtam.cz\/en\/wp-json\/wp\/v2\/media\/7905"}],"wp:attachment":[{"href":"https:\/\/cestysemtam.cz\/en\/wp-json\/wp\/v2\/media?parent=7868"}],"wp:term":[{"taxonomy":"category","embeddable":true,"href":"https:\/\/cestysemtam.cz\/en\/wp-json\/wp\/v2\/categories?post=7868"},{"taxonomy":"post_tag","embeddable":true,"href":"https:\/\/cestysemtam.cz\/en\/wp-json\/wp\/v2\/tags?post=7868"}],"curies":[{"name":"wp","href":"https:\/\/api.w.org\/{rel}","templated":true}]}}