{"id":8005,"date":"2025-10-01T10:05:32","date_gmt":"2025-10-01T09:05:32","guid":{"rendered":"https:\/\/cestysemtam.cz\/?p=8005"},"modified":"2025-10-01T10:05:32","modified_gmt":"2025-10-01T09:05:32","slug":"lisabon-mesto-ktere-vas-nauci-zpomalit","status":"publish","type":"post","link":"https:\/\/cestysemtam.cz\/en\/portugalsko\/lisabon-mesto-ktere-vas-nauci-zpomalit\/","title":{"rendered":"Lisbon: the city that will teach you to slow down"},"content":{"rendered":"<p>Pause for a moment. Close your eyes and imagine a city where the sun paints the houses in shades of ochre and terracotta, where the melancholic sound of fado drifts from narrow alleyways and intricate mosaic pavements flow beneath your feet. Welcome to Lisbon \u2013 the capital of Portugal, a city that will enchant you with its weathered elegance and incredible energy.<\/p>\n<p>But Lisbon is not a city you\u2019ll simply want to see. It\u2019s a city you need to feel. Feel it in the aroma of freshly baked past\u00e9is de nata, in the gentle breeze from the Tagus River and in the whisper of history on every corner.<\/p>\n<p>&nbsp;<\/p>\n<h4>Alfama<\/h4>\n<p>Forget maps and lists of sights. You'll discover Lisbon's greatest magic when you let yourself drift.<\/p>\n<p>Getting lost in the Alfama district isn't a failure; it's the goal. Immerse yourself in a maze of winding alleys that meander like an ancient river. Laundry dances on clotheslines overhead, a familiar portrait of daily life. The smell of grilled sardines suddenly washes over you from open windows. And then you'll hear it \u2013 the melancholic notes of fado, a sound as sweet and bitter as life itself.<\/p>\n<p>This labyrinth, where time seems to have stood still, is an open-air gallery. The walls all around tell stories. They whisper tales through the blue, green and yellow\u00a0<strong>azulejos<\/strong>, the picturesque tiles that are the city's chronicle. A performance even unfolds under your feet \u2013 pavements decorated with mosaic patterns made of small stones, the work of patient artists.<\/p>\n<p>Lisbon is a city of hills \u2013 and precisely because of this, it offers something you'll never tire of: breathtaking viewpoints, the <strong>miradouros<\/strong>. There's nothing better than sitting for a while on a bench in the shade of a tree, with a view of the rooftops, the river and the endless Portuguese sky. One of the most enchanting spots, where the city spreads out like the palm of your hand, is the <strong>Miradouro de Santa Luzia<\/strong>. This picture-perfect terrace combines the views, the scent of flowers and the blue-and-white tiles into one harmonious experience.<\/p>\n<p>Address: Largo de Santa Luzia, Lisboa<\/p>\n<p>&nbsp;<\/p>\n<h4>Castelo de S\u00e3o Jorge<\/h4>\n<p>To experience Lisbon from the regalest perspective, you must climb up to\u00a0<a href=\"https:\/\/castelodesaojorge.pt\/en\/\" target=\"_blank\" rel=\"noopener\">Castelo de S\u00e3o Jorge<\/a>\u00a0(Saint George's Castle). And believe me, the climb is worth it. Your reward will be one of the most iconic views. The castle rises 110 meters above the city, and the panorama that opens up from here is breathtaking. The Tagus River glistens in the sun and the red rooftops of the houses cascade downwards.<\/p>\n\n\t\t<style type=\"text\/css\">\n\t\t\t#gallery-1 {\n\t\t\t\tmargin: auto;\n\t\t\t}\n\t\t\t#gallery-1 .gallery-item {\n\t\t\t\tfloat: left;\n\t\t\t\tmargin-top: 10px;\n\t\t\t\ttext-align: center;\n\t\t\t\twidth: 50%;\n\t\t\t}\n\t\t\t#gallery-1 img {\n\t\t\t\tborder: 2px solid #cfcfcf;\n\t\t\t}\n\t\t\t#gallery-1 .gallery-caption {\n\t\t\t\tmargin-left: 0;\n\t\t\t}\n\t\t\t\/* see gallery_shortcode() in wp-includes\/media.php *\/\n\t\t<\/style>\n\t\t<div id='gallery-1' class='gallery galleryid-8005 gallery-columns-2 gallery-size-large'><dl class='gallery-item'>\n\t\t\t<dt class='gallery-icon landscape'>\n\t\t\t\t<a href='https:\/\/cestysemtam.cz\/wp-content\/uploads\/2025\/10\/01_Lisbon_castle.jpg'><img loading=\"lazy\" decoding=\"async\" width=\"1024\" height=\"720\" src=\"https:\/\/cestysemtam.cz\/wp-content\/uploads\/2025\/10\/01_Lisbon_castle-1024x720.jpg\" class=\"attachment-large size-large\" alt=\"\" aria-describedby=\"gallery-1-8008\" srcset=\"https:\/\/cestysemtam.cz\/wp-content\/uploads\/2025\/10\/01_Lisbon_castle-980x689.jpg 980w, https:\/\/cestysemtam.cz\/wp-content\/uploads\/2025\/10\/01_Lisbon_castle-480x338.jpg 480w\" sizes=\"(min-width: 0px) and (max-width: 480px) 480px, (min-width: 481px) and (max-width: 980px) 980px, (min-width: 981px) 1024px, 100vw\" \/><\/a>\n\t\t\t<\/dt>\n\t\t\t\t<dd class='wp-caption-text gallery-caption' id='gallery-1-8008'>\n\t\t\t\tView from Castelo de S\u00e3o Jorge\n\t\t\t\t<\/dd><\/dl><dl class='gallery-item'>\n\t\t\t<dt class='gallery-icon landscape'>\n\t\t\t\t<a href='https:\/\/cestysemtam.cz\/wp-content\/uploads\/2025\/10\/02_Lisbon_castle.jpg'><img loading=\"lazy\" decoding=\"async\" width=\"1024\" height=\"720\" src=\"https:\/\/cestysemtam.cz\/wp-content\/uploads\/2025\/10\/02_Lisbon_castle-1024x720.jpg\" class=\"attachment-large size-large\" alt=\"\" aria-describedby=\"gallery-1-8009\" srcset=\"https:\/\/cestysemtam.cz\/wp-content\/uploads\/2025\/10\/02_Lisbon_castle-980x689.jpg 980w, https:\/\/cestysemtam.cz\/wp-content\/uploads\/2025\/10\/02_Lisbon_castle-480x338.jpg 480w\" sizes=\"(min-width: 0px) and (max-width: 480px) 480px, (min-width: 481px) and (max-width: 980px) 980px, (min-width: 981px) 1024px, 100vw\" \/><\/a>\n\t\t\t<\/dt>\n\t\t\t\t<dd class='wp-caption-text gallery-caption' id='gallery-1-8009'>\n\t\t\t\tView from Castelo de S\u00e3o Jorge\n\t\t\t\t<\/dd><\/dl><br style=\"clear: both\" \/>\n\t\t<\/div>\n\n<p>But Castelo de S\u00e3o Jorge isn't just about the stunning scenery. Imagine standing on a place where the fate of civilizations was written. As early as the 7th century BC, the Phoenicians lived here. They were followed by the Romans, the Visigoths and finally the Moors, who ruled here for four centuries and built the first mighty fortress. Its era was only ended in 1147 by the first Portuguese king, Afonso I, and the castle became the heart of the kingdom.<\/p>\n\n\t\t<style type=\"text\/css\">\n\t\t\t#gallery-2 {\n\t\t\t\tmargin: auto;\n\t\t\t}\n\t\t\t#gallery-2 .gallery-item {\n\t\t\t\tfloat: left;\n\t\t\t\tmargin-top: 10px;\n\t\t\t\ttext-align: center;\n\t\t\t\twidth: 50%;\n\t\t\t}\n\t\t\t#gallery-2 img {\n\t\t\t\tborder: 2px solid #cfcfcf;\n\t\t\t}\n\t\t\t#gallery-2 .gallery-caption {\n\t\t\t\tmargin-left: 0;\n\t\t\t}\n\t\t\t\/* see gallery_shortcode() in wp-includes\/media.php *\/\n\t\t<\/style>\n\t\t<div id='gallery-2' class='gallery galleryid-8005 gallery-columns-2 gallery-size-large'><dl class='gallery-item'>\n\t\t\t<dt class='gallery-icon portrait'>\n\t\t\t\t<a href='https:\/\/cestysemtam.cz\/wp-content\/uploads\/2025\/10\/03_Lisbon_castle.jpg'><img loading=\"lazy\" decoding=\"async\" width=\"809\" height=\"1024\" src=\"https:\/\/cestysemtam.cz\/wp-content\/uploads\/2025\/10\/03_Lisbon_castle-809x1024.jpg\" class=\"attachment-large size-large\" alt=\"\" aria-describedby=\"gallery-2-8010\" srcset=\"https:\/\/cestysemtam.cz\/wp-content\/uploads\/2025\/10\/03_Lisbon_castle-809x1024.jpg 809w, https:\/\/cestysemtam.cz\/wp-content\/uploads\/2025\/10\/03_Lisbon_castle-480x608.jpg 480w\" sizes=\"(min-width: 0px) and (max-width: 480px) 480px, (min-width: 481px) 809px, 100vw\" \/><\/a>\n\t\t\t<\/dt>\n\t\t\t\t<dd class='wp-caption-text gallery-caption' id='gallery-2-8010'>\n\t\t\t\tCastelo de S\u00e3o Jorge\n\t\t\t\t<\/dd><\/dl><dl class='gallery-item'>\n\t\t\t<dt class='gallery-icon portrait'>\n\t\t\t\t<a href='https:\/\/cestysemtam.cz\/wp-content\/uploads\/2025\/10\/04_Lisbon_castle.jpg'><img loading=\"lazy\" decoding=\"async\" width=\"805\" height=\"1020\" src=\"https:\/\/cestysemtam.cz\/wp-content\/uploads\/2025\/10\/04_Lisbon_castle.jpg\" class=\"attachment-large size-large\" alt=\"\" aria-describedby=\"gallery-2-8011\" srcset=\"https:\/\/cestysemtam.cz\/wp-content\/uploads\/2025\/10\/04_Lisbon_castle.jpg 805w, https:\/\/cestysemtam.cz\/wp-content\/uploads\/2025\/10\/04_Lisbon_castle-480x608.jpg 480w\" sizes=\"(min-width: 0px) and (max-width: 480px) 480px, (min-width: 481px) 805px, 100vw\" \/><\/a>\n\t\t\t<\/dt>\n\t\t\t\t<dd class='wp-caption-text gallery-caption' id='gallery-2-8011'>\n\t\t\t\tCastelo de S\u00e3o Jorge\n\t\t\t\t<\/dd><\/dl><br style=\"clear: both\" \/>\n\t\t<\/div>\n\n<p>For hundreds of years, this castle was then home to Portuguese kings and a witness to epoch-making events \u2013 such as the ceremonial welcome of Vasco da Gama after his exploratory voyage to India, which made Portugal a maritime superpower.<\/p>\n<p>Address: Rua de Santa Cruz do Castelo, Lisboa<\/p>\n<p>&nbsp;<\/p>\n<h4>Bel\u00e9m<\/h4>\n<p>West of Lisbon's centre, where the Tagus River slowly flows into the Atlantic, lies a district that is like a living textbook of Portuguese glory \u2013 Bel\u00e9m.<\/p>\n<p>It was from here that ships once set sail into the unknown, carrying on their decks explorers who changed history. The most famous of them, Vasco da Gama, set off from here in 1497 on his voyage to India.<\/p>\n<p>Bel\u00e9m now preserves the memories of this era in the form of several exceptional monuments. The most famous is undoubtedly the <strong>Torre de Bel\u00e9m <\/strong>(Bel\u00e9m Tower) \u2013 a picturesque fortress tower rising from the riverbank. It was built in the early 16th century to guard the entrance to the harbour and is today one of the most photographed sites in all of Lisbon. With its multitude of turrets, battlements and detailed stonework decorations, it looks like something from a fairy tale. And yet, its history was not at all fairy-tale-like \u2013 besides defence, it also served as a customs house and even as a prison, whose underground dungeons were flooded by water at high tide.<\/p>\n<p>Address: Avenida Bras\u00edlia, Lisboa<\/p>\n\n\t\t<style type=\"text\/css\">\n\t\t\t#gallery-3 {\n\t\t\t\tmargin: auto;\n\t\t\t}\n\t\t\t#gallery-3 .gallery-item {\n\t\t\t\tfloat: left;\n\t\t\t\tmargin-top: 10px;\n\t\t\t\ttext-align: center;\n\t\t\t\twidth: 50%;\n\t\t\t}\n\t\t\t#gallery-3 img {\n\t\t\t\tborder: 2px solid #cfcfcf;\n\t\t\t}\n\t\t\t#gallery-3 .gallery-caption {\n\t\t\t\tmargin-left: 0;\n\t\t\t}\n\t\t\t\/* see gallery_shortcode() in wp-includes\/media.php *\/\n\t\t<\/style>\n\t\t<div id='gallery-3' class='gallery galleryid-8005 gallery-columns-2 gallery-size-large'><dl class='gallery-item'>\n\t\t\t<dt class='gallery-icon portrait'>\n\t\t\t\t<a href='https:\/\/cestysemtam.cz\/wp-content\/uploads\/2025\/10\/05_Lisbon_Torre_de_Belem_PB.jpg'><img loading=\"lazy\" decoding=\"async\" width=\"809\" height=\"1024\" src=\"https:\/\/cestysemtam.cz\/wp-content\/uploads\/2025\/10\/05_Lisbon_Torre_de_Belem_PB-809x1024.jpg\" class=\"attachment-large size-large\" alt=\"\" aria-describedby=\"gallery-3-8012\" srcset=\"https:\/\/cestysemtam.cz\/wp-content\/uploads\/2025\/10\/05_Lisbon_Torre_de_Belem_PB-809x1024.jpg 809w, https:\/\/cestysemtam.cz\/wp-content\/uploads\/2025\/10\/05_Lisbon_Torre_de_Belem_PB-480x608.jpg 480w\" sizes=\"(min-width: 0px) and (max-width: 480px) 480px, (min-width: 481px) 809px, 100vw\" \/><\/a>\n\t\t\t<\/dt>\n\t\t\t\t<dd class='wp-caption-text gallery-caption' id='gallery-3-8012'>\n\t\t\t\tTorre de Bel\u00e9m\n\t\t\t\t<\/dd><\/dl><dl class='gallery-item'>\n\t\t\t<dt class='gallery-icon portrait'>\n\t\t\t\t<a href='https:\/\/cestysemtam.cz\/wp-content\/uploads\/2025\/10\/06_Lisbon_Padrao_dos_Descobrimentos_PB.jpg'><img loading=\"lazy\" decoding=\"async\" width=\"809\" height=\"1024\" src=\"https:\/\/cestysemtam.cz\/wp-content\/uploads\/2025\/10\/06_Lisbon_Padrao_dos_Descobrimentos_PB-809x1024.jpg\" class=\"attachment-large size-large\" alt=\"\" aria-describedby=\"gallery-3-8013\" srcset=\"https:\/\/cestysemtam.cz\/wp-content\/uploads\/2025\/10\/06_Lisbon_Padrao_dos_Descobrimentos_PB-809x1024.jpg 809w, https:\/\/cestysemtam.cz\/wp-content\/uploads\/2025\/10\/06_Lisbon_Padrao_dos_Descobrimentos_PB-480x608.jpg 480w\" sizes=\"(min-width: 0px) and (max-width: 480px) 480px, (min-width: 481px) 809px, 100vw\" \/><\/a>\n\t\t\t<\/dt>\n\t\t\t\t<dd class='wp-caption-text gallery-caption' id='gallery-3-8013'>\n\t\t\t\tPadr\u00e3o dos Descobrimentos\n\t\t\t\t<\/dd><\/dl><br style=\"clear: both\" \/>\n\t\t<\/div>\n\n<p>Further along the shore, you'll come across the <strong><a href=\"https:\/\/padraodosdescobrimentos.pt\/en\/tickets\/\" target=\"_blank\" rel=\"noopener\">Padr\u00e3o dos Descobrimentos<\/a><\/strong> (Monument to the Discoveries) \u2013 a massive sculptural composition in the shape of a ship's prow, steadfastly bearing a whole gallery of famous figures from Portuguese history, led by the legendary Prince Henry the Navigator.<\/p>\n<p>Interestingly, this iconic symbol of Lisbon was originally just a temporary attraction. In 1940, it was built from lightweight materials for the World Fair. It wasn't until twenty years later, on the anniversary of Henry's death, that it was resurrected in its full glory, made of concrete and pink limestone, to forever commemorate the famous Age of Discoveries.<\/p>\n<p>The centrepiece is a stylized mast adorned with Portuguese coats of arms and \"sails\" billowing in the wind. Once you're stunned by its external grandeur, don't miss the view from the top. Inside, you'll find an exhibition hall and, most importantly, a viewing platform with a breathtaking panorama of the entire surrounding area.<\/p>\n<p>Address: Avenida Bras\u00edlia, Lisboa<\/p>\n<p>&nbsp;<\/p>\n<h4>Mosteiro dos Jer\u00f3nimos<\/h4>\n<p>In Bel\u00e9m stands a monument that is not just a masterpiece of architecture\u2014it is a symbol of Portuguese pride, faith, and the Golden Age of Discoveries. <a href=\"https:\/\/www.museusemonumentos.pt\/en\/museus-e-monumentos\/mosteiro-dos-jeronimos-e-capela-de-sao-jeronimo\" target=\"_blank\" rel=\"noopener\">Mosteiro dos Jer\u00f3nimos<\/a> (Jer\u00f3nimos Monastery) will amaze you at first glance. And the more you immerse yourself in its details and history, the more you understand why it is one of Portugal\u2019s most treasured gems and rightfully holds the title of a UNESCO World Heritage site.<\/p>\n\n\t\t<style type=\"text\/css\">\n\t\t\t#gallery-4 {\n\t\t\t\tmargin: auto;\n\t\t\t}\n\t\t\t#gallery-4 .gallery-item {\n\t\t\t\tfloat: left;\n\t\t\t\tmargin-top: 10px;\n\t\t\t\ttext-align: center;\n\t\t\t\twidth: 50%;\n\t\t\t}\n\t\t\t#gallery-4 img {\n\t\t\t\tborder: 2px solid #cfcfcf;\n\t\t\t}\n\t\t\t#gallery-4 .gallery-caption {\n\t\t\t\tmargin-left: 0;\n\t\t\t}\n\t\t\t\/* see gallery_shortcode() in wp-includes\/media.php *\/\n\t\t<\/style>\n\t\t<div id='gallery-4' class='gallery galleryid-8005 gallery-columns-2 gallery-size-large'><dl class='gallery-item'>\n\t\t\t<dt class='gallery-icon landscape'>\n\t\t\t\t<a href='https:\/\/cestysemtam.cz\/wp-content\/uploads\/2025\/10\/07_Lisbon_Mosteiro_dos_Jeronimos_official.jpg'><img loading=\"lazy\" decoding=\"async\" width=\"1024\" height=\"720\" src=\"https:\/\/cestysemtam.cz\/wp-content\/uploads\/2025\/10\/07_Lisbon_Mosteiro_dos_Jeronimos_official-1024x720.jpg\" class=\"attachment-large size-large\" alt=\"\" aria-describedby=\"gallery-4-8014\" srcset=\"https:\/\/cestysemtam.cz\/wp-content\/uploads\/2025\/10\/07_Lisbon_Mosteiro_dos_Jeronimos_official-980x689.jpg 980w, https:\/\/cestysemtam.cz\/wp-content\/uploads\/2025\/10\/07_Lisbon_Mosteiro_dos_Jeronimos_official-480x338.jpg 480w\" sizes=\"(min-width: 0px) and (max-width: 480px) 480px, (min-width: 481px) and (max-width: 980px) 980px, (min-width: 981px) 1024px, 100vw\" \/><\/a>\n\t\t\t<\/dt>\n\t\t\t\t<dd class='wp-caption-text gallery-caption' id='gallery-4-8014'>\n\t\t\t\tMosteiro dos Jer\u00f3nimos\n\t\t\t\t<\/dd><\/dl><dl class='gallery-item'>\n\t\t\t<dt class='gallery-icon landscape'>\n\t\t\t\t<a href='https:\/\/cestysemtam.cz\/wp-content\/uploads\/2025\/10\/08_Lisbon_Mosteiro_dos_Jeronimos.jpg'><img loading=\"lazy\" decoding=\"async\" width=\"1024\" height=\"720\" src=\"https:\/\/cestysemtam.cz\/wp-content\/uploads\/2025\/10\/08_Lisbon_Mosteiro_dos_Jeronimos-1024x720.jpg\" class=\"attachment-large size-large\" alt=\"\" aria-describedby=\"gallery-4-8015\" srcset=\"https:\/\/cestysemtam.cz\/wp-content\/uploads\/2025\/10\/08_Lisbon_Mosteiro_dos_Jeronimos-980x689.jpg 980w, https:\/\/cestysemtam.cz\/wp-content\/uploads\/2025\/10\/08_Lisbon_Mosteiro_dos_Jeronimos-480x338.jpg 480w\" sizes=\"(min-width: 0px) and (max-width: 480px) 480px, (min-width: 481px) and (max-width: 980px) 980px, (min-width: 981px) 1024px, 100vw\" \/><\/a>\n\t\t\t<\/dt>\n\t\t\t\t<dd class='wp-caption-text gallery-caption' id='gallery-4-8015'>\n\t\t\t\tMosteiro dos Jer\u00f3nimos\n\t\t\t\t<\/dd><\/dl><br style=\"clear: both\" \/>\n\t\t<\/div>\n\n<p>When Vasco da Gama set sail on his voyage to India, he came here to seek blessings\u2014on the very site where the monastery would later be built. Inspired by the successes of exploration and his own piety, King Manuel I commissioned this spiritual sanctuary as a tribute to Portugal\u2019s discoveries and a symbol of the empire\u2019s power.<\/p>\n<p>And he was no minimalist. He summoned Europe\u2019s finest architects and sculptors for the construction, funding it with the wealth flowing in from the new colonies. The result? An architectural marvel in the Manueline style\u2014richly decorated, nautically themed, and both monumental and poetic.<\/p>\n\n\t\t<style type=\"text\/css\">\n\t\t\t#gallery-5 {\n\t\t\t\tmargin: auto;\n\t\t\t}\n\t\t\t#gallery-5 .gallery-item {\n\t\t\t\tfloat: left;\n\t\t\t\tmargin-top: 10px;\n\t\t\t\ttext-align: center;\n\t\t\t\twidth: 50%;\n\t\t\t}\n\t\t\t#gallery-5 img {\n\t\t\t\tborder: 2px solid #cfcfcf;\n\t\t\t}\n\t\t\t#gallery-5 .gallery-caption {\n\t\t\t\tmargin-left: 0;\n\t\t\t}\n\t\t\t\/* see gallery_shortcode() in wp-includes\/media.php *\/\n\t\t<\/style>\n\t\t<div id='gallery-5' class='gallery galleryid-8005 gallery-columns-2 gallery-size-large'><dl class='gallery-item'>\n\t\t\t<dt class='gallery-icon portrait'>\n\t\t\t\t<a href='https:\/\/cestysemtam.cz\/wp-content\/uploads\/2025\/10\/09_Lisbon_Mosteiro_dos_Jeronimos.jpg'><img loading=\"lazy\" decoding=\"async\" width=\"809\" height=\"1024\" src=\"https:\/\/cestysemtam.cz\/wp-content\/uploads\/2025\/10\/09_Lisbon_Mosteiro_dos_Jeronimos-809x1024.jpg\" class=\"attachment-large size-large\" alt=\"\" aria-describedby=\"gallery-5-8016\" srcset=\"https:\/\/cestysemtam.cz\/wp-content\/uploads\/2025\/10\/09_Lisbon_Mosteiro_dos_Jeronimos-809x1024.jpg 809w, https:\/\/cestysemtam.cz\/wp-content\/uploads\/2025\/10\/09_Lisbon_Mosteiro_dos_Jeronimos-480x608.jpg 480w\" sizes=\"(min-width: 0px) and (max-width: 480px) 480px, (min-width: 481px) 809px, 100vw\" \/><\/a>\n\t\t\t<\/dt>\n\t\t\t\t<dd class='wp-caption-text gallery-caption' id='gallery-5-8016'>\n\t\t\t\tMosteiro dos Jer\u00f3nimos\n\t\t\t\t<\/dd><\/dl><dl class='gallery-item'>\n\t\t\t<dt class='gallery-icon portrait'>\n\t\t\t\t<a href='https:\/\/cestysemtam.cz\/wp-content\/uploads\/2025\/10\/10_Lisbon_Mosteiro_dos_Jeronimos_official.jpg'><img loading=\"lazy\" decoding=\"async\" width=\"809\" height=\"1024\" src=\"https:\/\/cestysemtam.cz\/wp-content\/uploads\/2025\/10\/10_Lisbon_Mosteiro_dos_Jeronimos_official-809x1024.jpg\" class=\"attachment-large size-large\" alt=\"\" aria-describedby=\"gallery-5-8017\" srcset=\"https:\/\/cestysemtam.cz\/wp-content\/uploads\/2025\/10\/10_Lisbon_Mosteiro_dos_Jeronimos_official-809x1024.jpg 809w, https:\/\/cestysemtam.cz\/wp-content\/uploads\/2025\/10\/10_Lisbon_Mosteiro_dos_Jeronimos_official-480x608.jpg 480w\" sizes=\"(min-width: 0px) and (max-width: 480px) 480px, (min-width: 481px) 809px, 100vw\" \/><\/a>\n\t\t\t<\/dt>\n\t\t\t\t<dd class='wp-caption-text gallery-caption' id='gallery-5-8017'>\n\t\t\t\tMosteiro dos Jer\u00f3nimos\n\t\t\t\t<\/dd><\/dl><br style=\"clear: both\" \/>\n\t\t<\/div>\n\n<p>Just entering the monastery is an experience in itself. The southern portal of the church is a showcase of stonemasonry mastery \u2013 among the maritime motifs and symbols of faith, you will also find statues of saints, the Archangel Michael, and the Madonna of Bel\u00e9m. On the western side, there are portraits of the royal couple themselves: Manuel I and his wife, Maria of Aragon.<\/p>\n<p>Inside, you will be captivated by the serene beauty of the nave and the unique monastery gardens. And don\u2019t miss the old monastery refectory and the former library.<\/p>\n<p>Address: Pra\u00e7a do Imp\u00e9rio, Lisboa<\/p>\n<p>&nbsp;<\/p>\n<h4>Museu de Marinha<\/h4>\n<p>If you are fascinated by ships, the sea, and the stories of brave explorers, a visit to the <a href=\"https:\/\/cultura.marinha.pt\/en\" target=\"_blank\" rel=\"noopener\">Museu de Marinha<\/a> (Maritime Museum) in the Jer\u00f3nimos Monastery is almost a must.<\/p>\n<p>The museum was created on the initiative of King Lu\u00eds I, a former naval officer and lover of culture. His vision gave rise to a unique collection of ship models, navigational instruments, maps, weapons, and photographs that tell the fascinating story of maritime Portugal \u2013 from its military and merchant fleets to recreational sailing and fishing.<\/p>\n<p>A turning point was the donation from collector Henrique Maufroy de Seixas, who gifted his private collection to the museum, comprising over 20,000 photographs and dozens of precise ship models.<\/p>\n<p>Today, the Maritime Museum is a place where visitors can see replicas of royal boats, original naval uniforms, or let themselves be swept away by the adventure of discoveries.<\/p>\n<p>Address: Pra\u00e7a do Imp\u00e9rio, Santa Maria de Bel\u00e9m, Lisboa<\/p>\n<p>&nbsp;<\/p>\n<h4>Bairro Alto<\/h4>\n<p>If you want to experience a city that pulses into the night while retaining the charm of old times, head to Bairro Alto \u2013 a district that appears almost unassuming by daylight but transforms into one big stage after dark.<\/p>\n<p>Bairro Alto lies high above the city centre and miraculously survived the 1755 earthquake almost unscathed. As a result, you can still wander here among houses that date back to the 16th century.<\/p>\n<p>Its grid-like streets were once home to merchants and artisans. Today, however, you'll find a diverse mix \u2013 from peeling tenement buildings to elegant residences, from hidden galleries to boutiques of world-renowned designers. Bairro Alto is, after all, a living organism \u2013 a bit bohemian, a bit decadent, but above all, authentic.<\/p>\n<p>If you're a lover of beautiful views, then you definitely shouldn't miss one of Lisbon's most stunning viewpoints \u2013 <strong>Miradouro de S\u00e3o Pedro de Alc\u00e2ntara<\/strong>. Not only will you find a romantic garden here, but also a panoramic view of Lisbon, featuring the Saint George's Castle as its centrepiece.<\/p>\n<p>&nbsp;<\/p>\n<h5>Our tip:<\/h5>\n<p>Lisbon is beautiful, but also quite hilly. Fortunately, there's an elegant solution: the historic funicular<strong> Elevador da Gl\u00f3ria<\/strong>, which will take you from Pra\u00e7a dos Restauradores straight up to Miradouro de S\u00e3o Pedro de Alc\u00e2ntara.<\/p>\n<p>&nbsp;<\/p>\n<h4>Baixa<\/h4>\n<p>Imagine a place destroyed by a devastating earthquake, only to rise from its ruins a few years later as one of the most charming neighbourhoods. Welcome to Baixa \u2013 the most central and famous part of Lisbon.<\/p>\n<p>Here, you won't get lost in a maze of narrow alleyways. Baixa is different. It's a showcase of elegance and order, a monumental business card of the city, brought to life by the Marquis of Pombal after nature wiped out a large part of the city in 1755. Wide boulevards lined with elegant buildings with tiled facades, a dense bustle of shops and caf\u00e9s \u2013 simply a place that is alive and buzzing every day.<\/p>\n<p>Your walk through Baixa can begin on a breathtaking avenue. <strong>Avenida da Liberdade<\/strong> is a boulevard over a kilometre long \u2013 it's a fashion hub, a monument, and a promenade all in one. Let yourself be enchanted by the opulent 19th-century buildings and look down to admire the ingenious black and white mosaic sidewalks.<\/p>\n<p>Square <strong>Pra\u00e7a dos Restauradores<\/strong> is an eternal tribute to the heroes who fought for Portugal's independence from Spain in 1640. It is dominated by a majestic obelisk and also by the iconic \u00c9den hotel building, which breathes the Art Deco era.<\/p>\n\n\t\t<style type=\"text\/css\">\n\t\t\t#gallery-6 {\n\t\t\t\tmargin: auto;\n\t\t\t}\n\t\t\t#gallery-6 .gallery-item {\n\t\t\t\tfloat: left;\n\t\t\t\tmargin-top: 10px;\n\t\t\t\ttext-align: center;\n\t\t\t\twidth: 50%;\n\t\t\t}\n\t\t\t#gallery-6 img {\n\t\t\t\tborder: 2px solid #cfcfcf;\n\t\t\t}\n\t\t\t#gallery-6 .gallery-caption {\n\t\t\t\tmargin-left: 0;\n\t\t\t}\n\t\t\t\/* see gallery_shortcode() in wp-includes\/media.php *\/\n\t\t<\/style>\n\t\t<div id='gallery-6' class='gallery galleryid-8005 gallery-columns-2 gallery-size-large'><dl class='gallery-item'>\n\t\t\t<dt class='gallery-icon landscape'>\n\t\t\t\t<a href='https:\/\/cestysemtam.cz\/wp-content\/uploads\/2025\/10\/11_Lisbon_Praca_do_Comercio_PB.jpg'><img loading=\"lazy\" decoding=\"async\" width=\"1024\" height=\"720\" src=\"https:\/\/cestysemtam.cz\/wp-content\/uploads\/2025\/10\/11_Lisbon_Praca_do_Comercio_PB-1024x720.jpg\" class=\"attachment-large size-large\" alt=\"\" aria-describedby=\"gallery-6-8019\" srcset=\"https:\/\/cestysemtam.cz\/wp-content\/uploads\/2025\/10\/11_Lisbon_Praca_do_Comercio_PB-980x689.jpg 980w, https:\/\/cestysemtam.cz\/wp-content\/uploads\/2025\/10\/11_Lisbon_Praca_do_Comercio_PB-480x338.jpg 480w\" sizes=\"(min-width: 0px) and (max-width: 480px) 480px, (min-width: 481px) and (max-width: 980px) 980px, (min-width: 981px) 1024px, 100vw\" \/><\/a>\n\t\t\t<\/dt>\n\t\t\t\t<dd class='wp-caption-text gallery-caption' id='gallery-6-8019'>\n\t\t\t\tPra\u00e7a do Com\u00e9rcio\n\t\t\t\t<\/dd><\/dl><dl class='gallery-item'>\n\t\t\t<dt class='gallery-icon landscape'>\n\t\t\t\t<a href='https:\/\/cestysemtam.cz\/wp-content\/uploads\/2025\/10\/12_Lisbon_Praca_do_Comercio_PB.jpg'><img loading=\"lazy\" decoding=\"async\" width=\"1024\" height=\"720\" src=\"https:\/\/cestysemtam.cz\/wp-content\/uploads\/2025\/10\/12_Lisbon_Praca_do_Comercio_PB-1024x720.jpg\" class=\"attachment-large size-large\" alt=\"\" aria-describedby=\"gallery-6-8020\" srcset=\"https:\/\/cestysemtam.cz\/wp-content\/uploads\/2025\/10\/12_Lisbon_Praca_do_Comercio_PB-980x689.jpg 980w, https:\/\/cestysemtam.cz\/wp-content\/uploads\/2025\/10\/12_Lisbon_Praca_do_Comercio_PB-480x338.jpg 480w\" sizes=\"(min-width: 0px) and (max-width: 480px) 480px, (min-width: 481px) and (max-width: 980px) 980px, (min-width: 981px) 1024px, 100vw\" \/><\/a>\n\t\t\t<\/dt>\n\t\t\t\t<dd class='wp-caption-text gallery-caption' id='gallery-6-8020'>\n\t\t\t\tPra\u00e7a do Com\u00e9rcio\n\t\t\t\t<\/dd><\/dl><br style=\"clear: both\" \/>\n\t\t<\/div>\n\n<p>The elegant pedestrian zone of<strong> Rua Augusta<\/strong>, lined with boutiques and caf\u00e9s, leads you like a royal procession to\u00a0<strong>Pra\u00e7a do Com\u00e9rcio<\/strong>\u00a0\u2013 without exaggeration, the most splendid and majestic square in Lisbon. Surrounded by yellow arcaded buildings and opening onto the wide riverfront, it breathes history upon you. It was here that the royal palace stood before the earthquake erased it from the map forever.<\/p>\n<p>And then there is it \u2013\u00a0<strong>the Santa Justa Lift<\/strong>. This neo-Gothic iron beauty from 1902 is both a means of transport and a magical tourist attraction. Originally built to connect Baixa with the higher district of Chiado, it now serves primarily as an observation deck. It lifts you to the heights, offering a panoramic view of the entire district.<\/p>\n<p>Address: Rua de Santa Justa, Lisboa<\/p>\n<p>&nbsp;<\/p>\n<h5>What to wear?<\/h5>\n<p><strong>Comfortable shoes:<\/strong> Lisbon is a city of hills and cobblestone streets, so sneakers or sandals with sturdy soles are essential.<\/p>\n<p><strong>Layering:<\/strong> It's hot in the summer, but it can get windy in the evenings. Pack a light sweater, windbreaker, or scarf.<\/p>\n<p>&nbsp;<\/p>\n<h5>Our warning:<\/h5>\n<p>Tram 28? Be careful! Yes, the famous <strong>yellow tram<\/strong> is an icon of Lisbon \u2013 it winds through ancient neighbourhoods and offers stunning views. But don't be fooled... The reality is often different.<\/p>\n<p>The tram is usually packed to the brim and is a favourite haunt for pickpockets who prey on distracted tourists. If you want to truly enjoy the route, we recommend walking it instead \u2013 you'll see more, you can stop wherever you like, and you won't be packed in like sardines.<\/p>\n<p>And if you still don't want to miss the ride? Go as early in the morning as possible.<\/p>\n<p>&nbsp;<\/p>\n<h5>Our bonus tip:<\/h5>\n<p>Buy the\u00a0<strong><a href=\"https:\/\/lisboa-card.com\/\" target=\"_blank\" rel=\"noopener\">Lisboa Card<\/a><\/strong>. It includes unlimited public transport and entry to many museums and landmarks. With good planning, it will more than pay for itself.<\/p>\n<p>&nbsp;<\/p>\n<h5>What to taste?<\/h5>\n<p><strong>Pastel de nata<\/strong> \u2013 a traditional Portuguese custard tart made from puff pastry with a vanilla cream. Best enjoyed at the famous <a href=\"https:\/\/pasteisdebelem.pt\/en\/\" target=\"_blank\" rel=\"noopener\">Past\u00e9is de Bel\u00e9m<\/a>.<\/p>\n<p>Address: Rua de Bel\u00e9m 84 &amp; 92, Lisboa<\/p>\n<p><strong>Sardinhas assadas<\/strong> \u2013 grilled sardines, typical especially in the summer. They taste best at one of the summer festivals or in a traditional tascas (authentic family-run taverns).<\/p>\n<p><strong>Ginjinha<\/strong> \u2013 a cherry liqueur, ideally with a piece of fruit in the glass. We recommend the bar <a href=\"https:\/\/ginjinhaespinheira.com\/en\" target=\"_blank\" rel=\"noopener\">A Ginjinha Espinheira<\/a>.<\/p>\n<p>Address: Largo de Sao Domingos 8, Lisboa<\/p>\n\n\t\t<style type=\"text\/css\">\n\t\t\t#gallery-7 {\n\t\t\t\tmargin: auto;\n\t\t\t}\n\t\t\t#gallery-7 .gallery-item {\n\t\t\t\tfloat: left;\n\t\t\t\tmargin-top: 10px;\n\t\t\t\ttext-align: center;\n\t\t\t\twidth: 50%;\n\t\t\t}\n\t\t\t#gallery-7 img {\n\t\t\t\tborder: 2px solid #cfcfcf;\n\t\t\t}\n\t\t\t#gallery-7 .gallery-caption {\n\t\t\t\tmargin-left: 0;\n\t\t\t}\n\t\t\t\/* see gallery_shortcode() in wp-includes\/media.php *\/\n\t\t<\/style>\n\t\t<div id='gallery-7' class='gallery galleryid-8005 gallery-columns-2 gallery-size-large'><dl class='gallery-item'>\n\t\t\t<dt class='gallery-icon landscape'>\n\t\t\t\t<a href='https:\/\/cestysemtam.cz\/wp-content\/uploads\/2025\/10\/13_Lisbon_Pastel_de_nata_PB.jpg'><img loading=\"lazy\" decoding=\"async\" width=\"1024\" height=\"720\" src=\"https:\/\/cestysemtam.cz\/wp-content\/uploads\/2025\/10\/13_Lisbon_Pastel_de_nata_PB-1024x720.jpg\" class=\"attachment-large size-large\" alt=\"\" aria-describedby=\"gallery-7-8021\" srcset=\"https:\/\/cestysemtam.cz\/wp-content\/uploads\/2025\/10\/13_Lisbon_Pastel_de_nata_PB-980x689.jpg 980w, https:\/\/cestysemtam.cz\/wp-content\/uploads\/2025\/10\/13_Lisbon_Pastel_de_nata_PB-480x338.jpg 480w\" sizes=\"(min-width: 0px) and (max-width: 480px) 480px, (min-width: 481px) and (max-width: 980px) 980px, (min-width: 981px) 1024px, 100vw\" \/><\/a>\n\t\t\t<\/dt>\n\t\t\t\t<dd class='wp-caption-text gallery-caption' id='gallery-7-8021'>\n\t\t\t\tPastel de nata\n\t\t\t\t<\/dd><\/dl><dl class='gallery-item'>\n\t\t\t<dt class='gallery-icon landscape'>\n\t\t\t\t<a href='https:\/\/cestysemtam.cz\/wp-content\/uploads\/2025\/10\/14_Lisbon.jpg'><img loading=\"lazy\" decoding=\"async\" width=\"1024\" height=\"720\" src=\"https:\/\/cestysemtam.cz\/wp-content\/uploads\/2025\/10\/14_Lisbon-1024x720.jpg\" class=\"attachment-large size-large\" alt=\"\" aria-describedby=\"gallery-7-8022\" srcset=\"https:\/\/cestysemtam.cz\/wp-content\/uploads\/2025\/10\/14_Lisbon-980x689.jpg 980w, https:\/\/cestysemtam.cz\/wp-content\/uploads\/2025\/10\/14_Lisbon-480x338.jpg 480w\" sizes=\"(min-width: 0px) and (max-width: 480px) 480px, (min-width: 481px) and (max-width: 980px) 980px, (min-width: 981px) 1024px, 100vw\" \/><\/a>\n\t\t\t<\/dt>\n\t\t\t\t<dd class='wp-caption-text gallery-caption' id='gallery-7-8022'>\n\t\t\t\tView from the hotel\n\t\t\t\t<\/dd><\/dl><br style=\"clear: both\" \/>\n\t\t<\/div>\n\n<p>&nbsp;<\/p>\n<h5>Where did we stay?<\/h5>\n<p>For our stay in Lisbon, we chose a hotel that perfectly combined the comfort of modern design with the city's atmosphere \u2013 <strong><a href=\"https:\/\/www.avanihotels.com\/en\/lisbon\" target=\"_blank\" rel=\"noopener\">AVANI Avenida Liberdade<\/a><\/strong>. It's located right on the iconic Avenida da Liberdade in the Baixa district.<\/p>\n<p>Mornings here begin with the aroma of fresh coffee and a rich breakfast that will energize you for a day full of exploration.<\/p>\n<p>You can end your evenings in style \u2013 on the rooftop terrace with a view of the city. A glass of wine in your hand, a warm breeze in your hair, and the lights of nocturnal Lisbon below you. A magical moment you won't soon forget.<\/p>\n<p>Address: Rua J\u00falio C\u00e9sar Machado 7\/9, Lisboa<\/p>\n<p>&nbsp;<\/p>\n<h5>Where to go for a swim in the sea?<\/h5>\n<p><strong>Praia de Carcavelos<\/strong> \u2013 golden sand, clean sea, and within easy reach by train from Lisbon. This wide beach is the perfect escape from the city bustle. You'll find everything you need for a relaxing day by the sea: sunbeds, bars, showers, toilets, and sports equipment.<\/p>\n<p>The beach is popular, but due to its size, it doesn't tend to be extremely crowded (especially on weekdays).<\/p>\n<p>How to get there? Take the <a href=\"https:\/\/www.cp.pt\/en\" target=\"_blank\" rel=\"noopener\">Linha de Cascais<\/a> commuter train from the Cais do Sodr\u00e9 station in central Lisbon. Get off at the Carcavelos stop (about a 30-minute ride). It's about a 10-minute walk from the station to the beach.<\/p>","protected":false},"excerpt":{"rendered":"<p>Zastavte se na chv\u00edli. Zav\u0159ete o\u010di a p\u0159edstavte si m\u011bsto, kde slunce maluje domy do odst\u00edn\u016f okru a terakoty, kde se z \u00fazk\u00fdch uli\u010dek line melancholick\u00fd zp\u011bv fada a pod nohama proud\u00ed podivuhodn\u00e9 mozaikov\u00e9 chodn\u00edky. V\u00edtejte v Lisabonu \u2013 hlavn\u00edm m\u011bst\u011b Portugalska, kter\u00e9 v\u00e1s okouzl\u00ed svou om\u0161elou eleganc\u00ed a neuv\u011b\u0159itelnou energi\u00ed. Lisabon ov\u0161em nen\u00ed m\u011bsto, [&hellip;]<\/p>\n","protected":false},"author":3,"featured_media":8007,"comment_status":"closed","ping_status":"closed","sticky":false,"template":"","format":"standard","meta":{"_et_pb_use_builder":"","_et_pb_old_content":"","_et_gb_content_width":"","footnotes":""},"categories":[135],"tags":[20,9,31,56,63,51,157],"class_list":["post-8005","post","type-post","status-publish","format-standard","has-post-thumbnail","hentry","category-portugalsko","tag-hrady","tag-klastery","tag-muzea","tag-pamatniky","tag-plaze","tag-veze","tag-vyhlidky"],"yoast_head":"<!-- This site is optimized with the Yoast SEO plugin v27.1.1 - https:\/\/yoast.com\/product\/yoast-seo-wordpress\/ -->\n<title>Lisabon: m\u011bsto, kter\u00e9 v\u00e1s nau\u010d\u00ed zpomalit - Cesty Sem Tam<\/title>\n<meta name=\"robots\" content=\"index, follow, max-snippet:-1, max-image-preview:large, max-video-preview:-1\" \/>\n<link rel=\"canonical\" href=\"https:\/\/cestysemtam.cz\/en\/portugalsko\/lisabon-mesto-ktere-vas-nauci-zpomalit\/\" \/>\n<meta property=\"og:locale\" content=\"en_GB\" \/>\n<meta property=\"og:type\" content=\"article\" \/>\n<meta property=\"og:title\" content=\"Lisabon: m\u011bsto, kter\u00e9 v\u00e1s nau\u010d\u00ed zpomalit - Cesty Sem Tam\" \/>\n<meta property=\"og:description\" content=\"Zastavte se na chv\u00edli. Zav\u0159ete o\u010di a p\u0159edstavte si m\u011bsto, kde slunce maluje domy do odst\u00edn\u016f okru a terakoty, kde se z \u00fazk\u00fdch uli\u010dek line melancholick\u00fd zp\u011bv fada a pod nohama proud\u00ed podivuhodn\u00e9 mozaikov\u00e9 chodn\u00edky. V\u00edtejte v Lisabonu \u2013 hlavn\u00edm m\u011bst\u011b Portugalska, kter\u00e9 v\u00e1s okouzl\u00ed svou om\u0161elou eleganc\u00ed a neuv\u011b\u0159itelnou energi\u00ed. Lisabon ov\u0161em nen\u00ed m\u011bsto, [&hellip;]\" \/>\n<meta property=\"og:url\" content=\"https:\/\/cestysemtam.cz\/en\/portugalsko\/lisabon-mesto-ktere-vas-nauci-zpomalit\/\" \/>\n<meta property=\"og:site_name\" content=\"Cesty Sem Tam\" \/>\n<meta property=\"article:publisher\" content=\"https:\/\/www.facebook.com\/profile.php?id=61572455318171\" \/>\n<meta property=\"article:published_time\" content=\"2025-10-01T09:05:32+00:00\" \/>\n<meta property=\"og:image\" content=\"https:\/\/cestysemtam.cz\/wp-content\/uploads\/2025\/10\/00_Lisbon_EN.jpg\" \/>\n\t<meta property=\"og:image:width\" content=\"1300\" \/>\n\t<meta property=\"og:image:height\" content=\"867\" \/>\n\t<meta property=\"og:image:type\" content=\"image\/jpeg\" \/>\n<meta name=\"author\" content=\"kata\" \/>\n<meta name=\"twitter:card\" content=\"summary_large_image\" \/>\n<meta name=\"twitter:creator\" content=\"@Cestysemtam\" \/>\n<meta name=\"twitter:site\" content=\"@Cestysemtam\" \/>\n<meta name=\"twitter:label1\" content=\"Written by\" \/>\n\t<meta name=\"twitter:data1\" content=\"kata\" \/>\n\t<meta name=\"twitter:label2\" content=\"Estimated reading time\" \/>\n\t<meta name=\"twitter:data2\" content=\"14 minutes\" \/>\n<script type=\"application\/ld+json\" class=\"yoast-schema-graph\">{\"@context\":\"https:\/\/schema.org\",\"@graph\":[{\"@type\":\"Article\",\"@id\":\"https:\/\/cestysemtam.cz\/portugalsko\/lisabon-mesto-ktere-vas-nauci-zpomalit\/#article\",\"isPartOf\":{\"@id\":\"https:\/\/cestysemtam.cz\/portugalsko\/lisabon-mesto-ktere-vas-nauci-zpomalit\/\"},\"author\":{\"name\":\"kata\",\"@id\":\"https:\/\/cestysemtam.cz\/#\/schema\/person\/2fcc6bbe4d0fc0052a39d9e68b43ea56\"},\"headline\":\"Lisabon: m\u011bsto, kter\u00e9 v\u00e1s nau\u010d\u00ed zpomalit\",\"datePublished\":\"2025-10-01T09:05:32+00:00\",\"mainEntityOfPage\":{\"@id\":\"https:\/\/cestysemtam.cz\/portugalsko\/lisabon-mesto-ktere-vas-nauci-zpomalit\/\"},\"wordCount\":2723,\"publisher\":{\"@id\":\"https:\/\/cestysemtam.cz\/#organization\"},\"image\":{\"@id\":\"https:\/\/cestysemtam.cz\/portugalsko\/lisabon-mesto-ktere-vas-nauci-zpomalit\/#primaryimage\"},\"thumbnailUrl\":\"https:\/\/cestysemtam.cz\/wp-content\/uploads\/2025\/10\/00_Lisbon_EN.jpg\",\"keywords\":[\"Hrady\",\"Kl\u00e1\u0161tery\",\"Muzea\",\"Pam\u00e1tn\u00edky\",\"Pl\u00e1\u017ee\",\"V\u011b\u017ee\",\"Vyhl\u00eddky\"],\"articleSection\":[\"Portugalsko\"],\"inLanguage\":\"en-GB\"},{\"@type\":\"WebPage\",\"@id\":\"https:\/\/cestysemtam.cz\/portugalsko\/lisabon-mesto-ktere-vas-nauci-zpomalit\/\",\"url\":\"https:\/\/cestysemtam.cz\/portugalsko\/lisabon-mesto-ktere-vas-nauci-zpomalit\/\",\"name\":\"Lisabon: m\u011bsto, kter\u00e9 v\u00e1s nau\u010d\u00ed zpomalit - Cesty Sem Tam\",\"isPartOf\":{\"@id\":\"https:\/\/cestysemtam.cz\/#website\"},\"primaryImageOfPage\":{\"@id\":\"https:\/\/cestysemtam.cz\/portugalsko\/lisabon-mesto-ktere-vas-nauci-zpomalit\/#primaryimage\"},\"image\":{\"@id\":\"https:\/\/cestysemtam.cz\/portugalsko\/lisabon-mesto-ktere-vas-nauci-zpomalit\/#primaryimage\"},\"thumbnailUrl\":\"https:\/\/cestysemtam.cz\/wp-content\/uploads\/2025\/10\/00_Lisbon_EN.jpg\",\"datePublished\":\"2025-10-01T09:05:32+00:00\",\"breadcrumb\":{\"@id\":\"https:\/\/cestysemtam.cz\/portugalsko\/lisabon-mesto-ktere-vas-nauci-zpomalit\/#breadcrumb\"},\"inLanguage\":\"en-GB\",\"potentialAction\":[{\"@type\":\"ReadAction\",\"target\":[\"https:\/\/cestysemtam.cz\/portugalsko\/lisabon-mesto-ktere-vas-nauci-zpomalit\/\"]}]},{\"@type\":\"ImageObject\",\"inLanguage\":\"en-GB\",\"@id\":\"https:\/\/cestysemtam.cz\/portugalsko\/lisabon-mesto-ktere-vas-nauci-zpomalit\/#primaryimage\",\"url\":\"https:\/\/cestysemtam.cz\/wp-content\/uploads\/2025\/10\/00_Lisbon_EN.jpg\",\"contentUrl\":\"https:\/\/cestysemtam.cz\/wp-content\/uploads\/2025\/10\/00_Lisbon_EN.jpg\",\"width\":1300,\"height\":867},{\"@type\":\"BreadcrumbList\",\"@id\":\"https:\/\/cestysemtam.cz\/portugalsko\/lisabon-mesto-ktere-vas-nauci-zpomalit\/#breadcrumb\",\"itemListElement\":[{\"@type\":\"ListItem\",\"position\":1,\"name\":\"Dom\u016f\",\"item\":\"https:\/\/cestysemtam.cz\/\"},{\"@type\":\"ListItem\",\"position\":2,\"name\":\"Lisabon: m\u011bsto, kter\u00e9 v\u00e1s nau\u010d\u00ed zpomalit\"}]},{\"@type\":\"WebSite\",\"@id\":\"https:\/\/cestysemtam.cz\/#website\",\"url\":\"https:\/\/cestysemtam.cz\/\",\"name\":\"Cesty Sem Tam\",\"description\":\"Cestovatelsk\u00fd blog\",\"publisher\":{\"@id\":\"https:\/\/cestysemtam.cz\/#organization\"},\"potentialAction\":[{\"@type\":\"SearchAction\",\"target\":{\"@type\":\"EntryPoint\",\"urlTemplate\":\"https:\/\/cestysemtam.cz\/?s={search_term_string}\"},\"query-input\":{\"@type\":\"PropertyValueSpecification\",\"valueRequired\":true,\"valueName\":\"search_term_string\"}}],\"inLanguage\":\"en-GB\"},{\"@type\":\"Organization\",\"@id\":\"https:\/\/cestysemtam.cz\/#organization\",\"name\":\"Cesty Sem Tam\",\"url\":\"https:\/\/cestysemtam.cz\/\",\"logo\":{\"@type\":\"ImageObject\",\"inLanguage\":\"en-GB\",\"@id\":\"https:\/\/cestysemtam.cz\/#\/schema\/logo\/image\/\",\"url\":\"https:\/\/cestysemtam.cz\/wp-content\/uploads\/2023\/12\/logo-Cesty-Sem-Tam-1000px.png\",\"contentUrl\":\"https:\/\/cestysemtam.cz\/wp-content\/uploads\/2023\/12\/logo-Cesty-Sem-Tam-1000px.png\",\"width\":1000,\"height\":249,\"caption\":\"Cesty Sem Tam\"},\"image\":{\"@id\":\"https:\/\/cestysemtam.cz\/#\/schema\/logo\/image\/\"},\"sameAs\":[\"https:\/\/www.facebook.com\/profile.php?id=61572455318171\",\"https:\/\/x.com\/Cestysemtam\",\"https:\/\/www.instagram.com\/cestysemtam\/\",\"https:\/\/cz.pinterest.com\/katka1430\/_created\/\"]},{\"@type\":\"Person\",\"@id\":\"https:\/\/cestysemtam.cz\/#\/schema\/person\/2fcc6bbe4d0fc0052a39d9e68b43ea56\",\"name\":\"kata\",\"url\":\"https:\/\/cestysemtam.cz\/en\/author\/kata\/\"}]}<\/script>\n<!-- \/ Yoast SEO plugin. -->","yoast_head_json":{"title":"Lisabon: m\u011bsto, kter\u00e9 v\u00e1s nau\u010d\u00ed zpomalit - Cesty Sem Tam","robots":{"index":"index","follow":"follow","max-snippet":"max-snippet:-1","max-image-preview":"max-image-preview:large","max-video-preview":"max-video-preview:-1"},"canonical":"https:\/\/cestysemtam.cz\/en\/portugalsko\/lisabon-mesto-ktere-vas-nauci-zpomalit\/","og_locale":"en_GB","og_type":"article","og_title":"Lisabon: m\u011bsto, kter\u00e9 v\u00e1s nau\u010d\u00ed zpomalit - Cesty Sem Tam","og_description":"Zastavte se na chv\u00edli. Zav\u0159ete o\u010di a p\u0159edstavte si m\u011bsto, kde slunce maluje domy do odst\u00edn\u016f okru a terakoty, kde se z \u00fazk\u00fdch uli\u010dek line melancholick\u00fd zp\u011bv fada a pod nohama proud\u00ed podivuhodn\u00e9 mozaikov\u00e9 chodn\u00edky. V\u00edtejte v Lisabonu \u2013 hlavn\u00edm m\u011bst\u011b Portugalska, kter\u00e9 v\u00e1s okouzl\u00ed svou om\u0161elou eleganc\u00ed a neuv\u011b\u0159itelnou energi\u00ed. Lisabon ov\u0161em nen\u00ed m\u011bsto, [&hellip;]","og_url":"https:\/\/cestysemtam.cz\/en\/portugalsko\/lisabon-mesto-ktere-vas-nauci-zpomalit\/","og_site_name":"Cesty Sem Tam","article_publisher":"https:\/\/www.facebook.com\/profile.php?id=61572455318171","article_published_time":"2025-10-01T09:05:32+00:00","og_image":[{"width":1300,"height":867,"url":"https:\/\/cestysemtam.cz\/wp-content\/uploads\/2025\/10\/00_Lisbon_EN.jpg","type":"image\/jpeg"}],"author":"kata","twitter_card":"summary_large_image","twitter_creator":"@Cestysemtam","twitter_site":"@Cestysemtam","twitter_misc":{"Written by":"kata","Estimated reading time":"14 minutes"},"schema":{"@context":"https:\/\/schema.org","@graph":[{"@type":"Article","@id":"https:\/\/cestysemtam.cz\/portugalsko\/lisabon-mesto-ktere-vas-nauci-zpomalit\/#article","isPartOf":{"@id":"https:\/\/cestysemtam.cz\/portugalsko\/lisabon-mesto-ktere-vas-nauci-zpomalit\/"},"author":{"name":"kata","@id":"https:\/\/cestysemtam.cz\/#\/schema\/person\/2fcc6bbe4d0fc0052a39d9e68b43ea56"},"headline":"Lisabon: m\u011bsto, kter\u00e9 v\u00e1s nau\u010d\u00ed zpomalit","datePublished":"2025-10-01T09:05:32+00:00","mainEntityOfPage":{"@id":"https:\/\/cestysemtam.cz\/portugalsko\/lisabon-mesto-ktere-vas-nauci-zpomalit\/"},"wordCount":2723,"publisher":{"@id":"https:\/\/cestysemtam.cz\/#organization"},"image":{"@id":"https:\/\/cestysemtam.cz\/portugalsko\/lisabon-mesto-ktere-vas-nauci-zpomalit\/#primaryimage"},"thumbnailUrl":"https:\/\/cestysemtam.cz\/wp-content\/uploads\/2025\/10\/00_Lisbon_EN.jpg","keywords":["Hrady","Kl\u00e1\u0161tery","Muzea","Pam\u00e1tn\u00edky","Pl\u00e1\u017ee","V\u011b\u017ee","Vyhl\u00eddky"],"articleSection":["Portugalsko"],"inLanguage":"en-GB"},{"@type":"WebPage","@id":"https:\/\/cestysemtam.cz\/portugalsko\/lisabon-mesto-ktere-vas-nauci-zpomalit\/","url":"https:\/\/cestysemtam.cz\/portugalsko\/lisabon-mesto-ktere-vas-nauci-zpomalit\/","name":"Lisabon: m\u011bsto, kter\u00e9 v\u00e1s nau\u010d\u00ed zpomalit - Cesty Sem Tam","isPartOf":{"@id":"https:\/\/cestysemtam.cz\/#website"},"primaryImageOfPage":{"@id":"https:\/\/cestysemtam.cz\/portugalsko\/lisabon-mesto-ktere-vas-nauci-zpomalit\/#primaryimage"},"image":{"@id":"https:\/\/cestysemtam.cz\/portugalsko\/lisabon-mesto-ktere-vas-nauci-zpomalit\/#primaryimage"},"thumbnailUrl":"https:\/\/cestysemtam.cz\/wp-content\/uploads\/2025\/10\/00_Lisbon_EN.jpg","datePublished":"2025-10-01T09:05:32+00:00","breadcrumb":{"@id":"https:\/\/cestysemtam.cz\/portugalsko\/lisabon-mesto-ktere-vas-nauci-zpomalit\/#breadcrumb"},"inLanguage":"en-GB","potentialAction":[{"@type":"ReadAction","target":["https:\/\/cestysemtam.cz\/portugalsko\/lisabon-mesto-ktere-vas-nauci-zpomalit\/"]}]},{"@type":"ImageObject","inLanguage":"en-GB","@id":"https:\/\/cestysemtam.cz\/portugalsko\/lisabon-mesto-ktere-vas-nauci-zpomalit\/#primaryimage","url":"https:\/\/cestysemtam.cz\/wp-content\/uploads\/2025\/10\/00_Lisbon_EN.jpg","contentUrl":"https:\/\/cestysemtam.cz\/wp-content\/uploads\/2025\/10\/00_Lisbon_EN.jpg","width":1300,"height":867},{"@type":"BreadcrumbList","@id":"https:\/\/cestysemtam.cz\/portugalsko\/lisabon-mesto-ktere-vas-nauci-zpomalit\/#breadcrumb","itemListElement":[{"@type":"ListItem","position":1,"name":"Dom\u016f","item":"https:\/\/cestysemtam.cz\/"},{"@type":"ListItem","position":2,"name":"Lisabon: m\u011bsto, kter\u00e9 v\u00e1s nau\u010d\u00ed zpomalit"}]},{"@type":"WebSite","@id":"https:\/\/cestysemtam.cz\/#website","url":"https:\/\/cestysemtam.cz\/","name":"Cesty Sem Tam","description":"Cestovatelsk\u00fd blog","publisher":{"@id":"https:\/\/cestysemtam.cz\/#organization"},"potentialAction":[{"@type":"SearchAction","target":{"@type":"EntryPoint","urlTemplate":"https:\/\/cestysemtam.cz\/?s={search_term_string}"},"query-input":{"@type":"PropertyValueSpecification","valueRequired":true,"valueName":"search_term_string"}}],"inLanguage":"en-GB"},{"@type":"Organization","@id":"https:\/\/cestysemtam.cz\/#organization","name":"Cesty Sem Tam","url":"https:\/\/cestysemtam.cz\/","logo":{"@type":"ImageObject","inLanguage":"en-GB","@id":"https:\/\/cestysemtam.cz\/#\/schema\/logo\/image\/","url":"https:\/\/cestysemtam.cz\/wp-content\/uploads\/2023\/12\/logo-Cesty-Sem-Tam-1000px.png","contentUrl":"https:\/\/cestysemtam.cz\/wp-content\/uploads\/2023\/12\/logo-Cesty-Sem-Tam-1000px.png","width":1000,"height":249,"caption":"Cesty Sem Tam"},"image":{"@id":"https:\/\/cestysemtam.cz\/#\/schema\/logo\/image\/"},"sameAs":["https:\/\/www.facebook.com\/profile.php?id=61572455318171","https:\/\/x.com\/Cestysemtam","https:\/\/www.instagram.com\/cestysemtam\/","https:\/\/cz.pinterest.com\/katka1430\/_created\/"]},{"@type":"Person","@id":"https:\/\/cestysemtam.cz\/#\/schema\/person\/2fcc6bbe4d0fc0052a39d9e68b43ea56","name":"kata","url":"https:\/\/cestysemtam.cz\/en\/author\/kata\/"}]}},"_links":{"self":[{"href":"https:\/\/cestysemtam.cz\/en\/wp-json\/wp\/v2\/posts\/8005","targetHints":{"allow":["GET"]}}],"collection":[{"href":"https:\/\/cestysemtam.cz\/en\/wp-json\/wp\/v2\/posts"}],"about":[{"href":"https:\/\/cestysemtam.cz\/en\/wp-json\/wp\/v2\/types\/post"}],"author":[{"embeddable":true,"href":"https:\/\/cestysemtam.cz\/en\/wp-json\/wp\/v2\/users\/3"}],"replies":[{"embeddable":true,"href":"https:\/\/cestysemtam.cz\/en\/wp-json\/wp\/v2\/comments?post=8005"}],"version-history":[{"count":3,"href":"https:\/\/cestysemtam.cz\/en\/wp-json\/wp\/v2\/posts\/8005\/revisions"}],"predecessor-version":[{"id":8023,"href":"https:\/\/cestysemtam.cz\/en\/wp-json\/wp\/v2\/posts\/8005\/revisions\/8023"}],"wp:featuredmedia":[{"embeddable":true,"href":"https:\/\/cestysemtam.cz\/en\/wp-json\/wp\/v2\/media\/8007"}],"wp:attachment":[{"href":"https:\/\/cestysemtam.cz\/en\/wp-json\/wp\/v2\/media?parent=8005"}],"wp:term":[{"taxonomy":"category","embeddable":true,"href":"https:\/\/cestysemtam.cz\/en\/wp-json\/wp\/v2\/categories?post=8005"},{"taxonomy":"post_tag","embeddable":true,"href":"https:\/\/cestysemtam.cz\/en\/wp-json\/wp\/v2\/tags?post=8005"}],"curies":[{"name":"wp","href":"https:\/\/api.w.org\/{rel}","templated":true}]}}